{"id":145803,"date":"2022-05-24T12:00:25","date_gmt":"2022-05-24T10:00:25","guid":{"rendered":"https:\/\/www.foment.com\/delegada-govern-eugenia-gay-destac-tasca-govern-espanya-crear-200000-places-fp-quatre-anys\/"},"modified":"2022-05-25T13:24:36","modified_gmt":"2022-05-25T11:24:36","slug":"delegada-gobierno-eugenia-gay-destaca-trabajo-gobierno-espana-crear-200000-plazas-fp-cuatro-anos","status":"publish","type":"post","link":"https:\/\/www.foment.com\/es\/delegada-gobierno-eugenia-gay-destaca-trabajo-gobierno-espana-crear-200000-plazas-fp-cuatro-anos\/","title":{"rendered":"La delegada del Gobierno M. Eug\u00e8nia Gay destaca el trabajo del Gobierno de Espa\u00f1a para crear 200.000 plazas de FP en cuatro a\u00f1os"},"content":{"rendered":"<section class=\"wpb-content-wrapper\"><p>[vc_row][vc_column][vc_column_text]<\/p>\n<ul>\n<li><strong>S\u00e1nchez Llibre ha pedido que \u00abel gobierno de la Generalitat y el gobierno del Estado hagan un sacrificio importante para modernizar el pa\u00eds y revertir las carencias en infraestructuras. Seguiremos reclamando estas inversiones porque no poderm esperar m\u00e1s\u00bb, ha a\u00f1adido.<\/strong><\/li>\n<\/ul>\n<p>La delegada del Gobierno en Catalu\u00f1a, M\u00aa Eug\u00e8nia Gay, ha participado este martes en el coloquio-almorzar de Foment del Treball y PwC, moderado por el socio director de PwC en Catalu\u00f1a, Ignacio Marull, donde Gay ha destacado la tarea del Gobierno de Espa\u00f1a impulsando una inversi\u00f3n en materia de Formaci\u00f3n Profesional en Catalu\u00f1a de m\u00e1s de 190 millones de euros que, entre otras cosas, aumentar\u00e1n el n\u00famero de plazas de FP hasta superar el objetivo de las 200.000 plazas en cuatro a\u00f1os.<\/p>\n<p>Durante el turno de preguntas, la delegada ha puesto en valor el esfuerzo que el Gobierno de Espa\u00f1a ha puesto al revertir la falta de inversi\u00f3n que ven\u00eda sufriendo Catalu\u00f1a antes de la llegada del Ejecutivo de Pedro S\u00e1nchez. Ha hecho un repaso a las principales ejecuciones de inversiones en infraestructuras que est\u00e1 llevando a cabo el Gobierno. Tambi\u00e9n ha subrayado la necesidad de acuerdo entre las diversas administraciones para salir adelante algunos proyectos y desencallar otros, como la ampliaci\u00f3n del Aeropuerto Josep Tarradellas Barcelona &#8211; El Prat.<\/p>\n<p>En este sentido, el presidente de Foment del Treball, Josep S\u00e1nchez Llibre, que ha clausurado el acto, ha extendido la mano a la delegada para trabajar conjuntamente para conseguir que este proyecto salga adelante probando de \u201cconvencer\u201d el resto de administraciones que la ampliaci\u00f3n del aeropuerto es una oportunidad: \u00abel gobierno de la Generalitat y el gobierno del Estado tienen que hacer un sacrificio importante para modernizar el pa\u00eds y revertir las carencias en infraestructuras. Seguiremos reclamando estas inversiones porque no podemos esperar m\u00e1s\u00bb.[\/vc_column_text]<div class=\"flexslider wpb_content_element\"><ul class=\"slides\"><li><img src=\"https:\/\/www.foment.com\/wp-content\/uploads\/2022\/05\/IMG_8672.jpg\" alt=\"\" \/><\/li><li><img src=\"https:\/\/www.foment.com\/wp-content\/uploads\/2022\/05\/IMG_8688.jpg\" alt=\"\" \/><\/li><li><img src=\"https:\/\/www.foment.com\/wp-content\/uploads\/2022\/05\/IMG_8715.jpg\" alt=\"\" \/><\/li><li><img src=\"https:\/\/www.foment.com\/wp-content\/uploads\/2022\/05\/IMG_8725.jpg\" alt=\"\" \/><\/li><li><img src=\"https:\/\/www.foment.com\/wp-content\/uploads\/2022\/05\/IMG_8728.jpg\" alt=\"\" \/><\/li><li><img src=\"https:\/\/www.foment.com\/wp-content\/uploads\/2022\/05\/IMG_8733.jpg\" alt=\"\" \/><\/li><li><img src=\"https:\/\/www.foment.com\/wp-content\/uploads\/2022\/05\/IMG_8762.jpg\" alt=\"\" \/><\/li><li><img src=\"https:\/\/www.foment.com\/wp-content\/uploads\/2022\/05\/IMG_8747.jpg\" alt=\"\" \/><\/li><li><img src=\"https:\/\/www.foment.com\/wp-content\/uploads\/2022\/05\/IMG_8782.jpg\" alt=\"\" \/><\/li><li><img src=\"https:\/\/www.foment.com\/wp-content\/uploads\/2022\/05\/IMG_8806.jpg\" alt=\"\" \/><\/li><li><img src=\"https:\/\/www.foment.com\/wp-content\/uploads\/2022\/05\/IMG_8802.jpg\" alt=\"\" \/><\/li><li><img src=\"https:\/\/www.foment.com\/wp-content\/uploads\/2022\/05\/IMG_8816.jpg\" alt=\"\" \/><\/li><li><img src=\"https:\/\/www.foment.com\/wp-content\/uploads\/2022\/05\/IMG_8830.jpg\" alt=\"\" \/><\/li><li><img src=\"https:\/\/www.foment.com\/wp-content\/uploads\/2022\/05\/IMG_8835.jpg\" alt=\"\" \/><\/li><\/ul><\/div><div class=\"video-embed  wpb_content_element\"><iframe title=\"Esmorzars executius Foment \u2013 PwC. M  Eug\u00e8nia Gay Rosell, Delegada del govern d&#039;Espanya a Catalunya\" width=\"1161\" height=\"653\" src=\"https:\/\/www.youtube.com\/embed\/0J5nURdN7a4?feature=oembed\" frameborder=\"0\" allow=\"accelerometer; autoplay; clipboard-write; encrypted-media; gyroscope; picture-in-picture; web-share\" referrerpolicy=\"strict-origin-when-cross-origin\" allowfullscreen><\/iframe><\/div>[\/vc_column][\/vc_row]<\/p>\n<\/section>","protected":false},"excerpt":{"rendered":"<p>[vc_row][vc_column][vc_column_text] S\u00e1nchez Llibre ha pedido que \u00abel gobierno de la Generalitat y el gobierno del Estado hagan un sacrificio importante para modernizar el pa\u00eds y revertir las carencias en infraestructuras. Seguiremos reclamando estas inversiones porque no poderm esperar m\u00e1s\u00bb, ha a\u00f1adido. La delegada del Gobierno en Catalu\u00f1a, M\u00aa Eug\u00e8nia Gay, ha participado este martes en el coloquio-almorzar de Foment del Treball y PwC, moderado por el socio director de PwC en Catalu\u00f1a, Ignacio Marull, donde Gay ha destacado la tarea del Gobierno de Espa\u00f1a impulsando una inversi\u00f3n en materia de Formaci\u00f3n Profesional en Catalu\u00f1a de m\u00e1s de 190 millones de euros que, entre otras cosas, aumentar\u00e1n el n\u00famero de plazas de FP hasta superar el objetivo de las 200.000 plazas en cuatro a\u00f1os. Durante el turno de preguntas, la delegada ha puesto en valor el esfuerzo que el Gobierno de Espa\u00f1a ha puesto al revertir la falta de inversi\u00f3n que ven\u00eda sufriendo Catalu\u00f1a antes de la llegada del Ejecutivo de Pedro S\u00e1nchez. Ha hecho un repaso a las principales ejecuciones de inversiones en infraestructuras que est\u00e1 llevando a cabo el Gobierno. Tambi\u00e9n ha subrayado la necesidad de acuerdo entre las diversas administraciones para salir adelante algunos proyectos y desencallar otros, [&hellip;]<\/p>\n","protected":false},"author":10,"featured_media":145767,"comment_status":"closed","ping_status":"closed","sticky":false,"template":"","format":"standard","meta":{"_links_to":"","_links_to_target":""},"categories":[114,68],"tags":[6749,6752,6750,6751],"acf":[],"wps_subtitle":"En un coloquio-desayuno organizado por Foment del Treball y PwC","_links":{"self":[{"href":"https:\/\/www.foment.com\/es\/wp-json\/wp\/v2\/posts\/145803"}],"collection":[{"href":"https:\/\/www.foment.com\/es\/wp-json\/wp\/v2\/posts"}],"about":[{"href":"https:\/\/www.foment.com\/es\/wp-json\/wp\/v2\/types\/post"}],"author":[{"embeddable":true,"href":"https:\/\/www.foment.com\/es\/wp-json\/wp\/v2\/users\/10"}],"replies":[{"embeddable":true,"href":"https:\/\/www.foment.com\/es\/wp-json\/wp\/v2\/comments?post=145803"}],"version-history":[{"count":3,"href":"https:\/\/www.foment.com\/es\/wp-json\/wp\/v2\/posts\/145803\/revisions"}],"predecessor-version":[{"id":145806,"href":"https:\/\/www.foment.com\/es\/wp-json\/wp\/v2\/posts\/145803\/revisions\/145806"}],"wp:featuredmedia":[{"embeddable":true,"href":"https:\/\/www.foment.com\/es\/wp-json\/wp\/v2\/media\/145767"}],"wp:attachment":[{"href":"https:\/\/www.foment.com\/es\/wp-json\/wp\/v2\/media?parent=145803"}],"wp:term":[{"taxonomy":"category","embeddable":true,"href":"https:\/\/www.foment.com\/es\/wp-json\/wp\/v2\/categories?post=145803"},{"taxonomy":"post_tag","embeddable":true,"href":"https:\/\/www.foment.com\/es\/wp-json\/wp\/v2\/tags?post=145803"}],"curies":[{"name":"wp","href":"https:\/\/api.w.org\/{rel}","templated":true}]}}