{"id":146083,"date":"2022-05-27T15:03:25","date_gmt":"2022-05-27T13:03:25","guid":{"rendered":"https:\/\/www.foment.com\/turisme-experiencies-sostenible-posiciona-gran-dinamitzador-social-economic\/"},"modified":"2022-05-27T15:36:30","modified_gmt":"2022-05-27T13:36:30","slug":"turismo-experiencias-sostenible-posiciona-gran-dinamizador-social-economico","status":"publish","type":"post","link":"https:\/\/www.foment.com\/es\/turismo-experiencias-sostenible-posiciona-gran-dinamizador-social-economico\/","title":{"rendered":"El turismo de experiencias sostenible se posiciona como gran dinamizador social y econ\u00f3mico"},"content":{"rendered":"<section class=\"wpb-content-wrapper\"><p>[vc_row][vc_column][vc_column_text]Foment del Treball y el CETT \u2015la Barcelona School of Tourism,Hospitality and Gastronomy adscrita a la UB\u2015 han inaugurado hoy en la sede de la patronal catalana el ciclo de jornadas <strong><em>\u2018Esmorzars de Turisme\u2019<\/em><\/strong>, unos encuentros en los cuales se abordaran temas relacionados con el desarrollo del turismo, la hoteler\u00eda y la gastronom\u00eda.<\/p>\n<p>El presidente de la Comisi\u00f3n de Turismo de Foment, <strong>Guillermo Vallet<\/strong>, ha presentado el acto destacando la apuesta de Foment por <strong>\u201cun turismo que conviva con el ciudadano, que genere un espacio donde se pueda compartir y crecer, que los visitantes se sientan del territorio y respeten las normas, y que pivote entre la cultura, la gastronom\u00eda, el deporte, las ferias y los congresos\u201d<\/strong>.<\/p>\n<p>Con el lema<em> <strong>\u2018Turismo de experiencias y destinaciones sostenibles\u2019<\/strong><\/em>, en este primer desayuno se ha contado con directivos de referencia que han expuesto cinco ejemplos de turismo de experiencias, que van en la l\u00ednea de consolidar una propuesta econ\u00f3mica viable y con un impacto socialmente sostenible.<strong> \u201cGrandes proyectos que son polos de atracci\u00f3n de multitud de visitantes, que apuestan por revertir la riqueza que generan en su entorno, y que facilitan la descentralizaci\u00f3n del turismo a trav\u00e9s de la creaci\u00f3n de experiencias memorables\u201d<\/strong>, ha se\u00f1alado Vallet.<\/p>\n<p>La directora de Marketing &amp; Customer Intelligence de Port Aventura, <strong>Eugenia Basan<\/strong>, ha resaltado que <strong>\u00ablas empresas y los destinos tur\u00edsticos han de ser conscientes de su contribuci\u00f3n econ\u00f3mica y laboral, as\u00ed como de su impacto en la sostenibilidad\u00bb<\/strong>.<\/p>\n<p>En este sentido, la gerente de la Ruta del Vino de la Rioja Oriental, <strong>Esther Rubio<\/strong>, ha apuntado que es indispensable <strong>\u201cla implicaci\u00f3n de la colaboraci\u00f3n del sector p\u00fablico y el privado para la promoci\u00f3n de un turismo sostenible\u201d<\/strong>.<\/p>\n<p>El codirector del Primavera Sound, <strong>Alberto Guijarro<\/strong>, ha defendido la cultura como un eje de la estrategia tur\u00edstica de Barcelona, pero ha remarcado que <strong>\u00aba\u00fan estamos en proceso de asumir que el turismo del fan de la m\u00fasica es turismo cultural\u00bb<\/strong>.<\/p>\n<p>Por su parte, el director de Marketing, Comercial y Comunicaci\u00f3n de Puy Du Fou Espa\u00f1a, <strong>Francisco Javier Castillo<\/strong>, ha destacado como <strong>principales claves de su proyecto que la sostenibilidad social sea un aspecto gen\u00e9tico del mismo, que la naturaleza y el entorno sean parte del atractivo del lugar, y poner lo art\u00edstico en el centro de la compa\u00f1\u00eda<\/strong>: \u00abEn el ocio y el entretenimiento el visitante es el verdadero protagonista, y la meta debe ser llegar al coraz\u00f3n de los espectadores; tanto en la creaci\u00f3n de los espect\u00e1culos como en la experiencia que se ofrece, aquello que sedimenta ese peque\u00f1o mundo interior que vive en cada persona y que se llama cultura, cultura popular\u201d, ha expresado Castillo.<\/p>\n<p>El director de Marketing de la Roca Village, <strong>Daniel Aristondo<\/strong>, ha mostrado con su caso c\u00f3mo un destino de compras apuesta por un turismo de experiencias para sus visitantes, los cu\u00e1les pasan una media de estancia de 2,7 horas en el recinto: <strong>\u00abBarcelona como destino premium y de calidad no debe esperar al visitante, debemos ir a buscarlo en origen con una propuesta de valor relevante, diferenciada y que le emocione\u00bb<\/strong>.<\/p>\n<p>Finalmente, el director de Investigaci\u00f3n del CETT, <strong>Eugeni Os\u00e1car<\/strong>, moderador del debate, ha trasladado como principal conclusi\u00f3n de las diferentes ponencias que <strong>\u201cel turismo inteligente, entendido como responsable, rentable y con capacidad de colaboraci\u00f3n, deber\u00eda ser el gran dinamizador de la actividad tur\u00edstica\u201d<\/strong>.<\/p>\n<p>Con este espacio de reflexi\u00f3n, Foment y el CETT pretenden abordar los numerosos retos del sector como la sostenibilidad, la conciliaci\u00f3n laboral, la captaci\u00f3n y formaci\u00f3n de talento, la convivencia con el entorno, o la digitalizaci\u00f3n; adem\u00e1s de poner el foco en las oportunidades y potencialidades de la actividad tur\u00edstica.[\/vc_column_text]<div class=\"flexslider wpb_content_element\"><ul class=\"slides\"><li><img src=\"https:\/\/www.foment.com\/wp-content\/uploads\/2022\/05\/DSC_0375-scaled.jpg\" alt=\"\" \/><\/li><li><img src=\"https:\/\/www.foment.com\/wp-content\/uploads\/2022\/05\/DSC_0372-scaled.jpg\" alt=\"\" \/><\/li><li><img src=\"https:\/\/www.foment.com\/wp-content\/uploads\/2022\/05\/DSC_0363-scaled.jpg\" alt=\"\" \/><\/li><li><img src=\"https:\/\/www.foment.com\/wp-content\/uploads\/2022\/05\/DSC_0394-scaled.jpg\" alt=\"\" \/><\/li><li><img src=\"https:\/\/www.foment.com\/wp-content\/uploads\/2022\/05\/DSC_0383-scaled.jpg\" alt=\"\" \/><\/li><li><img src=\"https:\/\/www.foment.com\/wp-content\/uploads\/2022\/05\/DSC_0404-scaled.jpg\" alt=\"\" \/><\/li><li><img src=\"https:\/\/www.foment.com\/wp-content\/uploads\/2022\/05\/DSC_0410-scaled.jpg\" alt=\"\" \/><\/li><li><img src=\"https:\/\/www.foment.com\/wp-content\/uploads\/2022\/05\/DSC_0424-scaled.jpg\" alt=\"\" \/><\/li><li><img src=\"https:\/\/www.foment.com\/wp-content\/uploads\/2022\/05\/DSC_0421-scaled.jpg\" alt=\"\" \/><\/li><li><img src=\"https:\/\/www.foment.com\/wp-content\/uploads\/2022\/05\/DSC_0473-scaled.jpg\" alt=\"\" \/><\/li><li><img src=\"https:\/\/www.foment.com\/wp-content\/uploads\/2022\/05\/DSC_0435-scaled.jpg\" alt=\"\" \/><\/li><li><img src=\"https:\/\/www.foment.com\/wp-content\/uploads\/2022\/05\/DSC_0456-scaled.jpg\" alt=\"\" \/><\/li><li><img src=\"https:\/\/www.foment.com\/wp-content\/uploads\/2022\/05\/DSC_0412-scaled.jpg\" alt=\"\" \/><\/li><li><img src=\"https:\/\/www.foment.com\/wp-content\/uploads\/2022\/05\/DSC_0411-scaled.jpg\" alt=\"\" \/><\/li><li><img src=\"https:\/\/www.foment.com\/wp-content\/uploads\/2022\/05\/DSC_0413-scaled.jpg\" alt=\"\" \/><\/li><li><img src=\"https:\/\/www.foment.com\/wp-content\/uploads\/2022\/05\/DSC_0362-scaled.jpg\" alt=\"\" \/><\/li><\/ul><\/div><div class=\"video-embed  wpb_content_element\"><iframe title=\"Els Esmorzars de Turisme - Foment del Treball\" width=\"1161\" height=\"653\" src=\"https:\/\/www.youtube.com\/embed\/anLbN9Q11Eg?feature=oembed\" frameborder=\"0\" allow=\"accelerometer; autoplay; clipboard-write; encrypted-media; gyroscope; picture-in-picture; web-share\" referrerpolicy=\"strict-origin-when-cross-origin\" allowfullscreen><\/iframe><\/div>[\/vc_column][\/vc_row]<\/p>\n<\/section>","protected":false},"excerpt":{"rendered":"<p>[vc_row][vc_column][vc_column_text]Foment del Treball y el CETT \u2015la Barcelona School of Tourism,Hospitality and Gastronomy adscrita a la UB\u2015 han inaugurado hoy en la sede de la patronal catalana el ciclo de jornadas \u2018Esmorzars de Turisme\u2019, unos encuentros en los cuales se abordaran temas relacionados con el desarrollo del turismo, la hoteler\u00eda y la gastronom\u00eda. El presidente de la Comisi\u00f3n de Turismo de Foment, Guillermo Vallet, ha presentado el acto destacando la apuesta de Foment por \u201cun turismo que conviva con el ciudadano, que genere un espacio donde se pueda compartir y crecer, que los visitantes se sientan del territorio y respeten las normas, y que pivote entre la cultura, la gastronom\u00eda, el deporte, las ferias y los congresos\u201d. Con el lema \u2018Turismo de experiencias y destinaciones sostenibles\u2019, en este primer desayuno se ha contado con directivos de referencia que han expuesto cinco ejemplos de turismo de experiencias, que van en la l\u00ednea de consolidar una propuesta econ\u00f3mica viable y con un impacto socialmente sostenible. \u201cGrandes proyectos que son polos de atracci\u00f3n de multitud de visitantes, que apuestan por revertir la riqueza que generan en su entorno, y que facilitan la descentralizaci\u00f3n del turismo a trav\u00e9s de la creaci\u00f3n de experiencias memorables\u201d, [&hellip;]<\/p>\n","protected":false},"author":10,"featured_media":146049,"comment_status":"closed","ping_status":"closed","sticky":false,"template":"","format":"standard","meta":{"_links_to":"","_links_to_target":""},"categories":[114,5714,1665],"tags":[6766,4301,4303,6767,6769],"acf":[],"wps_subtitle":"Foment y el CETT celebran el primer Esmorzars de Turisme con el objetivo de abordar los retos del sector","_links":{"self":[{"href":"https:\/\/www.foment.com\/es\/wp-json\/wp\/v2\/posts\/146083"}],"collection":[{"href":"https:\/\/www.foment.com\/es\/wp-json\/wp\/v2\/posts"}],"about":[{"href":"https:\/\/www.foment.com\/es\/wp-json\/wp\/v2\/types\/post"}],"author":[{"embeddable":true,"href":"https:\/\/www.foment.com\/es\/wp-json\/wp\/v2\/users\/10"}],"replies":[{"embeddable":true,"href":"https:\/\/www.foment.com\/es\/wp-json\/wp\/v2\/comments?post=146083"}],"version-history":[{"count":3,"href":"https:\/\/www.foment.com\/es\/wp-json\/wp\/v2\/posts\/146083\/revisions"}],"predecessor-version":[{"id":146087,"href":"https:\/\/www.foment.com\/es\/wp-json\/wp\/v2\/posts\/146083\/revisions\/146087"}],"wp:featuredmedia":[{"embeddable":true,"href":"https:\/\/www.foment.com\/es\/wp-json\/wp\/v2\/media\/146049"}],"wp:attachment":[{"href":"https:\/\/www.foment.com\/es\/wp-json\/wp\/v2\/media?parent=146083"}],"wp:term":[{"taxonomy":"category","embeddable":true,"href":"https:\/\/www.foment.com\/es\/wp-json\/wp\/v2\/categories?post=146083"},{"taxonomy":"post_tag","embeddable":true,"href":"https:\/\/www.foment.com\/es\/wp-json\/wp\/v2\/tags?post=146083"}],"curies":[{"name":"wp","href":"https:\/\/api.w.org\/{rel}","templated":true}]}}