{"id":146445,"date":"2022-06-02T12:42:02","date_gmt":"2022-06-02T10:42:02","guid":{"rendered":"https:\/\/www.foment.com\/dades-ocupacio-son-positives-pero-es-necesarri-estar-alerta\/"},"modified":"2022-06-02T16:29:12","modified_gmt":"2022-06-02T14:29:12","slug":"datos-empleo-positivos-pero-es-neceario-estar-alerta","status":"publish","type":"post","link":"https:\/\/www.foment.com\/es\/datos-empleo-positivos-pero-es-neceario-estar-alerta\/","title":{"rendered":"Los datos de empleo son positivos pero es necesario estar alerta a las consecuencias del conflicto en Ucrania, del IPC desbocado y de la aplicaci\u00f3n de la Reforma Laboral"},"content":{"rendered":"<p>El n\u00famero de desempleados en Catalu\u00f1a se ha reducido en el mes de mayo en 16.671 personas (-4,57%). En t\u00e9rminos interanuales, el paro registrado ha descendido en 133.790 (-27,77%). El n\u00famero de parados se sit\u00faa en 348.027.<\/p>\n<p>Respecto a la contrataci\u00f3n, se han efectuado m\u00e1s contratos que el mes anterior (36.121 contratos m\u00e1s). Los indefinidos pasan a representar el 47,41% del total de contratos realizados en este mes. La contrataci\u00f3n temporal supone el 52,59% de la contrataci\u00f3n total.<\/p>\n<p>La valoraci\u00f3n de Foment del Treball Nacional es positiva por el crecimiento del empleo y de la afiliaci\u00f3n, pero se ha de matizar.<\/p>\n<p>Se ha de considerar que se trata del mes m\u00e1s propicio para el empleo y es el que m\u00e1s crece la afiliaci\u00f3n y lo que se preve\u00eda se ha reflejado en las estad\u00edsticas de este mes de mayo.<\/p>\n<p>Podr\u00edamos calificar el comportamiento de afiliaci\u00f3n de mayo conforme a lo esperado (+213.643 afiliados) superando el umbral de los 20 millones de afiliados.<\/p>\n<p>Estamos entrando en un contexto de desaceleraci\u00f3n econ\u00f3mica donde el mercado de trabajo empieza a perder el ritmo de aceleraci\u00f3n notable reciente.<\/p>\n<p>El crecimiento del empleo se estanca en mayo tras 7 meses consecutivos y le crecimiento interanual se sit\u00faa en el 5.01%. Se ha de a\u00f1adir la p\u00e9rdida de crecimiento por la inflaci\u00f3n desbocada y por el conflicto b\u00e9lico en Ucrania.<\/p>\n<p>Creci\u00f3 el empleo en mayo en todos los sectores, en especial intensidad en la hosteler\u00eda.<\/p>\n<p>Por Comunidades Aut\u00f3nomas, los crecimientos m\u00e1s relevantes se han producido en Baleares, Catalu\u00f1a, Andaluc\u00eda y Madrid (por el turismo).<\/p>\n<p>Se ha producido un descenso del paro relevante, situ\u00e1ndonos por debajo de los 3 millones, pero inferior al de mayo del a\u00f1o anterior, pero en l\u00ednea con el periodo 2014-2019.<\/p>\n<p>De todos modos, se ha de considerar que en 2007 el paro era de 1,9 millones de personas, si bien es cierto que no se bajaba de los 3 millones desde hac\u00eda 14 a\u00f1os.<\/p>\n<p>No podemos hablar de acercamiento al pleno empleo.<\/p>\n<p><strong>Sobre contrataci\u00f3n:<\/strong> aumenta un 367,78% la indefinida y se reduce un 34,48% la temporal. Como consecuencia de la reforma laboral por prohibiciones a determinados contratos temporales. casi 2\/3 de la contrataci\u00f3n indefinida son fijos-discontinuos o a tiempo parcial, no fijos ordinarios a tiempo completo. Esto era previsible, dado que el recurso a estas figuras es obligado por la nueva normativa, y hay empresas que han tenido que acudir a contratos indefinidos para cubrir necesidades temporales, pero que probablemente generar\u00e1 una mayor mortalidad de contratos indefinidos y en menor espacio de tiempo.<\/p>\n<p>Estaremos expectantes a la evoluci\u00f3n de la contrataci\u00f3n, afiliaci\u00f3n y empleo en los pr\u00f3ximos meses para valorar la afectaci\u00f3n de la reforma laboral, el conflicto b\u00e9lico en ucrania o la inflaci\u00f3n coyuntural i desbocada, entre otras cuestiones.<\/p>\n<p><a href=\"https:\/\/www.foment.com\/wp-content\/uploads\/2022\/06\/grafico-1.png\"><img loading=\"lazy\" class=\"aligncenter size-large wp-image-146427\" src=\"https:\/\/www.foment.com\/wp-content\/uploads\/2022\/06\/grafico-1-1024x503.png\" alt=\"\" width=\"1024\" height=\"503\" srcset=\"https:\/\/www.foment.com\/wp-content\/uploads\/2022\/06\/grafico-1-1024x503.png 1024w, https:\/\/www.foment.com\/wp-content\/uploads\/2022\/06\/grafico-1-300x147.png 300w, https:\/\/www.foment.com\/wp-content\/uploads\/2022\/06\/grafico-1-768x377.png 768w, https:\/\/www.foment.com\/wp-content\/uploads\/2022\/06\/grafico-1-1536x754.png 1536w, https:\/\/www.foment.com\/wp-content\/uploads\/2022\/06\/grafico-1-2048x1006.png 2048w\" sizes=\"(max-width: 1024px) 100vw, 1024px\" \/><\/a><\/p>\n<p style=\"text-align: center;\"><span style=\"font-size: 8pt;\">Fuente: Elaboraci\u00f3n propia a partir de los datos del Ministerio de Trabajo y Econom\u00eda Social<\/span><\/p>\n<p>&nbsp;<\/p>\n<p>La cifra del paro registrado en Catalu\u00f1a s<strong>e sit\u00faa en 348.027 personas desempleadas.<\/strong><\/p>\n<p>El descenso, en <strong>t\u00e9rminos interanuales,<\/strong> del paro registrado del 27,77% supone 133.790 personas menos desempleadas en relaci\u00f3n con el mismo mes del a\u00f1o anterior. En este sentido hemos pasado de variaciones interanuales en el mes de junio de 2020 del 35,76% al -27,77% este mes de mayo de 2022.<\/p>\n<p style=\"text-align: center;\"><span style=\"font-size: 8pt;\"><a href=\"https:\/\/www.foment.com\/wp-content\/uploads\/2022\/06\/grafico-2.png\"><img loading=\"lazy\" class=\"aligncenter size-large wp-image-146430\" src=\"https:\/\/www.foment.com\/wp-content\/uploads\/2022\/06\/grafico-2-1024x380.png\" alt=\"\" width=\"1024\" height=\"380\" srcset=\"https:\/\/www.foment.com\/wp-content\/uploads\/2022\/06\/grafico-2-1024x380.png 1024w, https:\/\/www.foment.com\/wp-content\/uploads\/2022\/06\/grafico-2-300x111.png 300w, https:\/\/www.foment.com\/wp-content\/uploads\/2022\/06\/grafico-2-768x285.png 768w, https:\/\/www.foment.com\/wp-content\/uploads\/2022\/06\/grafico-2-1536x570.png 1536w, https:\/\/www.foment.com\/wp-content\/uploads\/2022\/06\/grafico-2-2048x760.png 2048w\" sizes=\"(max-width: 1024px) 100vw, 1024px\" \/><\/a>Fuente: elaboraci\u00f3n propia a partir de los datos del Ministerio de Trabajo y Econom\u00eda Social<\/span><\/p>\n<p>Respecto a la <strong>variaci\u00f3n mensual,<\/strong> en Catalu\u00f1a, en este mes de mayo de 2022 el paro ha registrado <strong>un descenso de 16.671 personas desempleadas m\u00e1s respecto al mes anterior<\/strong> (un -4,57% en t\u00e9rminos relativos).<\/p>\n<p style=\"text-align: center;\"><a href=\"https:\/\/www.foment.com\/wp-content\/uploads\/2022\/06\/grafico3.png\"><img loading=\"lazy\" class=\"aligncenter size-large wp-image-146436\" src=\"https:\/\/www.foment.com\/wp-content\/uploads\/2022\/06\/grafico3-1024x628.png\" alt=\"\" width=\"1024\" height=\"628\" srcset=\"https:\/\/www.foment.com\/wp-content\/uploads\/2022\/06\/grafico3-1024x628.png 1024w, https:\/\/www.foment.com\/wp-content\/uploads\/2022\/06\/grafico3-300x184.png 300w, https:\/\/www.foment.com\/wp-content\/uploads\/2022\/06\/grafico3-768x471.png 768w, https:\/\/www.foment.com\/wp-content\/uploads\/2022\/06\/grafico3-1536x942.png 1536w, https:\/\/www.foment.com\/wp-content\/uploads\/2022\/06\/grafico3-2048x1256.png 2048w\" sizes=\"(max-width: 1024px) 100vw, 1024px\" \/><\/a><span style=\"font-size: 8pt;\">Fuente: elaboraci\u00f3n propia a partir de los datos del Ministerio de Trabajo y Econom\u00eda Social<\/span><\/p>\n<p>Por sectores, el paro se ha reducido en todos los sectores. En este sentido, ha descendido en la agricultura en 1.199 personas, en la industria en 1.045 personas, en la construcci\u00f3n en 1.061 personas, en servicios en 12.882 personas y en personas sin empleo anterior en 484 desempleados menos.<\/p>\n<p><strong>Por provincias,<\/strong> el paro registrado mensualmente se ha reducido en todas las provincias. En este sentido, el paro ha descendido en 10.414 personas en Barcelona, en 1.756 en Girona, 2.168 en Lleida y 2.333 en Tarragona. En t\u00e9rminos interanuales, el paro disminuye en un 27,66% en Barcelona, en un 30,52% en Girona, en un 24,95% en Lleida y en un 27,40% en Tarragona.<\/p>\n<p>El paro registrado en cada provincia se sit\u00faa este mes de mayo en 255.183 en Barcelona, 32.355 en Girona, 18.657 en Lleida y 41.832 en Tarragona.<\/p>\n<p><strong>Contrataci\u00f3n<\/strong>. Respecto al n\u00famero de contratos se han registrado 257.021\u00a0\u00a0\u00a0\u00a0 contratos, de los cuales 47,41% (121.847 contratos) lo han sido de car\u00e1cter indefinido, y el resto (52,59%, es decir, 135.174 contratos) han sido temporales. El n\u00famero de contratos registrados en Catalu\u00f1a se ha incrementado en un 16,35% respecto al mes anterior (36.121 contratos menos) y han aumentado en un 17,08% respecto al mes de mayo de 2021 (37.498 contratos m\u00e1s).<\/p>\n<p><strong>A nivel estatal<\/strong> el paro registrado se ha reducido en 99.991 personas en relaci\u00f3n al mes anterior (-3,29%). La cifra de paro a nivel estatal se sit\u00faa en el mes de mayo de 2022 en 2.922.991 personas (-22,70% en t\u00e9rminos anuales).<\/p>\n<p><strong>Afiliaci\u00f3n<\/strong>. En Catalu\u00f1a, el n\u00famero de afiliados a la Seguridad Social se ha situado en el mes de mayo de 2022 en 3.599.605 ocupados, lo que supone 37.501 ocupados m\u00e1s respecto el mes mayo de 2022 (1,05%), y 164.177 ocupados m\u00e1s respecto al mismo mes del a\u00f1o anterior (4,78%).<\/p>\n<p>&nbsp;<\/p>\n<p style=\"text-align: center;\"><span style=\"font-size: 8pt;\"><a href=\"https:\/\/www.foment.com\/wp-content\/uploads\/2022\/06\/grafico-4.png\"><img loading=\"lazy\" class=\"aligncenter size-large wp-image-146433\" src=\"https:\/\/www.foment.com\/wp-content\/uploads\/2022\/06\/grafico-4-1024x514.png\" alt=\"\" width=\"1024\" height=\"514\" srcset=\"https:\/\/www.foment.com\/wp-content\/uploads\/2022\/06\/grafico-4-1024x514.png 1024w, https:\/\/www.foment.com\/wp-content\/uploads\/2022\/06\/grafico-4-300x150.png 300w, https:\/\/www.foment.com\/wp-content\/uploads\/2022\/06\/grafico-4-768x385.png 768w, https:\/\/www.foment.com\/wp-content\/uploads\/2022\/06\/grafico-4-1536x770.png 1536w, https:\/\/www.foment.com\/wp-content\/uploads\/2022\/06\/grafico-4.png 1994w\" sizes=\"(max-width: 1024px) 100vw, 1024px\" \/><\/a>Font: elaboraci\u00f3 pr\u00f2pia a partir de les dades del Ministeri d&#8217;Inclusi\u00f3, Seguretat Social i Migracions.<\/span><\/p>\n","protected":false},"excerpt":{"rendered":"<p>El n\u00famero de desempleados en Catalu\u00f1a se ha reducido en el mes de mayo en 16.671 personas (-4,57%). En t\u00e9rminos interanuales, el paro registrado ha descendido en 133.790 (-27,77%). El n\u00famero de parados se sit\u00faa en 348.027. Respecto a la contrataci\u00f3n, se han efectuado m\u00e1s contratos que el mes anterior (36.121 contratos m\u00e1s). Los indefinidos pasan a representar el 47,41% del total de contratos realizados en este mes. La contrataci\u00f3n temporal supone el 52,59% de la contrataci\u00f3n total. La valoraci\u00f3n de Foment del Treball Nacional es positiva por el crecimiento del empleo y de la afiliaci\u00f3n, pero se ha de matizar. Se ha de considerar que se trata del mes m\u00e1s propicio para el empleo y es el que m\u00e1s crece la afiliaci\u00f3n y lo que se preve\u00eda se ha reflejado en las estad\u00edsticas de este mes de mayo. Podr\u00edamos calificar el comportamiento de afiliaci\u00f3n de mayo conforme a lo esperado (+213.643 afiliados) superando el umbral de los 20 millones de afiliados. Estamos entrando en un contexto de desaceleraci\u00f3n econ\u00f3mica donde el mercado de trabajo empieza a perder el ritmo de aceleraci\u00f3n notable reciente. El crecimiento del empleo se estanca en mayo tras 7 meses consecutivos y le crecimiento interanual [&hellip;]<\/p>\n","protected":false},"author":7,"featured_media":146441,"comment_status":"closed","ping_status":"closed","sticky":false,"template":"","format":"standard","meta":{"_links_to":"","_links_to_target":""},"categories":[114,5714,73],"tags":[303,6781,619,1297,6782],"acf":[],"wps_subtitle":"Como es habitual en el mes de mayo por el inicio de la temporada tur\u00edstica se ha registrado un crecimiento de las contrataciones y afiliaciones","_links":{"self":[{"href":"https:\/\/www.foment.com\/es\/wp-json\/wp\/v2\/posts\/146445"}],"collection":[{"href":"https:\/\/www.foment.com\/es\/wp-json\/wp\/v2\/posts"}],"about":[{"href":"https:\/\/www.foment.com\/es\/wp-json\/wp\/v2\/types\/post"}],"author":[{"embeddable":true,"href":"https:\/\/www.foment.com\/es\/wp-json\/wp\/v2\/users\/7"}],"replies":[{"embeddable":true,"href":"https:\/\/www.foment.com\/es\/wp-json\/wp\/v2\/comments?post=146445"}],"version-history":[{"count":3,"href":"https:\/\/www.foment.com\/es\/wp-json\/wp\/v2\/posts\/146445\/revisions"}],"predecessor-version":[{"id":146463,"href":"https:\/\/www.foment.com\/es\/wp-json\/wp\/v2\/posts\/146445\/revisions\/146463"}],"wp:featuredmedia":[{"embeddable":true,"href":"https:\/\/www.foment.com\/es\/wp-json\/wp\/v2\/media\/146441"}],"wp:attachment":[{"href":"https:\/\/www.foment.com\/es\/wp-json\/wp\/v2\/media?parent=146445"}],"wp:term":[{"taxonomy":"category","embeddable":true,"href":"https:\/\/www.foment.com\/es\/wp-json\/wp\/v2\/categories?post=146445"},{"taxonomy":"post_tag","embeddable":true,"href":"https:\/\/www.foment.com\/es\/wp-json\/wp\/v2\/tags?post=146445"}],"curies":[{"name":"wp","href":"https:\/\/api.w.org\/{rel}","templated":true}]}}