{"id":147551,"date":"2022-06-17T15:00:13","date_gmt":"2022-06-17T13:00:13","guid":{"rendered":"https:\/\/www.foment.com\/foment-simplica-amb-unio-empresarial-uei-per-mirar-de-desencallar-desenvolupament-pdu-circuit\/"},"modified":"2022-06-17T15:12:52","modified_gmt":"2022-06-17T13:12:52","slug":"foment-simplica-amb-unio-empresarial-uei-per-mirar-de-desencallar-desenvolupament-pdu-circuit","status":"publish","type":"post","link":"https:\/\/www.foment.com\/es\/foment-simplica-amb-unio-empresarial-uei-per-mirar-de-desencallar-desenvolupament-pdu-circuit\/","title":{"rendered":"Foment del Treball se implica con la Uni\u00f3 Empresarial (UEI) para tratar de desencallar el desarrollo del PDU del Circuito"},"content":{"rendered":"<section class=\"wpb-content-wrapper\"><p>[vc_row][vc_column][vc_column_text]El presidente de Foment del Treball ha subrayado la necesidad de desencallar y ejecutar el Plan Director del Circuito de Barcelona-Catalu\u00f1a, en la reuni\u00f3n con la Uni\u00f3n Empresarial Intersectorial, en Granollers, a la que ha asistido acompa\u00f1ado de la presidenta de Fepime, Maria Helena de Felipe<\/p>\n<p>S\u00e1nchez Llibre ha remarcado que \u00ab<strong>hay que potenciar el Vall\u00e8s como hub de f\u00f3rmula el\u00e9ctrica<\/strong>\u00bb y ha anunciado que \u00ab<strong>pedimos hora al vicepresidente del Gobierno de la Generalitat, Jordi Puigner\u00f3, para impulsar este plan parado desde 2016<\/strong>\u00bb y ha a\u00f1adido que \u00ab<strong>podr\u00eda ser un motor tecnol\u00f3gico potente de Catalu\u00f1a<\/strong>\u00ab.<\/p>\n<p><strong>\u00a0<\/strong>Foment del Treball considera que ser\u00eda una gran contribuci\u00f3n a la reindustrializaci\u00f3n con puestos de trabajo altamente cualificados y atracci\u00f3n de talento. Foment trabajar\u00e1 para que el plan sea una realidad a partir del nuevo curso. Puede suponer un Incremento del PIB de 8M\u20ac y la captaci\u00f3n de nuevas empresas que podr\u00edan generar m\u00e1s de 6.000 puestos de trabajo, altamente ligados a nuevas tecnolog\u00edas.<\/p>\n<p>En cuanto a la movilidad el\u00e9ctrica, <strong>S\u00e1nchez Llibre<\/strong> ha afirmado que pretendemos que el Vall\u00e9s Oriental sea el aut\u00e9ntico Silverston en Catalu\u00f1a. El primer acuerdo al que han llegado Foment y UEI es desencallar este plan. \u00ab<strong>Empezamos gestiones para buscar m\u00e1xima complicidad con el departamento de Territorio y con la Consejer\u00eda de Empresa y Trabajo para hacer realidad este proyecto.\u00bb <\/strong><\/p>\n<p><strong>\u00a0<\/strong>A pesar de las incertidumbres de la coyuntura actual, el presidente de Foment ha subrayado que \u00ab<strong>la reindustrializaci\u00f3n debe ser una de las palancas de acci\u00f3n de la Generalitat<\/strong> \u00bb y que hay que encontrar ventanas de oportunidades. S\u00e1nchez Llibre ha remachado: \u00ab<strong>No queremos perder la oportunidad econ\u00f3mica por el Vall\u00e8s. Este proyecto que supone un incremento de 3,5 puntos del PIB debe der prioritario. Tenemos una comarca industrialmente puntera. El Vall\u00e8s oriental es muy estrat\u00e9gico y est\u00e1 muy mal comunicado. Hay que revertirlo<\/strong>\u00ab.<\/p>\n<p>Por su parte, <strong>Joan D\u00edaz<\/strong>, presidente de la UEI ha afirmado que \u00ab<strong>El Brexit ha marcado nuevas reglas, y para el bien de la econom\u00eda del Vall\u00e8s, todav\u00eda estamos a tiempo de aprovechar esta oportunidad de reforzar la industria del motor\u00bb<\/strong>, Y ha a\u00f1adido que \u00abe<strong>l Circuito tiene que ser un motor de atracci\u00f3n para las empresas del sector. Esto liga con la creaci\u00f3n de talento que generamos con los estudios de Motorsport en la comarca<\/strong>\u00ab. Por este motivo el presidente de la UEI ha insistido en que \u00abcon el proyecto parado se pierden cada d\u00eda oportunidades de desarrollo econ\u00f3mico\u00bb.<\/p>\n<p>Por otro lado, en la reuni\u00f3n tambi\u00e9n se ha tratado la integraci\u00f3n de Fepime dentro de la estructura de Foment. <strong>Helena de Felipe,<\/strong> presidenta de la Federaci\u00f3n de Empresarios de la Peque\u00f1a y Mediana Empresa de Catalu\u00f1a, la patronal que representa alrededor de 400 organizaciones territoriales y sectoriales del pa\u00eds, ha puesto valor al peso de las microempresas \u2013\u00bbson el 98% de las pymes\u00bb\u2013 e indicaba que \u00ab<strong>como organizaci\u00f3n, adem\u00e1s de ayudar a las empresas a afrontar las crisis e inciertas actuales, tambi\u00e9n debemos contribuir al desarrollo econ\u00f3mico del territorio\u00bb. <\/strong><\/p>\n<p>En este sentido, Mar\u00eda Helena de Felipe ha destacado que la integraci\u00f3n de Fepime en Foment comportar\u00e1 que la UEI tenga m\u00e1s protagonismo y m\u00e1s influencia en la estructura de Foment.[\/vc_column_text][\/vc_column][\/vc_row][vc_row][vc_column width=\u00bb1\/1&#8243;]<div class=\"spacer\" style=\"height: 20px;\"><\/div>[\/vc_column][\/vc_row][vc_row][vc_column width=\u00bb1\/1&#8243;]<div class=\"flexslider wpb_content_element\"><ul class=\"slides\"><li><img src=\"https:\/\/www.foment.com\/wp-content\/uploads\/2022\/06\/WhatsApp-Image-2022-06-17-at-2.29.11-PM-1.jpeg\" alt=\"\" \/><\/li><li><img src=\"https:\/\/www.foment.com\/wp-content\/uploads\/2022\/06\/WhatsApp-Image-2022-06-17-at-2.29.11-PM-2.jpeg\" alt=\"\" \/><\/li><li><img src=\"https:\/\/www.foment.com\/wp-content\/uploads\/2022\/06\/WhatsApp-Image-2022-06-17-at-2.29.11-PM-3.jpeg\" alt=\"\" \/><\/li><li><img src=\"https:\/\/www.foment.com\/wp-content\/uploads\/2022\/06\/WhatsApp-Image-2022-06-17-at-2.29.11-PM-4.jpeg\" alt=\"\" \/><\/li><li><img src=\"https:\/\/www.foment.com\/wp-content\/uploads\/2022\/06\/WhatsApp-Image-2022-06-17-at-2.29.11-PM-5.jpeg\" alt=\"\" \/><\/li><li><img src=\"https:\/\/www.foment.com\/wp-content\/uploads\/2022\/06\/WhatsApp-Image-2022-06-17-at-2.29.12-PM-1.jpeg\" alt=\"\" \/><\/li><li><img src=\"https:\/\/www.foment.com\/wp-content\/uploads\/2022\/06\/WhatsApp-Image-2022-06-17-at-2.29.12-PM-3.jpeg\" alt=\"\" \/><\/li><\/ul><\/div>[\/vc_column][\/vc_row]<\/p>\n<\/section>","protected":false},"excerpt":{"rendered":"<p>[vc_row][vc_column][vc_column_text]El presidente de Foment del Treball ha subrayado la necesidad de desencallar y ejecutar el Plan Director del Circuito de Barcelona-Catalu\u00f1a, en la reuni\u00f3n con la Uni\u00f3n Empresarial Intersectorial, en Granollers, a la que ha asistido acompa\u00f1ado de la presidenta de Fepime, Maria Helena de Felipe S\u00e1nchez Llibre ha remarcado que \u00abhay que potenciar el Vall\u00e8s como hub de f\u00f3rmula el\u00e9ctrica\u00bb y ha anunciado que \u00abpedimos hora al vicepresidente del Gobierno de la Generalitat, Jordi Puigner\u00f3, para impulsar este plan parado desde 2016\u00bb y ha a\u00f1adido que \u00abpodr\u00eda ser un motor tecnol\u00f3gico potente de Catalu\u00f1a\u00ab. \u00a0Foment del Treball considera que ser\u00eda una gran contribuci\u00f3n a la reindustrializaci\u00f3n con puestos de trabajo altamente cualificados y atracci\u00f3n de talento. Foment trabajar\u00e1 para que el plan sea una realidad a partir del nuevo curso. Puede suponer un Incremento del PIB de 8M\u20ac y la captaci\u00f3n de nuevas empresas que podr\u00edan generar m\u00e1s de 6.000 puestos de trabajo, altamente ligados a nuevas tecnolog\u00edas. En cuanto a la movilidad el\u00e9ctrica, S\u00e1nchez Llibre ha afirmado que pretendemos que el Vall\u00e9s Oriental sea el aut\u00e9ntico Silverston en Catalu\u00f1a. El primer acuerdo al que han llegado Foment y UEI es desencallar este plan. \u00abEmpezamos gestiones para buscar m\u00e1xima [&hellip;]<\/p>\n","protected":false},"author":7,"featured_media":147528,"comment_status":"closed","ping_status":"closed","sticky":false,"template":"","format":"standard","meta":{"_links_to":"","_links_to_target":""},"categories":[114,68,5714],"tags":[6859,6856,6857,6858],"acf":[],"wps_subtitle":"S\u00e1nchez Llibre reivindica que el Vall\u00e8s Oriental ha de ser el Silverstone del sur de Europa\u201d","_links":{"self":[{"href":"https:\/\/www.foment.com\/es\/wp-json\/wp\/v2\/posts\/147551"}],"collection":[{"href":"https:\/\/www.foment.com\/es\/wp-json\/wp\/v2\/posts"}],"about":[{"href":"https:\/\/www.foment.com\/es\/wp-json\/wp\/v2\/types\/post"}],"author":[{"embeddable":true,"href":"https:\/\/www.foment.com\/es\/wp-json\/wp\/v2\/users\/7"}],"replies":[{"embeddable":true,"href":"https:\/\/www.foment.com\/es\/wp-json\/wp\/v2\/comments?post=147551"}],"version-history":[{"count":4,"href":"https:\/\/www.foment.com\/es\/wp-json\/wp\/v2\/posts\/147551\/revisions"}],"predecessor-version":[{"id":147555,"href":"https:\/\/www.foment.com\/es\/wp-json\/wp\/v2\/posts\/147551\/revisions\/147555"}],"wp:featuredmedia":[{"embeddable":true,"href":"https:\/\/www.foment.com\/es\/wp-json\/wp\/v2\/media\/147528"}],"wp:attachment":[{"href":"https:\/\/www.foment.com\/es\/wp-json\/wp\/v2\/media?parent=147551"}],"wp:term":[{"taxonomy":"category","embeddable":true,"href":"https:\/\/www.foment.com\/es\/wp-json\/wp\/v2\/categories?post=147551"},{"taxonomy":"post_tag","embeddable":true,"href":"https:\/\/www.foment.com\/es\/wp-json\/wp\/v2\/tags?post=147551"}],"curies":[{"name":"wp","href":"https:\/\/api.w.org\/{rel}","templated":true}]}}