{"id":147819,"date":"2022-06-25T16:04:14","date_gmt":"2022-06-25T14:04:14","guid":{"rendered":"https:\/\/www.foment.com\/?p=147819"},"modified":"2022-06-25T16:08:06","modified_gmt":"2022-06-25T14:08:06","slug":"foment-considera-medidas-aprobadas-por-consejo-ministros-escasas-para-empresas-que-padecen-fuertes-incrementos-costes","status":"publish","type":"post","link":"https:\/\/www.foment.com\/es\/foment-considera-medidas-aprobadas-por-consejo-ministros-escasas-para-empresas-que-padecen-fuertes-incrementos-costes\/","title":{"rendered":"Foment considera que las medidas aprobadas por el Consejo de Ministros son escasas para las empresas, que padecen fuertes incrementos de costes"},"content":{"rendered":"<ul>\n<li><strong>El Gobierno debe ayudar a familias, pero tambi\u00e9n a las empresas, ya que estas \u00faltimas son las grandes afectadas por las elevaciones de costes, que no los han traslado en su extensi\u00f3n, con merma de sus m\u00e1rgenes.<\/strong><\/li>\n<li><strong>Foment se felicita por la reducci\u00f3n del IVA al 5%, petici\u00f3n que ya hizo Foment hace unos meses, ante el contexto econ\u00f3mico y de precios que se avecinaba por el lado de la energ\u00eda.<\/strong><\/li>\n<li><strong>La ayuda a los aut\u00f3nomos de 200\u20ac, 33,3\u20ac al mes, si se contemplan los seis meses de vigencia del plan, apenas compensan los fuertes aumentos de costes que experimentan sus actividades productivas.<\/strong><\/li>\n<li><strong>Es necesario tomar medidas estructurales en el \u00e1mbito de la energ\u00eda, y favorecer y acelerar la tramitaci\u00f3n administrativa para la implantaci\u00f3n de energ\u00eda renovable, ante esta crisis energ\u00e9tica y urgente.<\/strong><\/li>\n<\/ul>\n<p>&nbsp;<\/p>\n<p>Foment del Treball considera adecuado, a causa del alargamiento de las condiciones de elevada inflaci\u00f3n, que el Gobierno haya tomado decisiones ante la finalizaci\u00f3n de las medidas tomadas hace tres meses, y que finalizaban en junio, y que las haya prolongado para el resto del a\u00f1o, ya que la situaci\u00f3n va a persistir m\u00e1s tiempo del inicialmente esperado.<\/p>\n<p>Sin embargo, ante la presencia de una inflaci\u00f3n de costes, como ya se\u00f1alamos en el informe de coyuntura, las medidas adoptadas, y algunas de las prorrogadas, se circunscriben a ser, en parte, de car\u00e1cter paliativo, enfocadas casi exclusivamente hacia las familias, y con pobre afectaci\u00f3n sobre las empresas.<\/p>\n<p>Foment se\u00f1ala que son las empresas las que est\u00e1n padeciendo los elevados costes y que, en parte, est\u00e1n conteniendo su traslaci\u00f3n a precios del consumidor, con merma de sus m\u00e1rgenes. Esta merma dif\u00edcilmente podr\u00e1 ser sostenible para las empresas si persiste esta elevada inflaci\u00f3n de costes, si no se fijan ayudas p\u00fablicas consistentes.<\/p>\n<p>Por este motivo, nuevamente, Foment del Treball se ve en la necesidad de reclamar mayores niveles de ayudas a las empresas que han visto incrementar sustancialmente sus costes, y que no los han trasladado en muchos casos, en su total extensi\u00f3n, a los precios de venta. Sin estas ayudas dif\u00edcilmente se podr\u00e1 continuar con mayores mermas de m\u00e1rgenes empresariales. Por ello, y de agravarse los efectos de la inflaci\u00f3n sobre la econom\u00eda, y con pol\u00edticas monetarias m\u00e1s restrictivas, pueden darse afectaciones en empleo en los pr\u00f3ximos meses de car\u00e1cter significativo, que habr\u00eda que evitar.<\/p>\n<p>&nbsp;<\/p>\n<p><a href=\"https:\/\/www.foment.com\/wp-content\/uploads\/2022\/06\/grafico-1-1.png\"><img loading=\"lazy\" class=\"aligncenter size-full wp-image-147825\" src=\"https:\/\/www.foment.com\/wp-content\/uploads\/2022\/06\/grafico-1-1.png\" alt=\"\" width=\"567\" height=\"297\" srcset=\"https:\/\/www.foment.com\/wp-content\/uploads\/2022\/06\/grafico-1-1.png 567w, https:\/\/www.foment.com\/wp-content\/uploads\/2022\/06\/grafico-1-1-300x157.png 300w\" sizes=\"(max-width: 567px) 100vw, 567px\" \/><\/a><\/p>\n<p>Aunque se se\u00f1ala una ayuda a los aut\u00f3nomos de 200\u20ac, muy posiblemente sea claramente insuficiente, ante los aumentos de costes de las actividades que estos desarrollan al concretarse en 33,3\u20ac por mes, si nos fij\u00e1semos en los 6 meses de vigencia de las medidas que ha aprobado el gobierno. Esta, en el nuevo paquete ha sido la \u00fanica medida m\u00e1s focalizada a la actividad empresarial.<\/p>\n<p>Foment considera que hubiese sido necesario ampliar las medidas especialmente con medidas selectivas hacia los sectores m\u00e1s afectados y que pasaran por graves circunstancias, despu\u00e9s de una crisis de la covid-19, que ha debilitado financieramente a las empresas, con menos colch\u00f3n de aguante.<\/p>\n<p>A la luz de la coyuntura, m\u00e1s pesimista, que, en el momento del primer paquete, se manifestaba con claridad la necesidad de prologar las medidas adoptadas, y de implementar otras, sobre los sectores que han padecido y padecen m\u00e1s la crisis, es decir, con las informaciones disponibles y a falta de su publicaci\u00f3n en el BOE, nuevamente las empresas, micro, peque\u00f1as, medianas y grandes, y en menor medida los aut\u00f3nomos- aunque de forma muy insuficiente. El hecho de que no aparezcan como potenciales receptores de ayudas, toda vez que, en parte, est\u00e1n conteniendo la inflaci\u00f3n de costes y que puede persistir, dif\u00edcilmente lo podr\u00e1n seguir haciendo.<\/p>\n<p>En materia de energ\u00eda, Foment del Treball considera que se est\u00e1n tomando medidas de manera coyuntural y habr\u00eda que afrontar una reforma estructural del sistema de fijaci\u00f3n de precios en el sector energ\u00e9tico y en la fiscalidad de la energ\u00eda. No se trata de poner nuevos impuestos sino de realizar una reforma en el sistema de fijaci\u00f3n de precios y en todo el \u00e1mbito de la fiscalidad de la energ\u00eda para adecuarla a la nueva realidad del mix energ\u00e9tico.<\/p>\n<p>Consideramos acertada la disminuci\u00f3n del IVA aplicado en la factura de la electricidad. Es una medida que Fomento de Trabajo ya pidi\u00f3 el mes de agosto del a\u00f1o pasado y, por tanto, consideramos que se aplicar\u00e1 con demasiado retraso. Esta reducci\u00f3n nos equipara en los pa\u00edses de nuestro entorno como Portugal y Francia.<\/p>\n<p>En materia de energ\u00eda se tiene que trabajar en el trilema de competitividad, seguridad de suministro y sostenibilidad. El gobierno espa\u00f1ol ha enfocado \u00fanicamente su pol\u00edtica en el campo energ\u00e9tico en el \u00e1mbito de la sostenibilidad y, por la situaci\u00f3n geopol\u00edtica actual, ahora vemos las carencias de actuaci\u00f3n para garantizar la competitividad y la seguridad de suministro. Hay que tomar medidas de cariz estructural para garantizar lo suministro, en especial las interconexiones el\u00e9ctricas y gas\u00edsticas y potenciar el uso de los gases renovables como el biometano, donde Espa\u00f1a tiene un gran potencial para desarrollar, y nos garantizar\u00eda gas sostenible, competitivo y seguro. Si no se aborda una reforma estructural que garantice la competitividad, sostenibilidad y seguridad, la implantaci\u00f3n de nuevos impuestos no ser\u00e1 una medida efectiva para reducir el coste del precio de la energ\u00eda.<\/p>\n<p>Tambi\u00e9n se hace preciso, y m\u00e1s en este contexto, acelerar y agilizar los procedimientos administrativos por el desarrollo de la generaci\u00f3n de energ\u00eda el\u00e9ctrica de fuentes renovables fotovoltaico y e\u00f3lico, en especial en Catalu\u00f1a, donde debido al freno administrativo no se est\u00e1n desarrollando grandes proyectos por la conexi\u00f3n a red ni instalaciones de autoconsumo industrial y dom\u00e9stico, por permitir\u00eda una reducci\u00f3n de los costes en los sectores industrial y dom\u00e9stico.<\/p>\n<p>Hay que potenciar una transici\u00f3n energ\u00e9tica industrial. El gobierno basa la transici\u00f3n energ\u00e9tica en el \u00e1mbito dom\u00e9stico sin tener en cuenta las necesidades de los sectores productivos, en especial en las necesidades de energ\u00eda t\u00e9rmica de origen renovable.<\/p>\n<p>&nbsp;<\/p>\n<p>&nbsp;<\/p>\n","protected":false},"excerpt":{"rendered":"<p>El Gobierno debe ayudar a familias, pero tambi\u00e9n a las empresas, ya que estas \u00faltimas son las grandes afectadas por las elevaciones de costes, que no los han traslado en su extensi\u00f3n, con merma de sus m\u00e1rgenes. Foment se felicita por la reducci\u00f3n del IVA al 5%, petici\u00f3n que ya hizo Foment hace unos meses, ante el contexto econ\u00f3mico y de precios que se avecinaba por el lado de la energ\u00eda. La ayuda a los aut\u00f3nomos de 200\u20ac, 33,3\u20ac al mes, si se contemplan los seis meses de vigencia del plan, apenas compensan los fuertes aumentos de costes que experimentan sus actividades productivas. Es necesario tomar medidas estructurales en el \u00e1mbito de la energ\u00eda, y favorecer y acelerar la tramitaci\u00f3n administrativa para la implantaci\u00f3n de energ\u00eda renovable, ante esta crisis energ\u00e9tica y urgente. &nbsp; Foment del Treball considera adecuado, a causa del alargamiento de las condiciones de elevada inflaci\u00f3n, que el Gobierno haya tomado decisiones ante la finalizaci\u00f3n de las medidas tomadas hace tres meses, y que finalizaban en junio, y que las haya prolongado para el resto del a\u00f1o, ya que la situaci\u00f3n va a persistir m\u00e1s tiempo del inicialmente esperado. Sin embargo, ante la presencia de una inflaci\u00f3n [&hellip;]<\/p>\n","protected":false},"author":7,"featured_media":147820,"comment_status":"closed","ping_status":"closed","sticky":false,"template":"","format":"standard","meta":{"_links_to":"","_links_to_target":""},"categories":[114,69,68,5714],"tags":[2807,602,6889],"acf":[],"wps_subtitle":"Ante el alargamiento de las tensiones inflacionistas, el Gobierno ha decido hacer un plan a 6 meses, y no una renovaci\u00f3n de 3 meses, por la incertidumbre existente.","_links":{"self":[{"href":"https:\/\/www.foment.com\/es\/wp-json\/wp\/v2\/posts\/147819"}],"collection":[{"href":"https:\/\/www.foment.com\/es\/wp-json\/wp\/v2\/posts"}],"about":[{"href":"https:\/\/www.foment.com\/es\/wp-json\/wp\/v2\/types\/post"}],"author":[{"embeddable":true,"href":"https:\/\/www.foment.com\/es\/wp-json\/wp\/v2\/users\/7"}],"replies":[{"embeddable":true,"href":"https:\/\/www.foment.com\/es\/wp-json\/wp\/v2\/comments?post=147819"}],"version-history":[{"count":2,"href":"https:\/\/www.foment.com\/es\/wp-json\/wp\/v2\/posts\/147819\/revisions"}],"predecessor-version":[{"id":147828,"href":"https:\/\/www.foment.com\/es\/wp-json\/wp\/v2\/posts\/147819\/revisions\/147828"}],"wp:featuredmedia":[{"embeddable":true,"href":"https:\/\/www.foment.com\/es\/wp-json\/wp\/v2\/media\/147820"}],"wp:attachment":[{"href":"https:\/\/www.foment.com\/es\/wp-json\/wp\/v2\/media?parent=147819"}],"wp:term":[{"taxonomy":"category","embeddable":true,"href":"https:\/\/www.foment.com\/es\/wp-json\/wp\/v2\/categories?post=147819"},{"taxonomy":"post_tag","embeddable":true,"href":"https:\/\/www.foment.com\/es\/wp-json\/wp\/v2\/tags?post=147819"}],"curies":[{"name":"wp","href":"https:\/\/api.w.org\/{rel}","templated":true}]}}