{"id":147928,"date":"2022-06-27T16:22:38","date_gmt":"2022-06-27T14:22:38","guid":{"rendered":"https:\/\/www.foment.com\/premis-foment-dia-empresa-250-aniversari-lacalle-grifols\/"},"modified":"2022-06-27T16:59:50","modified_gmt":"2022-06-27T14:59:50","slug":"premios-foment-dia-empresa-250-aniversario-lacalle-grifols","status":"publish","type":"post","link":"https:\/\/www.foment.com\/es\/premios-foment-dia-empresa-250-aniversario-lacalle-grifols\/","title":{"rendered":"Enrique Lacalle Coll, Victor Grifols Deu y Raimon Grifols Roura galardonados con las Medallas de Honor de Foment del Treball"},"content":{"rendered":"<section class=\"wpb-content-wrapper\"><p>[vc_row][vc_column][vc_column_text]<\/p>\n<ul>\n<li><strong>Los XV Premios Carles Ferrer Salat han reconocido a Noel en la categor\u00eda de Compromiso Social; Colonial en Desarrollo Sostenible; Unilever Spain en Igualdad; Agromillora Catalana en Innovaci\u00f3n y Nuevas Tecnolog\u00edas; Cromogenia Units en Internacionalizaci\u00f3n; y dos premios ex aequo: MiWendo Solutions y Rold\u00f3s como Pymes del A\u00f1o<\/strong><\/li>\n<li><strong>El acto de referencia anual de Foment, celebrado en el marco del D\u00eda de la Empresa, ha sido presidido por el presidente de la Generalitat de Catalunya, Pere Aragon\u00e8s, y ha contado con la presencia de la presidenta del Parlament de Catalunya, Laura Borr\u00e0s, y el Conseller d\u2019Empresa i Treball, Roger Torrent<\/strong><\/li>\n<li><strong>El presidente Aragon\u00e8s ha se\u00f1alado que precisamente \u201clas capacidades de apostar por la industria, el talento y la colaboraci\u00f3n entre el sector p\u00fablico y privado hace que hoy Catalunya y Barcelona sean una plaza estrat\u00e9gica para los retos del futuro\u201d .<\/strong><\/li>\n<\/ul>\n<p>Las Drassanes Reials de Barcelona han acogido este mediod\u00eda el acto de <strong>celebraci\u00f3n del D\u00eda de la Empresa por parte de Foment del Treball Nacional<\/strong>, la patronal m\u00e1s antigua de Europa, fundada el 1771. El acto ha integrado la entrega de las Medallas de Honor anuales de Foment del Treball Nacional, as\u00ed como los XV Premios Carles Ferrer Salat.<\/p>\n<p>Al acto han asistido el presidente de la Generalitat, <strong>Pere Aragon\u00e8s<\/strong>, la presidenta del Parlament de Catalunya, <strong>Laura Borr\u00e0s<\/strong>, y el Conseller d\u2019Empresa i Treball, <strong>Roger Torrent<\/strong>.<\/p>\n<p>El presidente de la patronal, <strong>Josep S\u00e1nchez Llibre<\/strong>, ha inaugurado el acto en una conversaci\u00f3n con <strong>Montse Guallar<\/strong>, actriz y presentadora del evento, en el que ha querido destacar que \u201cnecesitamos hacer un llamamiento a la responsabilidad de los empresarios y trabajadores, de las administraciones p\u00fablicas y los partidos pol\u00edticos para remar en una misma direcci\u00f3n, implementando un plan de choque que nos permita salir airosos de la situaci\u00f3n econ\u00f3mica que estamos atravesando. Pedimos a todos los agentes sociales, econ\u00f3micos, gobiernos y partidos pol\u00edticos, hacer un frente com\u00fan para salir de la tormenta econ\u00f3mica que tenemos encima. Si remamos en la misma direcci\u00f3n, tenemos la oportunidad de salir con \u00e9xito\u201d.<\/p>\n<p>Por otro lado, S\u00e1nchez Llibre ha apuntado que \u201cen Catalunya tenemos sectores econ\u00f3micos muy punteros: las nuevas tecnolog\u00edas, la implementaci\u00f3n y retenci\u00f3n de talento, el sector cultural y la promoci\u00f3n de startups, entre otros. Desde Foment tenemos claro que estos sectores son clave en la reconstrucci\u00f3n econ\u00f3mica de nuestro pa\u00eds. En concreto, la cultura es uno de los sectores econ\u00f3micos m\u00e1s potentes de nuestra sociedad y estoy convencido de que Catalunya tiene mucho potencial como para ser referente en la pol\u00edtica cultural del pa\u00eds\u201d. Mirando al futuro, el presidente de la patronal ha querido cerrar su discurso asegurando que \u201c2023 ser\u00e1 un a\u00f1o de oportunidades. Los empresarios tienen muchos siglos de existencia y estoy seguro de que, si vamos de la mano de sindicados, administraci\u00f3n, Cambra de Comer\u00e7 y PIMEC, los empresarios y la empresa en general seremos capaces de encontrar las oportunidades dentro de esta tormenta econ\u00f3mica que estamos pasando\u201d.<\/p>\n<p>El presidente de la Generalitat, <strong>Pere Aragon\u00e8s i Garcia<\/strong>, ha puesto en valor el inconformismo, el compromiso y el orgullo de las empresas catalanas. En este sentido, ha se\u00f1alado que precisamente \u201clas capacidades de apostar por la industria, el talento y la colaboraci\u00f3n entre el sector p\u00fablico y privado hace que hoy Catalunya y Barcelona sean una plaza estrat\u00e9gica para los retos del futuro\u201d y que el Mobile World Congress se quede en Barcelona \u201ccomo m\u00ednimo\u201d hasta el 2030. El presidente del Govern ha puesto en valor el trabajo conjunto de todas las administraciones y ha agradecido el compromiso de Fira de Barcelona con la ciudad y el pa\u00eds, \u201cque han hecho posible que el Mobile pueda seguirse celebrando en Barcelona y que contribuye, sin duda, a dejar legado\u201d.<\/p>\n<p><strong>V\u00edctor Grifols Deu y Raimon Grifols<\/strong>, consejeros delegados solidarios de Grifols y galardonados con la Medalla de Honor a Empresario del a\u00f1o de Foment del Treball, han agradecido la distinci\u00f3n y han apuntado que les \u201chace mucha ilusi\u00f3n recibir este gran reconocimiento, reflejo de los valores que han caracterizado Grifols desde su fundaci\u00f3n hace m\u00e1s de 110 a\u00f1os: trabajar con los m\u00e1s altos est\u00e1ndares \u00e9ticos y de sostenibilidad para tener cuidado de las personas y contribuir a la salud y el bienestar de la sociedad\u201d.<\/p>\n<p>Las Medallas de Honor y los Premios Carles Ferrer Salat de Foment reconocen la labor realizada por empresas y destacados empresarios y empresarias durante el \u00faltimo a\u00f1o o a lo largo de su trayectoria. La edici\u00f3n de este a\u00f1o ha tenido el soporte de Abertis, CaixaBank, Endesa, Repsol, PwC y Telef\u00f3nica. Adem\u00e1s, como acto de clausura del 250 aniversario de la patronal, tambi\u00e9n ha contado con la colaboraci\u00f3n de Glovo, Grant Thornton y Naturtgy, as\u00ed como del Ayuntamiento de Barcelona y la Diputaci\u00f3n de Barcelona.[\/vc_column_text]<div class=\"flexslider wpb_content_element\"><ul class=\"slides\"><li><img src=\"https:\/\/www.foment.com\/wp-content\/uploads\/2022\/06\/2-scaled.jpg\" alt=\"\" \/><\/li><li><img src=\"https:\/\/www.foment.com\/wp-content\/uploads\/2022\/06\/N1A7857.jpg\" alt=\"\" \/><\/li><li><img src=\"https:\/\/www.foment.com\/wp-content\/uploads\/2022\/06\/5-scaled.jpg\" alt=\"\" \/><\/li><li><img src=\"https:\/\/www.foment.com\/wp-content\/uploads\/2022\/06\/4-scaled.jpg\" alt=\"\" \/><\/li><li><img src=\"https:\/\/www.foment.com\/wp-content\/uploads\/2022\/06\/N1A7838-scaled.jpg\" alt=\"\" \/><\/li><li><img src=\"https:\/\/www.foment.com\/wp-content\/uploads\/2022\/06\/N1A7708-scaled.jpg\" alt=\"\" \/><\/li><li><img src=\"https:\/\/www.foment.com\/wp-content\/uploads\/2022\/06\/7-scaled.jpg\" alt=\"\" \/><\/li><li><img src=\"https:\/\/www.foment.com\/wp-content\/uploads\/2022\/06\/8.jpg\" alt=\"\" \/><\/li><\/ul><\/div>[vc_column_text]<span style=\"color: #c12238;\"><strong>Medallas de Honor Foment del Treball<\/strong><\/span><\/p>\n<p>En esta edici\u00f3n, Foment ha distinguido al <strong>presidente de la Automobile Barcelona, Enrique Lacalle Coll<\/strong>, con la <strong>Medalla de Honor a la trayectoria empresarial<\/strong>. Lacalle ha ocupado cargos directivos en diferentes consejos administrativos de empresas reconocidas dentro de la econom\u00eda catalana y espa\u00f1ola, como son Abertis o Red El\u00e9ctrica Espa\u00f1ola. Por otro lado, fue delegado especial del Estado en el Consorcio de la Zona Franca de Barcelona y Presidente del Comit\u00e9 Ejecutivo del mismo durante 8 a\u00f1os. Finalmente, Enrique Lacalle ha sido miembro del Consejo de Administraci\u00f3n de la Fira de Barcelona, Presidente Ejecutivo del Barcelona Meeting Point y Presidente Ejecutivo del Sal\u00f3n Internacional de la Log\u00edstica y de la Manutenci\u00f3n.<\/p>\n<p>La <strong>Medalla de Honor al empresario del a\u00f1o<\/strong> ha sido para los <strong>Consejeros delegados solidarios de Grifols, V\u00edctor Grifols Deu<\/strong> y <strong>Raimon Grifols Roura<\/strong>. Ambos empresarios han sido reconocidos por su actividad en este \u00faltimo a\u00f1o, en el que Grifols ha seguido trabajando para impactar de manera positiva en la sociedad, siempre desde el enfoque \u00e9tico y con una perspectiva a largo plazo basada en la sostenibilidad y responsabilidad en cada una de las etapas de su cadena de valor. Grifols se ha mantenido l\u00edder de la industria en producci\u00f3n de medicamentos derivados del plasma y medicina transfusional.[\/vc_column_text]<div class=\"flexslider wpb_content_element\"><ul class=\"slides\"><li><img src=\"https:\/\/www.foment.com\/wp-content\/uploads\/2022\/06\/N1A8126-scaled.jpg\" alt=\"\" \/><\/li><li><img src=\"https:\/\/www.foment.com\/wp-content\/uploads\/2022\/06\/N1A8145-scaled.jpg\" alt=\"\" \/><\/li><\/ul><\/div>[vc_column_text]<span style=\"color: #c12238;\"><strong>XV Premios Carles Ferrer Salat<\/strong><\/span><\/p>\n<p>El jurado de esta edici\u00f3n ha reconocido a siete empresas con los Premios Carles Ferrer Salat. Lo ha hecho en las categor\u00edas de Compromiso Social, Innovaci\u00f3n y Nuevas Tecnolog\u00edas, Desarrollo Sostenible, Internacionalizaci\u00f3n, Igualdad y Pyme del A\u00f1o, categor\u00eda en la que se han otorgado dos premios ex aequo.<\/p>\n<p>&nbsp;<\/p>\n<p><strong>Compromiso Social<\/strong><\/p>\n<p>Noel<\/p>\n<p><strong>\u00a0<\/strong><\/p>\n<p><strong>Innovaci\u00f3n y Nuevas Tecnolog\u00edas<\/strong><\/p>\n<p>Agromillora<\/p>\n<p><strong>\u00a0<\/strong><\/p>\n<p><strong>Desarrollo Sostenible<\/strong><\/p>\n<p>Colonial<\/p>\n<p><strong>\u00a0<\/strong><\/p>\n<p><strong>Internacionalizaci\u00f3n<\/strong><\/p>\n<p>Cromogenia Units<\/p>\n<p><strong>\u00a0<\/strong><\/p>\n<p><strong>Igualdad<\/strong><\/p>\n<p>Unilever Spain<\/p>\n<p><strong>\u00a0<\/strong><\/p>\n<p><strong>Pyme del A\u00f1o<\/strong><\/p>\n<p>MiWendo Solutions<\/p>\n<p>Rold\u00f3s Media<\/p>\n<p>&nbsp;<\/p>\n<p>El grupo de alimentaci\u00f3n de cuarta generaci\u00f3n con 80 a\u00f1os de trayectoria, <strong>Noel<\/strong>, ha sido reconocido por el jurado en la categor\u00eda de <strong>Compromiso Social<\/strong>. Especializado en la producci\u00f3n y distribuci\u00f3n de jam\u00f3n cocido y curado, embutidos y carnes frescas, tanto para el mercado nacional como internacional, ha sido galardonado por la patronal debido al papel social que desarrolla mediante su <strong>Fundaci\u00f3n A.Bosch<\/strong>, puesta en marcha el 2004. Esta se dedica principalmente a la investigaci\u00f3n de soluciones m\u00e9dicas, biom\u00e9dicas y quir\u00fargicas a enfermedades infantiles, en especial al c\u00e1ncer en la infancia y, en general, a contribuir al bienestar de las personas a lo largo de su vida. La patronal ha valorado tambi\u00e9n la implicaci\u00f3n de la compa\u00f1\u00eda mediante la Fundaci\u00f3n A. Bosch, en proyectos como \u2018Realidad Mejorada\u2019 que, en colaboraci\u00f3n con las fundaciones Aladina y Small, tiene el reto de conseguir fondos para remodelar la Unidad de Oncolog\u00eda y Hematolog\u00eda Pedi\u00e1tricas del Hospital Vall d\u2019Hebron de Barcelona. Esta actuaci\u00f3n est\u00e1 cuantificada en m\u00e1s de seis millones de euros y supone un hito en el \u00e1mbito de colaboraci\u00f3n p\u00fablico-privada.<\/p>\n<p>En la categor\u00eda de <strong>Innovaci\u00f3n y Nuevas Tecnolog\u00edas<\/strong>, Foment ha galardonado a <strong>Agromillora <\/strong>por su posici\u00f3n de liderazgo mundial en la multiplicaci\u00f3n <em>in vitro<\/em> de especies le\u00f1osas gracias a los avances tecnol\u00f3gicos y de innovaci\u00f3n que han desarrollado desde hace m\u00e1s de 35 a\u00f1os. El jurado ha querido destacar el papel de la compa\u00f1\u00eda en la aportaci\u00f3n al sector de sus avances cient\u00edficos, que han contribuido de manera decisiva a recortar los tiempos de producci\u00f3n de las plantas y ofrecer productos de mayor calidad sanitaria y gen\u00e9tica.<\/p>\n<p><strong>Colonial<\/strong>, reconocida por su posici\u00f3n innovadora dentro del sector inmobiliario y con altos niveles de los est\u00e1ndares europeos en ecoeficiencia, ha recibido el Premio Carles Ferrer Salat en la categor\u00eda de <strong>Desarrollo Sostenible<\/strong> por su inversi\u00f3n responsable, que la ha llevado a ser el n\u00famero uno en Europa en sostenibilidad inmobiliaria. El 95% de la cartera de edificios de Inmobiliaria Colonial est\u00e1 certificada como sostenible por entidades de referencia mundial como LEED o BREEAM, certificaciones que garantizan que los edificios alcanzan los est\u00e1ndares de ecoeficiencia y un alto grado de sostenibilidad ambiental. Adem\u00e1s, el jurado ha valorado la alineaci\u00f3n de la compa\u00f1\u00eda con los criterios de descarbonizaci\u00f3n de los acuerdos de Par\u00eds que contempla 64 acciones alineades con los ODS de la ONU.<\/p>\n<p>El premio a la categor\u00eda <strong>Internacionalizaci\u00f3n<\/strong> se le ha concedido a <strong>Cromogenia Units<\/strong>, empresa que este a\u00f1o celebra 80 a\u00f1os de una firme apuesta por la calidad, la investigaci\u00f3n y el respeto por el medio ambiente. Cromogenia Units tiene 10 plantas de producci\u00f3n situadas en diferentes pa\u00edses como Espa\u00f1a, Argentina, Chile, Brasil, Alemania, M\u00e9jico, los EUA y China, entre otros. Foment del Treball ha valorado la implementaci\u00f3n de su infraestructura de producci\u00f3n y posventa en todo el mundo para ofrecer un completo servicio t\u00e9cnico a sus clientes all\u00ed donde lo necesiten.<\/p>\n<p>Por cuarto a\u00f1o consecutivo, Foment concede el Premio Carles Ferrer Salat en la categor\u00eda de <strong>Igualdad<\/strong>. La patronal ha querido premiar a <strong>Unilever Spain<\/strong> por el incremento de mujeres que ocupan cargos directivos dentro de la organizaci\u00f3n. El 45% del Comit\u00e9 de Direcci\u00f3n de la compa\u00f1\u00eda son mujeres, un porcentaje que se eleva hasta el 75% en el caso de las participantes en el programa <strong>\u2018Futuros L\u00edderes\u2019<\/strong> de Unilever, que quiere captar nuevos talentos reci\u00e9n graduados.<\/p>\n<p>Finalmente, la patronal ha otorgado dos premios ex aequo a las <strong>Pyme del A\u00f1o<\/strong>, reconociendo dos pymes de referencia por su actividad empresarial. <strong>MiWendo Solutions <\/strong>ha sido galardonada por su car\u00e1cter innovador, una start-up que ha dise\u00f1ado un nuevo radar que se acopla al colonoscopio y detecta los p\u00f3lipos precancerosos con una alta precisi\u00f3n, emitiendo una alerta ac\u00fastica para avisar al m\u00e9dico cuando se encuentran. El dispositivo empieza la primera validaci\u00f3n con pacientes reales este verano y, con todas las validaciones prescriptivas, se prev\u00e9 la venta de m\u00e1s de un mill\u00f3n de unidades anuales a partir de los 6 primeros a\u00f1os de ventas, lo que significar\u00eda salvar 87.000 vidas.<\/p>\n<p>Por su parte, <strong>Rold\u00f3s Media <\/strong>ha sido reconocida por su trayectoria, que este a\u00f1o celebra su 150 aniversario y se convierte en una de las agencias de medios m\u00e1s antiguas de Europa. Rold\u00f3s es la agencia con m\u00e1s recorrido en el mercado, que aporta soluciones eficaces a las necesidades de comunicaci\u00f3n de sus clientes.[\/vc_column_text]<div class=\"flexslider wpb_content_element\"><ul class=\"slides\"><li><img src=\"https:\/\/www.foment.com\/wp-content\/uploads\/2022\/06\/N1A7951-scaled.jpg\" alt=\"\" \/><\/li><li><img src=\"https:\/\/www.foment.com\/wp-content\/uploads\/2022\/06\/N1A7960-scaled.jpg\" alt=\"\" \/><\/li><li><img src=\"https:\/\/www.foment.com\/wp-content\/uploads\/2022\/06\/N1A7977-scaled.jpg\" alt=\"\" \/><\/li><li><img src=\"https:\/\/www.foment.com\/wp-content\/uploads\/2022\/06\/N1A7989-scaled.jpg\" alt=\"\" \/><\/li><li><img src=\"https:\/\/www.foment.com\/wp-content\/uploads\/2022\/06\/N1A8011-scaled.jpg\" alt=\"\" \/><\/li><li><img src=\"https:\/\/www.foment.com\/wp-content\/uploads\/2022\/06\/N1A8032-scaled.jpg\" alt=\"\" \/><\/li><li><img src=\"https:\/\/www.foment.com\/wp-content\/uploads\/2022\/06\/N1A8051-scaled.jpg\" alt=\"\" \/><\/li><\/ul><\/div>[vc_column_text]<span style=\"color: #c12238;\"><strong> Los valores de Ferrer Salat<\/strong><\/span><\/p>\n<p>Con la institucionalizaci\u00f3n de sus premios anuales, Foment del Treball quiere reconocer y agradecer el esfuerzo y la determinaci\u00f3n de personalidades destacadas de nuestro entorno por su compromiso con el desarrollo social y empresarial. Destacado empresario catal\u00e1n, Ferrer Salat fue presidente de Foment en el momento del renacimiento de la patronal catalana con la llegada de la democracia: a su vez tambi\u00e9n fue presidente fundador de la patronal espa\u00f1ola CEOE y, posteriormente, presidente de la gran patronal europea UNICE, hoy llamada Business Europe.<\/p>\n<p>Los valores que representa Carles Ferrer Salat identifican plenamente los de Foment del Treball: la patronal catalana, la organizaci\u00f3n de empresarios m\u00e1s antigua de Europa con 250 a\u00f1os de historia, que ha encarnado el entusiasmo de catalanes emprendedores por el progreso de Catalu\u00f1a y Espa\u00f1a.[\/vc_column_text]<div class=\"video-embed  wpb_content_element\"><iframe title=\"Dia de l\u2019Empresa - Medalles d\u2019Honor  de Foment del Treball i XV Premis Carles Ferrer Salat\" width=\"1161\" height=\"653\" src=\"https:\/\/www.youtube.com\/embed\/3dvAo2vmA2w?feature=oembed\" frameborder=\"0\" allow=\"accelerometer; autoplay; clipboard-write; encrypted-media; gyroscope; picture-in-picture; web-share\" referrerpolicy=\"strict-origin-when-cross-origin\" allowfullscreen><\/iframe><\/div>[\/vc_column][\/vc_row]<\/p>\n<\/section>","protected":false},"excerpt":{"rendered":"<p>[vc_row][vc_column][vc_column_text] Los XV Premios Carles Ferrer Salat han reconocido a Noel en la categor\u00eda de Compromiso Social; Colonial en Desarrollo Sostenible; Unilever Spain en Igualdad; Agromillora Catalana en Innovaci\u00f3n y Nuevas Tecnolog\u00edas; Cromogenia Units en Internacionalizaci\u00f3n; y dos premios ex aequo: MiWendo Solutions y Rold\u00f3s como Pymes del A\u00f1o El acto de referencia anual de Foment, celebrado en el marco del D\u00eda de la Empresa, ha sido presidido por el presidente de la Generalitat de Catalunya, Pere Aragon\u00e8s, y ha contado con la presencia de la presidenta del Parlament de Catalunya, Laura Borr\u00e0s, y el Conseller d\u2019Empresa i Treball, Roger Torrent El presidente Aragon\u00e8s ha se\u00f1alado que precisamente \u201clas capacidades de apostar por la industria, el talento y la colaboraci\u00f3n entre el sector p\u00fablico y privado hace que hoy Catalunya y Barcelona sean una plaza estrat\u00e9gica para los retos del futuro\u201d . Las Drassanes Reials de Barcelona han acogido este mediod\u00eda el acto de celebraci\u00f3n del D\u00eda de la Empresa por parte de Foment del Treball Nacional, la patronal m\u00e1s antigua de Europa, fundada el 1771. El acto ha integrado la entrega de las Medallas de Honor anuales de Foment del Treball Nacional, as\u00ed como los XV Premios Carles Ferrer [&hellip;]<\/p>\n","protected":false},"author":10,"featured_media":147863,"comment_status":"closed","ping_status":"closed","sticky":false,"template":"","format":"standard","meta":{"_links_to":"","_links_to_target":""},"categories":[114,127,5714],"tags":[6898,6079,6884,6885,4340],"acf":[],"wps_subtitle":"S\u00e1nchez Llibre ha apuntado que a Catalu\u00f1a tiene sectores econ\u00f3micos muy punteros clave en la reconstrucci\u00f3n econ\u00f3mica de nuestro pa\u00eds como son las nuevas tecnolog\u00edas, la implementaci\u00f3n y retenci\u00f3n del talento, el sector cultural y la promoci\u00f3n de startups","_links":{"self":[{"href":"https:\/\/www.foment.com\/es\/wp-json\/wp\/v2\/posts\/147928"}],"collection":[{"href":"https:\/\/www.foment.com\/es\/wp-json\/wp\/v2\/posts"}],"about":[{"href":"https:\/\/www.foment.com\/es\/wp-json\/wp\/v2\/types\/post"}],"author":[{"embeddable":true,"href":"https:\/\/www.foment.com\/es\/wp-json\/wp\/v2\/users\/10"}],"replies":[{"embeddable":true,"href":"https:\/\/www.foment.com\/es\/wp-json\/wp\/v2\/comments?post=147928"}],"version-history":[{"count":6,"href":"https:\/\/www.foment.com\/es\/wp-json\/wp\/v2\/posts\/147928\/revisions"}],"predecessor-version":[{"id":147937,"href":"https:\/\/www.foment.com\/es\/wp-json\/wp\/v2\/posts\/147928\/revisions\/147937"}],"wp:featuredmedia":[{"embeddable":true,"href":"https:\/\/www.foment.com\/es\/wp-json\/wp\/v2\/media\/147863"}],"wp:attachment":[{"href":"https:\/\/www.foment.com\/es\/wp-json\/wp\/v2\/media?parent=147928"}],"wp:term":[{"taxonomy":"category","embeddable":true,"href":"https:\/\/www.foment.com\/es\/wp-json\/wp\/v2\/categories?post=147928"},{"taxonomy":"post_tag","embeddable":true,"href":"https:\/\/www.foment.com\/es\/wp-json\/wp\/v2\/tags?post=147928"}],"curies":[{"name":"wp","href":"https:\/\/api.w.org\/{rel}","templated":true}]}}