{"id":148150,"date":"2022-06-28T16:53:27","date_gmt":"2022-06-28T14:53:27","guid":{"rendered":"https:\/\/www.foment.com\/influir-acceleri-desdoblament-nii-manera-descongestionar-ap7\/"},"modified":"2022-07-01T16:25:20","modified_gmt":"2022-07-01T14:25:20","slug":"influir-acelere-desdoblamiento-nii-manera-descongestionar-ap7","status":"publish","type":"post","link":"https:\/\/www.foment.com\/es\/influir-acelere-desdoblamiento-nii-manera-descongestionar-ap7\/","title":{"rendered":"Foment intentar\u00e1 influir en que se acelere el desdoblamiento de la N-II, \u201cuna manera de descongestionar la AP-7\u201d"},"content":{"rendered":"<section class=\"wpb-content-wrapper\"><p>[vc_row][vc_column][vc_column_text]El presidente de Foment del Treball, Josep S\u00e1nchez Llibre, ha calificado de \u00abtragedia\u00bb los atascos que registra la autopista AP-7 desde la retirada de los peajes, despu\u00e9s de una reuni\u00f3n con los empresarios gerundenses representantes de la FOEG (Federaci\u00f3n de Organizaciones Empresariales de Girona).<\/p>\n<p>S\u00e1nchez Llibre se ha comprometido en intentar influir para que se acelere el desdoblamiento de la N-II \u2015obra promesa desde hace a\u00f1os\u2015, \u201cuna manera de descongestionar la AP-7\u201d.<\/p>\n<p>En este sentido, el presidente de la patronal conf\u00eda en la buena complicidad entre las secretar\u00edas generales de Infraestructuras del Mitma, encabezada por Xavier Flores, y la de Vicepresidencia y Pol\u00edticas Digitales y Territorio de la Generalitat, con Ricard Font al frente, para resolver las promesas incumplidas por parte del Estado en materia de inversiones en el territorio.<\/p>\n<p>Ha considerado el nombramiento de Flores por parte del Consejo de Ministros como una oportunidad y lo ha comparado con el de Albert Vilalta en 1996.<\/p>\n<p>S\u00e1nchez Llibre reconoce de todos modos que la soluci\u00f3n a la problem\u00e1tica no es \u00abde hoy para ma\u00f1ana\u00bb y que, en todo caso, ser\u00e1 \u00abde futuro\u00bb.<\/p>\n<p>De la mano de la Foeg, dirigir\u00e1 la petici\u00f3n a Xavier Flores relacionada con esta infraestructura, as\u00ed como con otras como es el caso del proyecto de apeadero del tren de alta velocidad al aeropuerto de la Costa Brava.<\/p>\n<p>Mientras tanto, el presidente de la patronal gerundense, Ernest Plana, aseguraba que disponen de un estudio previo a la liberaci\u00f3n de peajes con propuestas de gesti\u00f3n de la autopista con nuevas salidas que espera que se utilice \u00abpara desencallar este tema\u00bb.<\/p>\n<p>Josep S\u00e1nchez Llibre se ha desplazado a Girona junto a la presidenta de Fepime, Maria Helena de Felipe.<\/p>\n<p>De Felipe ha confirmado que Foment del Treball absorber\u00e1 definitivamente a Fepime a finales de octubre y que el motivo de la visita de este martes era explicar esta integraci\u00f3n que, seg\u00fan S\u00e1nchez Llibre, contribuir\u00e1 al objetivo de dotar \u00abcada vez de m\u00e1s peso a las organizaciones territoriales\u00bb.[\/vc_column_text]<div class=\"flexslider wpb_content_element\"><ul class=\"slides\"><li><img src=\"https:\/\/www.foment.com\/wp-content\/uploads\/2022\/06\/WhatsApp-Image-2022-06-28-at-6.54.22-PM-1.jpeg\" alt=\"\" \/><\/li><li><img src=\"https:\/\/www.foment.com\/wp-content\/uploads\/2022\/06\/WhatsApp-Image-2022-06-28-at-6.54.22-PM-2.jpeg\" alt=\"\" \/><\/li><li><img src=\"https:\/\/www.foment.com\/wp-content\/uploads\/2022\/06\/WhatsApp-Image-2022-06-28-at-6.54.23-PM.jpeg\" alt=\"\" \/><\/li><li><img src=\"https:\/\/www.foment.com\/wp-content\/uploads\/2022\/06\/WhatsApp-Image-2022-06-28-at-6.54.23-PM-2.jpeg\" alt=\"\" \/><\/li><li><img src=\"https:\/\/www.foment.com\/wp-content\/uploads\/2022\/06\/WhatsApp-Image-2022-06-28-at-6.54.23-PM-5.jpeg\" alt=\"\" \/><\/li><\/ul><\/div>[\/vc_column][\/vc_row]<\/p>\n<\/section>","protected":false},"excerpt":{"rendered":"<p>[vc_row][vc_column][vc_column_text]El presidente de Foment del Treball, Josep S\u00e1nchez Llibre, ha calificado de \u00abtragedia\u00bb los atascos que registra la autopista AP-7 desde la retirada de los peajes, despu\u00e9s de una reuni\u00f3n con los empresarios gerundenses representantes de la FOEG (Federaci\u00f3n de Organizaciones Empresariales de Girona). S\u00e1nchez Llibre se ha comprometido en intentar influir para que se acelere el desdoblamiento de la N-II \u2015obra promesa desde hace a\u00f1os\u2015, \u201cuna manera de descongestionar la AP-7\u201d. En este sentido, el presidente de la patronal conf\u00eda en la buena complicidad entre las secretar\u00edas generales de Infraestructuras del Mitma, encabezada por Xavier Flores, y la de Vicepresidencia y Pol\u00edticas Digitales y Territorio de la Generalitat, con Ricard Font al frente, para resolver las promesas incumplidas por parte del Estado en materia de inversiones en el territorio. Ha considerado el nombramiento de Flores por parte del Consejo de Ministros como una oportunidad y lo ha comparado con el de Albert Vilalta en 1996. S\u00e1nchez Llibre reconoce de todos modos que la soluci\u00f3n a la problem\u00e1tica no es \u00abde hoy para ma\u00f1ana\u00bb y que, en todo caso, ser\u00e1 \u00abde futuro\u00bb. De la mano de la Foeg, dirigir\u00e1 la petici\u00f3n a Xavier Flores relacionada con esta infraestructura, as\u00ed como [&hellip;]<\/p>\n","protected":false},"author":10,"featured_media":148060,"comment_status":"closed","ping_status":"closed","sticky":false,"template":"","format":"standard","meta":{"_links_to":"","_links_to_target":""},"categories":[114,68],"tags":[905,6910,6911,342,906,1254],"acf":[],"wps_subtitle":"","_links":{"self":[{"href":"https:\/\/www.foment.com\/es\/wp-json\/wp\/v2\/posts\/148150"}],"collection":[{"href":"https:\/\/www.foment.com\/es\/wp-json\/wp\/v2\/posts"}],"about":[{"href":"https:\/\/www.foment.com\/es\/wp-json\/wp\/v2\/types\/post"}],"author":[{"embeddable":true,"href":"https:\/\/www.foment.com\/es\/wp-json\/wp\/v2\/users\/10"}],"replies":[{"embeddable":true,"href":"https:\/\/www.foment.com\/es\/wp-json\/wp\/v2\/comments?post=148150"}],"version-history":[{"count":3,"href":"https:\/\/www.foment.com\/es\/wp-json\/wp\/v2\/posts\/148150\/revisions"}],"predecessor-version":[{"id":148153,"href":"https:\/\/www.foment.com\/es\/wp-json\/wp\/v2\/posts\/148150\/revisions\/148153"}],"wp:featuredmedia":[{"embeddable":true,"href":"https:\/\/www.foment.com\/es\/wp-json\/wp\/v2\/media\/148060"}],"wp:attachment":[{"href":"https:\/\/www.foment.com\/es\/wp-json\/wp\/v2\/media?parent=148150"}],"wp:term":[{"taxonomy":"category","embeddable":true,"href":"https:\/\/www.foment.com\/es\/wp-json\/wp\/v2\/categories?post=148150"},{"taxonomy":"post_tag","embeddable":true,"href":"https:\/\/www.foment.com\/es\/wp-json\/wp\/v2\/tags?post=148150"}],"curies":[{"name":"wp","href":"https:\/\/api.w.org\/{rel}","templated":true}]}}