{"id":148297,"date":"2022-07-05T13:47:08","date_gmt":"2022-07-05T11:47:08","guid":{"rendered":"https:\/\/www.foment.com\/think-tank-planteja-10-propostes-convenients-factibles-depenen-nosaltres-mateixos-davant-tardor-amenacadora\/"},"modified":"2022-07-25T13:53:05","modified_gmt":"2022-07-25T11:53:05","slug":"think-tank-plantea-10-propuestas-convenientes-factibles-dependen-nosotros-mismos-ante-otono-amenazador","status":"publish","type":"post","link":"https:\/\/www.foment.com\/es\/think-tank-plantea-10-propuestas-convenientes-factibles-dependen-nosotros-mismos-ante-otono-amenazador\/","title":{"rendered":"El think tank de Foment plantea 10 propuestas convenientes, factibles y que dependen de nosotros mismos, ante un oto\u00f1o amenazador"},"content":{"rendered":"<section class=\"wpb-content-wrapper\"><p>[vc_row][vc_column][vc_column_text]<\/p>\n<ul>\n<li><strong>El conflicto en Ucrania y el escenario postpand\u00e9mico dibujan un cambio de \u00e9poca en que Europa se refuerza pero su influencia como modelo de sociedad se debilita.<\/strong><\/li>\n<li><strong>La importancia de las nuevas tecnolog\u00edas se relativiza en un contexto que hace resurgir la necesidad de productos tan b\u00e1sicos como el cereal y el ma\u00edz, o la dependencia de las fuentes energ\u00e9ticas.<\/strong><\/li>\n<li><strong>Se se\u00f1ala como primera prioridad el reparto equitativo del impacto de la inflaci\u00f3n, a trav\u00e9s de ajustes fiscales y de un pacto de rentas que encuentre el equilibrio entre la justicia social, la competitividad empresarial y la sostenibilidad macroecon\u00f3mica.<\/strong><\/li>\n<\/ul>\n<p>El Instituto de Estudios Estrat\u00e9gicos (IEEF), el think tank ideol\u00f3gico de Foment del Treball, plantea un conjunto de actuaciones posibles, que dependen de nosotros mismos y que pueden comportar resultados positivos a corto plazo para abordar el oto\u00f1o amenazante que los indicadores econ\u00f3micos anticipan, en su III Informe de Coyuntura:<a href=\"https:\/\/www.foment.com\/wp-content\/uploads\/2022\/07\/Informe-de-Coyuntura-III_jul2022_CAST.pdf\"><em> &#8216;M\u00e1s all\u00e1 de la coyuntura: En el inicio de una nueva \u00e9poca&#8217;<\/em><\/a>, presentado hoy por el vicepresidente coordinador del IEEF, Jordi Alberich; el jefe de gabinete de Fomento y vocal de la IEEF, Jordi Casas; y el economista y vocal de la IEEF, Ana Julia Cura.<\/p>\n<p>El informe afirma que el conflicto en Ucrania y el escenario postpand\u00e9mico dibujan un cambio de \u00e9poca que no supone el final de la globalizaci\u00f3n, pero s\u00ed su \u201cnecesaria adecuaci\u00f3n a la realidad de un mundo la heterogeneidad y la complejidad del cual son ya indiscutibles\u201d. Aboga para recuperar la autonom\u00eda pol\u00edtica y la actividad productiva sin perder competitividad ni entrar en un proteccionismo contraproducente.<\/p>\n<p>Europa inicia esta etapa reforzada pero sin el arraigo de sus valores en el mundo, y la relativizaci\u00f3n del poder de las grandes corporaciones. En este sentido, seg\u00fan Alberich, es inaplazable repensar el cimiento ideol\u00f3gico de las sociedades abiertas porque considera que algunos de los supuestos te\u00f3ricos que alimentaron las \u00faltimas d\u00e9cadas han demostrado su fragilidad: \u00abEs necesario mejorar las pol\u00edticas p\u00fablicas, reforzar el Estado del bienestar y promover el compromiso de la sociedad civil\u00bb.<\/p>\n<p>Por todo esto, el think tank de Foment considera que, en los meses inmediatos, administraciones p\u00fablicas, empresariado y ciudadan\u00eda tendr\u00edan que comprometerse en unas l\u00edneas de actuaci\u00f3n prioritarias, que son convenientes, factibles y que dependen de nosotros mismos, lejos de aspirar a pol\u00edticas y reformas que son inalcanzables en un futuro previsible. De este modo, se\u00f1ala como primera prioridad el reparto equitativo del impacto de la inflaci\u00f3n a trav\u00e9s de ajustes fiscales y de un pacto de rentas que encuentre el equilibrio entre la justicia social, la competitividad empresarial y la sostenibilidad macroecon\u00f3mica.<\/p>\n<p>Tambi\u00e9n se resalta la importancia de los fondos Next Generations EU para la reindustrializaci\u00f3n del pa\u00eds. \u201cEstamos ante la posibilidad de desarrollar, por primera vez a nuestra historia, una pol\u00edtica industrial moderna y ambiciosa\u201d, cita el informe.<\/p>\n<p>En la presentaci\u00f3n se ha informado de que se est\u00e1 organizando un encuentro en Barcelona de think tanks referentes de patronales europeas para contribuir de manera conjunta en la construcci\u00f3n de la Europa para esta nueva era, y en la reinvenci\u00f3n del papel de la empresa y la sociedad civil para fortalecer la colaboraci\u00f3n con las instituciones.[\/vc_column_text]<div class=\"flexslider wpb_content_element\"><ul class=\"slides\"><li><img src=\"https:\/\/www.foment.com\/wp-content\/uploads\/2022\/07\/DSC_0643-scaled.jpg\" alt=\"\" \/><\/li><li><img src=\"https:\/\/www.foment.com\/wp-content\/uploads\/2022\/07\/DSC_0653-scaled.jpg\" alt=\"\" \/><\/li><li><img src=\"https:\/\/www.foment.com\/wp-content\/uploads\/2022\/07\/DSC_0663-scaled.jpg\" alt=\"\" \/><\/li><li><img src=\"https:\/\/www.foment.com\/wp-content\/uploads\/2022\/07\/DSC_0639-scaled.jpg\" alt=\"\" \/><\/li><li><img src=\"https:\/\/www.foment.com\/wp-content\/uploads\/2022\/07\/DSC_0647-scaled.jpg\" alt=\"\" \/><\/li><\/ul><\/div><div class=\"video-embed  wpb_content_element\"><iframe title=\"El think tank de Foment planteja 10 propostes priorit\u00e0ries davant una tardor amena\u00e7adora\" width=\"1161\" height=\"653\" src=\"https:\/\/www.youtube.com\/embed\/2kSp-sjnXx4?feature=oembed\" frameborder=\"0\" allow=\"accelerometer; autoplay; clipboard-write; encrypted-media; gyroscope; picture-in-picture; web-share\" referrerpolicy=\"strict-origin-when-cross-origin\" allowfullscreen><\/iframe><\/div>[\/vc_column][\/vc_row]<\/p>\n<\/section>","protected":false},"excerpt":{"rendered":"<p>[vc_row][vc_column][vc_column_text] El conflicto en Ucrania y el escenario postpand\u00e9mico dibujan un cambio de \u00e9poca en que Europa se refuerza pero su influencia como modelo de sociedad se debilita. La importancia de las nuevas tecnolog\u00edas se relativiza en un contexto que hace resurgir la necesidad de productos tan b\u00e1sicos como el cereal y el ma\u00edz, o la dependencia de las fuentes energ\u00e9ticas. Se se\u00f1ala como primera prioridad el reparto equitativo del impacto de la inflaci\u00f3n, a trav\u00e9s de ajustes fiscales y de un pacto de rentas que encuentre el equilibrio entre la justicia social, la competitividad empresarial y la sostenibilidad macroecon\u00f3mica. El Instituto de Estudios Estrat\u00e9gicos (IEEF), el think tank ideol\u00f3gico de Foment del Treball, plantea un conjunto de actuaciones posibles, que dependen de nosotros mismos y que pueden comportar resultados positivos a corto plazo para abordar el oto\u00f1o amenazante que los indicadores econ\u00f3micos anticipan, en su III Informe de Coyuntura: &#8216;M\u00e1s all\u00e1 de la coyuntura: En el inicio de una nueva \u00e9poca&#8217;, presentado hoy por el vicepresidente coordinador del IEEF, Jordi Alberich; el jefe de gabinete de Fomento y vocal de la IEEF, Jordi Casas; y el economista y vocal de la IEEF, Ana Julia Cura. El informe afirma que [&hellip;]<\/p>\n","protected":false},"author":10,"featured_media":148288,"comment_status":"closed","ping_status":"closed","sticky":false,"template":"","format":"standard","meta":{"_links_to":"","_links_to_target":""},"categories":[114,1788,5714],"tags":[6923,6927,6135,6136,6924,6928,6925,6929,6926,6930],"acf":[],"wps_subtitle":"El informe cuestiona la globalizaci\u00f3n tal como la conocemos y aboga por recuperar la autonom\u00eda pol\u00edtica y la actividad productiva sin perder competitividad ni entrar en un proteccionismo contraproducente","_links":{"self":[{"href":"https:\/\/www.foment.com\/es\/wp-json\/wp\/v2\/posts\/148297"}],"collection":[{"href":"https:\/\/www.foment.com\/es\/wp-json\/wp\/v2\/posts"}],"about":[{"href":"https:\/\/www.foment.com\/es\/wp-json\/wp\/v2\/types\/post"}],"author":[{"embeddable":true,"href":"https:\/\/www.foment.com\/es\/wp-json\/wp\/v2\/users\/10"}],"replies":[{"embeddable":true,"href":"https:\/\/www.foment.com\/es\/wp-json\/wp\/v2\/comments?post=148297"}],"version-history":[{"count":5,"href":"https:\/\/www.foment.com\/es\/wp-json\/wp\/v2\/posts\/148297\/revisions"}],"predecessor-version":[{"id":149075,"href":"https:\/\/www.foment.com\/es\/wp-json\/wp\/v2\/posts\/148297\/revisions\/149075"}],"wp:featuredmedia":[{"embeddable":true,"href":"https:\/\/www.foment.com\/es\/wp-json\/wp\/v2\/media\/148288"}],"wp:attachment":[{"href":"https:\/\/www.foment.com\/es\/wp-json\/wp\/v2\/media?parent=148297"}],"wp:term":[{"taxonomy":"category","embeddable":true,"href":"https:\/\/www.foment.com\/es\/wp-json\/wp\/v2\/categories?post=148297"},{"taxonomy":"post_tag","embeddable":true,"href":"https:\/\/www.foment.com\/es\/wp-json\/wp\/v2\/tags?post=148297"}],"curies":[{"name":"wp","href":"https:\/\/api.w.org\/{rel}","templated":true}]}}