{"id":148408,"date":"2022-07-11T18:16:47","date_gmt":"2022-07-11T16:16:47","guid":{"rendered":"https:\/\/www.foment.com\/suport-reforma-legislacio-combatre-increment-okupacio-delinquencial-provoca-situacio-alarma-social\/"},"modified":"2022-07-11T18:21:15","modified_gmt":"2022-07-11T16:21:15","slug":"apoyo-reforma-legislacion-combatir-incremento-okupacion-delincuencial-provoca-situacion-alarma-social","status":"publish","type":"post","link":"https:\/\/www.foment.com\/es\/apoyo-reforma-legislacion-combatir-incremento-okupacion-delincuencial-provoca-situacion-alarma-social\/","title":{"rendered":"Foment apoya una reforma de la legislaci\u00f3n para combatir el incremento de la okupaci\u00f3n delincuencial que est\u00e1 provocando una \u00absituaci\u00f3n de alarma social\u00bb"},"content":{"rendered":"<section class=\"wpb-content-wrapper\"><p>[vc_row][vc_column][vc_column_text]<\/p>\n<ul>\n<li><strong>Se debe homologar la legislaci\u00f3n actual a la de otros pa\u00edses europeos donde los desalojos son inmediatos.<\/strong><\/li>\n<\/ul>\n<p>Foment del Treball ha denunciado hoy en rueda de prensa la okupaci\u00f3n delinqu\u00e8ncial cada vez m\u00e1s manifiesta en Espa\u00f1a y Catalu\u00f1a. El presidente de la patronal catalana, Josep S\u00e1nchez Llibre, ha alertado del aumento del 18% de las okupaciones de viviendas al 2021, hasta 13.389 casos en Espa\u00f1a, el 42% de los cuales, 5.589, en Catalu\u00f1a, y ha advertido de la existencia de una \u00absituaci\u00f3n de alarma social\u00bb por este incremento.<\/p>\n<p>S\u00e1nchez Llibre ha asegurado que este tipo de okupaciones \u00abse est\u00e1n convirtiendo en un gran negocio para las mafias organizadas, que son las grande beneficiadas\u201d, y ha pedido una reforma de la legislaci\u00f3n actual para homologarla a la de otros pa\u00edses europeos donde los desalojos son inmediatos.<\/p>\n<p>En este sentido, ha mostrado el apoyo de Foment a las propuestas presentadas por el Colegio de Abogados de Barcelona (Icab), el Colegio de Abogados de Matar\u00f3 y el Colegio de Abogados de M\u00e1laga (ICAMalaga).<\/p>\n<p>Estas propuestas se basan en la reforma del Art\u00edculo 13 de la Ley de enjuiciamiento criminal para permitir los desalojos inmediatos; de la Ley del r\u00e9gimen de bases locales para dar atribuciones a los ayuntamientos para coordinar a los cuerpos de seguridad; y de la Ley de propiedad horizontal para dar legitimaci\u00f3n para actuar en las comunidades de propietarios.<\/p>\n<p>El miembro de la Comisi\u00f3n Jur\u00eddica de la patronal, Emilio Zegr\u00ed, ha explicado que el PDeCAT prev\u00e9 llevar estas modificaciones al Congreso de los Diputados en septiembre, y ha recordado que el c\u00f3digo penal protege adecuadamente la propiedad privada, aunque el colapso en los juzgados retrasa los desalojos: \u00ablo que no puede ser es que las administraciones trasladen una obligaci\u00f3n propia a los ciudadanos, haciendo mermar el Derecho a la Propiedad para hacer cumplir otro derecho\u00bb.<\/p>\n<p>E El presidente de la Asociaci\u00f3n de Propietarios de Catalu\u00f1a, Sergi Llagostera ha lamentado el \u00ababandono total y absoluto\u00bb de las administraciones en este campo y ha apuntado el perjuicio que se provoca a los propietarios, no solo a los grandes, sino tambi\u00e9n a los peque\u00f1os y medios y en las comunidades vecinales, adem\u00e1s de los abusos que las mafias organizadas ejercen sobre las familias en una situaci\u00f3n econ\u00f3mica y social precaria.<\/p>\n<p>La responsable de Relaciones Institucionales de Foment, Montse Surroca, ha explicado que desde la patronal se hablar\u00e1 con todos los grupos pol\u00edticos representados en el Congreso de los Diputados para que apoyen la proposici\u00f3n de ley que presentar\u00e1 el PDCat: \u00abHacemos un llamamiento a los grupos parlamentarios del Congreso para que apoyen esta iniciativa contra la okupaci\u00f3n delinquencial\u00bb.<\/p>\n<p>Adem\u00e1s, el presidente de Foment ha pedido la m\u00e1xima complicidad de las Administraciones para elaborar un plan de choque social para resolver la carencia de vivienda social en Catalu\u00f1a.[\/vc_column_text]<div class=\"flexslider wpb_content_element\"><ul class=\"slides\"><li><img src=\"https:\/\/www.foment.com\/wp-content\/uploads\/2022\/07\/2022-07-11-12.04.40-scaled.jpg\" alt=\"\" \/><\/li><li><img src=\"https:\/\/www.foment.com\/wp-content\/uploads\/2022\/07\/2022-07-11-12.05.11-scaled.jpg\" alt=\"\" \/><\/li><li><img src=\"https:\/\/www.foment.com\/wp-content\/uploads\/2022\/07\/2022-07-11-12.08.37-scaled.jpg\" alt=\"\" \/><\/li><li><img src=\"https:\/\/www.foment.com\/wp-content\/uploads\/2022\/07\/2022-07-11-12.13.34-scaled.jpg\" alt=\"\" \/><\/li><li><img src=\"https:\/\/www.foment.com\/wp-content\/uploads\/2022\/07\/2022-07-11-12.08.28-scaled.jpg\" alt=\"\" \/><\/li><li><img src=\"https:\/\/www.foment.com\/wp-content\/uploads\/2022\/07\/2022-07-11-12.16.51-scaled.jpg\" alt=\"\" \/><\/li><li><img src=\"https:\/\/www.foment.com\/wp-content\/uploads\/2022\/07\/2022-07-11-12.19.36-scaled.jpg\" alt=\"\" \/><\/li><li><img src=\"https:\/\/www.foment.com\/wp-content\/uploads\/2022\/07\/2022-07-11-12.23.49-scaled.jpg\" alt=\"\" \/><\/li><li><img src=\"https:\/\/www.foment.com\/wp-content\/uploads\/2022\/07\/2022-07-11-12.16.15-scaled.jpg\" alt=\"\" \/><\/li><\/ul><\/div><div class=\"video-embed  wpb_content_element\"><iframe title=\"Roda de premsa de Foment del Treball. Problem\u00e0tica de l&#039;okupaci\u00f3 a Catalunya\" width=\"1161\" height=\"653\" src=\"https:\/\/www.youtube.com\/embed\/7zqWXbro1D4?feature=oembed\" frameborder=\"0\" allow=\"accelerometer; autoplay; clipboard-write; encrypted-media; gyroscope; picture-in-picture; web-share\" referrerpolicy=\"strict-origin-when-cross-origin\" allowfullscreen><\/iframe><\/div>[\/vc_column][\/vc_row]<\/p>\n<\/section>","protected":false},"excerpt":{"rendered":"<p>[vc_row][vc_column][vc_column_text] Se debe homologar la legislaci\u00f3n actual a la de otros pa\u00edses europeos donde los desalojos son inmediatos. Foment del Treball ha denunciado hoy en rueda de prensa la okupaci\u00f3n delinqu\u00e8ncial cada vez m\u00e1s manifiesta en Espa\u00f1a y Catalu\u00f1a. El presidente de la patronal catalana, Josep S\u00e1nchez Llibre, ha alertado del aumento del 18% de las okupaciones de viviendas al 2021, hasta 13.389 casos en Espa\u00f1a, el 42% de los cuales, 5.589, en Catalu\u00f1a, y ha advertido de la existencia de una \u00absituaci\u00f3n de alarma social\u00bb por este incremento. S\u00e1nchez Llibre ha asegurado que este tipo de okupaciones \u00abse est\u00e1n convirtiendo en un gran negocio para las mafias organizadas, que son las grande beneficiadas\u201d, y ha pedido una reforma de la legislaci\u00f3n actual para homologarla a la de otros pa\u00edses europeos donde los desalojos son inmediatos. En este sentido, ha mostrado el apoyo de Foment a las propuestas presentadas por el Colegio de Abogados de Barcelona (Icab), el Colegio de Abogados de Matar\u00f3 y el Colegio de Abogados de M\u00e1laga (ICAMalaga). Estas propuestas se basan en la reforma del Art\u00edculo 13 de la Ley de enjuiciamiento criminal para permitir los desalojos inmediatos; de la Ley del r\u00e9gimen de bases locales [&hellip;]<\/p>\n","protected":false},"author":10,"featured_media":148375,"comment_status":"closed","ping_status":"closed","sticky":false,"template":"","format":"standard","meta":{"_links_to":"","_links_to_target":""},"categories":[114,1659,5714],"tags":[6938,6941,6940],"acf":[],"wps_subtitle":"S\u00e1nchez Llibre ha asegurado que este tipo de okupaciones \"se est\u00e1 convirtiendo en un gran negocio para las mafias organizadas\"","_links":{"self":[{"href":"https:\/\/www.foment.com\/es\/wp-json\/wp\/v2\/posts\/148408"}],"collection":[{"href":"https:\/\/www.foment.com\/es\/wp-json\/wp\/v2\/posts"}],"about":[{"href":"https:\/\/www.foment.com\/es\/wp-json\/wp\/v2\/types\/post"}],"author":[{"embeddable":true,"href":"https:\/\/www.foment.com\/es\/wp-json\/wp\/v2\/users\/10"}],"replies":[{"embeddable":true,"href":"https:\/\/www.foment.com\/es\/wp-json\/wp\/v2\/comments?post=148408"}],"version-history":[{"count":3,"href":"https:\/\/www.foment.com\/es\/wp-json\/wp\/v2\/posts\/148408\/revisions"}],"predecessor-version":[{"id":148411,"href":"https:\/\/www.foment.com\/es\/wp-json\/wp\/v2\/posts\/148408\/revisions\/148411"}],"wp:featuredmedia":[{"embeddable":true,"href":"https:\/\/www.foment.com\/es\/wp-json\/wp\/v2\/media\/148375"}],"wp:attachment":[{"href":"https:\/\/www.foment.com\/es\/wp-json\/wp\/v2\/media?parent=148408"}],"wp:term":[{"taxonomy":"category","embeddable":true,"href":"https:\/\/www.foment.com\/es\/wp-json\/wp\/v2\/categories?post=148408"},{"taxonomy":"post_tag","embeddable":true,"href":"https:\/\/www.foment.com\/es\/wp-json\/wp\/v2\/tags?post=148408"}],"curies":[{"name":"wp","href":"https:\/\/api.w.org\/{rel}","templated":true}]}}