{"id":148571,"date":"2022-07-13T17:45:54","date_gmt":"2022-07-13T15:45:54","guid":{"rendered":"https:\/\/www.foment.com\/foment-considera-economia-productiva-ha-estat-gran-oblidada-debat-politica-general\/"},"modified":"2022-07-13T18:49:57","modified_gmt":"2022-07-13T16:49:57","slug":"foment-considera-economia-productiva-ha-sido-gran-olvidada-debate-estado-nacion","status":"publish","type":"post","link":"https:\/\/www.foment.com\/es\/foment-considera-economia-productiva-ha-sido-gran-olvidada-debate-estado-nacion\/","title":{"rendered":"Foment del Treball considera que la econom\u00eda productiva ha sido la gran olvidada del Debate sobre el Estado de la Naci\u00f3n"},"content":{"rendered":"<ul>\n<li><strong>No pueden salir adelante las medidas anunciadas de gran envergadura sin hablar antes con los sectores afectados, tanto el energ\u00e9tico como el financiero.<\/strong><\/li>\n<li><strong>Foment muestra su preocupaci\u00f3n por la carencia de seguridad jur\u00eddica que se deriva del concepto de beneficios extraordinarios empleado por el presidente del Gobierno espa\u00f1ol.<\/strong><\/li>\n<li><strong>No se ha valorado bastante como las medidas anunciadas pueden perjudicar la imagen de la econom\u00eda real del pa\u00eds y la credibilidad de Espa\u00f1a como pa\u00eds atractivo para las inversiones<\/strong><\/li>\n<\/ul>\n<p class=\"p1\">Foment del Treball muestra la preocupaci\u00f3n por la carencia de medidas que vayan dirigidas a la econom\u00eda productiva (empresas grandes, peque\u00f1as, medianas, micros y aut\u00f3nomos), la olvidada en la intervenci\u00f3n del Presidente del Gobierno, y que est\u00e1 soportando una subida de precios de sus materias primas que no se est\u00e1 trasladando en su intensidad a los precios al consumidor, reduciendo sus m\u00e1rgenes empresariales.<\/p>\n<p class=\"p1\">En este contexto se esperaba una mayor implicaci\u00f3n del Gobierno con la econom\u00eda productiva del pa\u00eds, que lleva muchos meses con la situaci\u00f3n de la crisis derivada de la COVID, situaci\u00f3n que se ve agraviada con las fuertes subidas de la energ\u00eda y de las materias primas. Por lo tanto, Foment considera que habr\u00eda habido que apoyar a las empresas m\u00e1s afectadas.<\/p>\n<p class=\"p1\">Foment valora que, sin el apoyo a la econom\u00eda productiva, dif\u00edcilmente se resolver\u00e1 la crisis que sufrimos, por lo cual, estas medidas anunciadas son plenamente insuficientes, e incluso algunas de ellas contraproducentes, como subir los impuestos en tiempos de crisis. Resulta muy curioso, que el Gobierno proponga un plan de impulso y la lectura burs\u00e1til es de una fuerte bajada de las cotizaciones.<\/p>\n<p class=\"p1\">As\u00ed, y de forma supresiva las medidas m\u00e1s centradas al mundo empresarial se han dirigido a castigar dos sectores de la econom\u00eda, como son el sector el\u00e9ctrico y bancario-financiero, importantes en la econom\u00eda, que han sufrido un proceso de reestructuraci\u00f3n considerable, especialmente en el caso de este \u00faltimo.<\/p>\n<p class=\"p1\">Nuevamente, Foment se\u00f1ala que hay que llevar a cabo una pol\u00edtica con un di\u00e1logo sincero y abierto entre el mundo empresarial y el Gobierno, que refuerce la confianza mutua, dado que tenemos que trabajar juntos para salir de la crisis y abordar la recuperaci\u00f3n, sin estigmatizar o buscando culpables. Para lo cual, tanto a nivel intersectorial, como especialmente con las entidades sectoriales, Foment del Treball quiere mostrar su rechazo a la carencia de di\u00e1logo y de comunicaci\u00f3n con las medidas anunciadas, que hacen m\u00e1s dif\u00edcil, el acercamiento de posiciones y la confianza entre las partes.<\/p>\n<p class=\"p1\">Con este sectores, el Gobierno ha tenido una relaci\u00f3n fluida, como han se\u00f1alado las respectivas asociaciones sectoriales, siendo extra\u00f1o esta fuerte afectaci\u00f3n innecesaria a los sectores mencionados, desde el punto de vista econ\u00f3mico y de resoluci\u00f3n de la grave crisis que estamos sufriendo, y que se han visto fuertemente castigados en el mercados burs\u00e1tiles.<\/p>\n<p class=\"p1\">Adem\u00e1s, Fomento valora que la imprecisi\u00f3n de las medidas, la incertidumbre y volatilidad elevada del mercado, y la carencia de seguridad jur\u00eddica y de la carencia de predictibilidad de las medidas propuestas han amplificado el efecto perjudicial a la imagen reputacional y credibilidad del pa\u00eds, puesto que estas medidas tendr\u00e1n su impacto sobre los inversores.<\/p>\n<p class=\"p1\">En este sentido, Foment cree que hay que recordar que las medidas de septiembre de 2021 han limitado a las el\u00e9ctricas los incrementos de precios, como bien conoce el Gobierno y las empresas del sector le manifiestan, que la problem\u00e1tica se encuentra en c\u00f3mo se fija la tarifa el\u00e9ctrica \u2013 PVPC-, por cierto, de forma muy diferente a otros pa\u00edses pr\u00f3ximos, en el que se ha sufrido en menor intensidad el incremento de precios. Por lo tanto, la medida anunciada se ve desproporcionada y no ataca la ra\u00edz del problema, puesto que no se resuelve esta crisis con subidas de impuestos.<\/p>\n<p class=\"p1\">Por otro lado, la normalizaci\u00f3n de la pol\u00edtica monetaria, en un contexto de tipo de inter\u00e9s positivos, que favorecer\u00e1 el ahorro, no tiene porqu\u00e9 inducir mayores retribuciones al sector financiero, puesto que lo que es relevante es que sea un mercado competitivo. Lo que era extra\u00f1o eran los tipos de inter\u00e9s nominales negativos, que malograron el ahorro, y el esfuerzo que el sector financiero ha hecho por no trasladar este tipos negativos a la inmensa mayor\u00eda del depositarios.<\/p>\n<p class=\"p1\">Foment se\u00f1ala que inferir en que la normalizaci\u00f3n de tipo supone una ganancia para el sector bancario, es no conocer los mercados financieros y bancarios, sin que se pueda entrever un ganancias extraordinarias como se se\u00f1ala por parte del Gobierno. Adem\u00e1s, hay que recordar que la Banca en este pa\u00eds paga un tipo del impuesto sobre sociedades m\u00e1s elevado que el general, adem\u00e1s de impuesto especial sobre los dep\u00f3sitos.<\/p>\n<p>&nbsp;<\/p>\n","protected":false},"excerpt":{"rendered":"<p>No pueden salir adelante las medidas anunciadas de gran envergadura sin hablar antes con los sectores afectados, tanto el energ\u00e9tico como el financiero. Foment muestra su preocupaci\u00f3n por la carencia de seguridad jur\u00eddica que se deriva del concepto de beneficios extraordinarios empleado por el presidente del Gobierno espa\u00f1ol. No se ha valorado bastante como las medidas anunciadas pueden perjudicar la imagen de la econom\u00eda real del pa\u00eds y la credibilidad de Espa\u00f1a como pa\u00eds atractivo para las inversiones Foment del Treball muestra la preocupaci\u00f3n por la carencia de medidas que vayan dirigidas a la econom\u00eda productiva (empresas grandes, peque\u00f1as, medianas, micros y aut\u00f3nomos), la olvidada en la intervenci\u00f3n del Presidente del Gobierno, y que est\u00e1 soportando una subida de precios de sus materias primas que no se est\u00e1 trasladando en su intensidad a los precios al consumidor, reduciendo sus m\u00e1rgenes empresariales. En este contexto se esperaba una mayor implicaci\u00f3n del Gobierno con la econom\u00eda productiva del pa\u00eds, que lleva muchos meses con la situaci\u00f3n de la crisis derivada de la COVID, situaci\u00f3n que se ve agraviada con las fuertes subidas de la energ\u00eda y de las materias primas. Por lo tanto, Foment considera que habr\u00eda habido que apoyar a las [&hellip;]<\/p>\n","protected":false},"author":7,"featured_media":148567,"comment_status":"closed","ping_status":"closed","sticky":false,"template":"","format":"standard","meta":{"_links_to":"","_links_to_target":""},"categories":[114,69,5714],"tags":[6956,2422],"acf":[],"wps_subtitle":"El debate sobre el Estado de la Naci\u00f3n en el Congreso de los Diputados demuestra que se ha pensado m\u00e1s en las pr\u00f3ximas elecciones que al resolver la situaci\u00f3n actual de la econom\u00eda para abordar la recuperaci\u00f3n","_links":{"self":[{"href":"https:\/\/www.foment.com\/es\/wp-json\/wp\/v2\/posts\/148571"}],"collection":[{"href":"https:\/\/www.foment.com\/es\/wp-json\/wp\/v2\/posts"}],"about":[{"href":"https:\/\/www.foment.com\/es\/wp-json\/wp\/v2\/types\/post"}],"author":[{"embeddable":true,"href":"https:\/\/www.foment.com\/es\/wp-json\/wp\/v2\/users\/7"}],"replies":[{"embeddable":true,"href":"https:\/\/www.foment.com\/es\/wp-json\/wp\/v2\/comments?post=148571"}],"version-history":[{"count":15,"href":"https:\/\/www.foment.com\/es\/wp-json\/wp\/v2\/posts\/148571\/revisions"}],"predecessor-version":[{"id":148586,"href":"https:\/\/www.foment.com\/es\/wp-json\/wp\/v2\/posts\/148571\/revisions\/148586"}],"wp:featuredmedia":[{"embeddable":true,"href":"https:\/\/www.foment.com\/es\/wp-json\/wp\/v2\/media\/148567"}],"wp:attachment":[{"href":"https:\/\/www.foment.com\/es\/wp-json\/wp\/v2\/media?parent=148571"}],"wp:term":[{"taxonomy":"category","embeddable":true,"href":"https:\/\/www.foment.com\/es\/wp-json\/wp\/v2\/categories?post=148571"},{"taxonomy":"post_tag","embeddable":true,"href":"https:\/\/www.foment.com\/es\/wp-json\/wp\/v2\/tags?post=148571"}],"curies":[{"name":"wp","href":"https:\/\/api.w.org\/{rel}","templated":true}]}}