{"id":149528,"date":"2022-08-12T14:26:06","date_gmt":"2022-08-12T12:26:06","guid":{"rendered":"https:\/\/www.foment.com\/?p=149528"},"modified":"2022-08-12T15:02:08","modified_gmt":"2022-08-12T13:02:08","slug":"los-espanoles-no-deben-pagar-mas-impuestos-causa-incremento-inflacion","status":"publish","type":"post","link":"https:\/\/www.foment.com\/es\/los-espanoles-no-deben-pagar-mas-impuestos-causa-incremento-inflacion\/","title":{"rendered":"Los espa\u00f1oles no deben pagar m\u00e1s impuestos a causa del incremento de la inflaci\u00f3n"},"content":{"rendered":"<ul>\n<li class=\"p1\"><strong>Foment considera que la Administraci\u00f3n que est\u00e1 recaudando ahora m\u00e1s impuestos gracias a la inflaci\u00f3n tambi\u00e9n deber\u00eda asumir su responsabilidad. Lo que va bien a Hacienda, no va necesariamente bien al pa\u00eds como es en este caso.<\/strong><\/li>\n<li class=\"p1\"><strong>Tras el dato de la inflaci\u00f3n correspondiente al mes de julio hecho p\u00fablico hoy que alcanza el 10,8%, y para combatir este fuerte incremento<span class=\"Apple-converted-space\">\u00a0 <\/span>del IPC-que se est\u00e1 convirtiendo en estructural- Foment del Treball reivindica nuevamente el pacto de solidaridad y responsabilidad, el denominado pacto de rentas entre empresarios, trabajadores, pensionistas y funcionarios.<\/strong><\/li>\n<\/ul>\n<p class=\"p1\">Foment del Treball considera que la inflaci\u00f3n est\u00e1 siendo m\u00e1s perdurable, que lo inicialmente previsto. Esta circunstancia asociada a los factores de encarecimiento de la energ\u00eda supone indudablemente una p\u00e9rdida de renta para el conjunto de la poblaci\u00f3n y crea grandes dificultades a las empresas del pa\u00eds, a la econom\u00eda productiva. Por consiguiente, las medidas de apoyo se hacen m\u00e1s dif\u00edciles de dar, por su intensidad en tiempo y nivel.<\/p>\n<p class=\"p1\">Dado el empobrecimiento que genera este incremento de la inflaci\u00f3n, deben adoptar medidas para distribuirlo. Por este motivo, Foment del Treball reitera una ve m\u00e1s el pacto de rentas, el pacto de responsabilidad y solidaridad entre empresarios, trabajadores, pensionistas y funcionarios.<\/p>\n<p class=\"p1\">Como se\u00f1alan los organismos internacionales, debe proteger de forma prioritaria a los m\u00e1s vulnerables, Adem\u00e1s, tras la crisis de la covid-19, tenemos un sistema econ\u00f3mico m\u00e1s debilitado ante esta crisis y se hace imprescindible salvaguardar el empleo que generan.<span class=\"Apple-converted-space\">\u00a0 <\/span>De hecho, el \u00faltimo dato de empleo de julio, ya empieza a mostrar que la situaci\u00f3n de la inflaci\u00f3n est\u00e1 haciendo mella en la ocupaci\u00f3n.<\/p>\n<p class=\"p1\">En definitiva, Foment del Treball remarca que hay que evitar un gran endeudamiento p\u00fablico, pero sobre todo que en este contexto con una inflaci\u00f3n disparada, lo que no debe hacerse es incrementar los impuestos y a\u00fan menos teniendo en cuenta el incremento de la recaudaci\u00f3n fiscal que se est\u00e1 produciendo. La Administraci\u00f3n tambi\u00e9n deben asumir su responsabilidad.<span class=\"Apple-converted-space\">\u00a0 <\/span>Lo que va bien a Hacienda, no va necesariamente bien al pa\u00eds como es en este caso.<\/p>\n<p class=\"p1\">Por todo ello, Foment del Treball remarca la necesidad de que el Gobierno espa\u00f1ol proceda a la deflactaci\u00f3n de la tarifa del IRPF. Los espa\u00f1oles no deben pagar m\u00e1s impuestos por el mero hecho de la inflaci\u00f3n.<\/p>\n","protected":false},"excerpt":{"rendered":"<p>Foment considera que la Administraci\u00f3n que est\u00e1 recaudando ahora m\u00e1s impuestos gracias a la inflaci\u00f3n tambi\u00e9n deber\u00eda asumir su responsabilidad. Lo que va bien a Hacienda, no va necesariamente bien al pa\u00eds como es en este caso. Tras el dato de la inflaci\u00f3n correspondiente al mes de julio hecho p\u00fablico hoy que alcanza el 10,8%, y para combatir este fuerte incremento\u00a0 del IPC-que se est\u00e1 convirtiendo en estructural- Foment del Treball reivindica nuevamente el pacto de solidaridad y responsabilidad, el denominado pacto de rentas entre empresarios, trabajadores, pensionistas y funcionarios. Foment del Treball considera que la inflaci\u00f3n est\u00e1 siendo m\u00e1s perdurable, que lo inicialmente previsto. Esta circunstancia asociada a los factores de encarecimiento de la energ\u00eda supone indudablemente una p\u00e9rdida de renta para el conjunto de la poblaci\u00f3n y crea grandes dificultades a las empresas del pa\u00eds, a la econom\u00eda productiva. Por consiguiente, las medidas de apoyo se hacen m\u00e1s dif\u00edciles de dar, por su intensidad en tiempo y nivel. Dado el empobrecimiento que genera este incremento de la inflaci\u00f3n, deben adoptar medidas para distribuirlo. Por este motivo, Foment del Treball reitera una ve m\u00e1s el pacto de rentas, el pacto de responsabilidad y solidaridad entre empresarios, trabajadores, pensionistas y [&hellip;]<\/p>\n","protected":false},"author":7,"featured_media":149541,"comment_status":"closed","ping_status":"closed","sticky":false,"template":"","format":"standard","meta":{"_links_to":"","_links_to_target":""},"categories":[114,69,111,5714],"tags":[7017,337,6135],"acf":[],"wps_subtitle":"El Gobierno espa\u00f1ol debe adoptar como primera medida la deflactaci\u00f3n de la tarifa del IRPF","_links":{"self":[{"href":"https:\/\/www.foment.com\/es\/wp-json\/wp\/v2\/posts\/149528"}],"collection":[{"href":"https:\/\/www.foment.com\/es\/wp-json\/wp\/v2\/posts"}],"about":[{"href":"https:\/\/www.foment.com\/es\/wp-json\/wp\/v2\/types\/post"}],"author":[{"embeddable":true,"href":"https:\/\/www.foment.com\/es\/wp-json\/wp\/v2\/users\/7"}],"replies":[{"embeddable":true,"href":"https:\/\/www.foment.com\/es\/wp-json\/wp\/v2\/comments?post=149528"}],"version-history":[{"count":1,"href":"https:\/\/www.foment.com\/es\/wp-json\/wp\/v2\/posts\/149528\/revisions"}],"predecessor-version":[{"id":149536,"href":"https:\/\/www.foment.com\/es\/wp-json\/wp\/v2\/posts\/149528\/revisions\/149536"}],"wp:featuredmedia":[{"embeddable":true,"href":"https:\/\/www.foment.com\/es\/wp-json\/wp\/v2\/media\/149541"}],"wp:attachment":[{"href":"https:\/\/www.foment.com\/es\/wp-json\/wp\/v2\/media?parent=149528"}],"wp:term":[{"taxonomy":"category","embeddable":true,"href":"https:\/\/www.foment.com\/es\/wp-json\/wp\/v2\/categories?post=149528"},{"taxonomy":"post_tag","embeddable":true,"href":"https:\/\/www.foment.com\/es\/wp-json\/wp\/v2\/tags?post=149528"}],"curies":[{"name":"wp","href":"https:\/\/api.w.org\/{rel}","templated":true}]}}