{"id":150086,"date":"2022-09-12T13:52:53","date_gmt":"2022-09-12T11:52:53","guid":{"rendered":"https:\/\/www.foment.com\/primera-reunio-comissio-ampliacio-aeroport-barcelona\/"},"modified":"2022-09-13T11:00:35","modified_gmt":"2022-09-13T09:00:35","slug":"primera-reunion-comision-ampliacion-aeropuerto-barcelona","status":"publish","type":"post","link":"https:\/\/www.foment.com\/es\/primera-reunion-comision-ampliacion-aeropuerto-barcelona\/","title":{"rendered":"Primera reuni\u00f3n de la Comisi\u00f3n para la Ampliaci\u00f3n del Aeropuerto de Barcelona de Foment del Treball"},"content":{"rendered":"<section class=\"wpb-content-wrapper\"><p>[vc_row][vc_column][vc_column_text]<\/p>\n<ul>\n<li><strong>Se ha acordado la comparecencia de ponencias de t\u00e9cnicos en aeron\u00e1utica y transportes, expertos medioambientales y de sostenibilidad, y representantes de los ayuntamientos afectados, de la Diputaci\u00f3n de Barcelona, del Govern de la Generalitat \u2014Departamento de Vicepresidencia, Pol\u00edticas Digitales y Territorio; Departamento de Acci\u00f3n Clim\u00e1tica, Alimentaci\u00f3n y Agenda Rural; y Departamento de Empresa y Trabajo\u2014, del Gobierno espa\u00f1ol \u2014AENA, el Ministerio de Transportes, Movilidad y Agenda Urbana; Ministerio para la Transici\u00f3n Ecol\u00f3gica y el Reto Demogr\u00e1fico; y Ministerio de Industria, Comercio y Turismo\u2014, y de las principales compa\u00f1\u00edas a\u00e9reas internacionales y que operan en el aeropuerto de Barcelona, centros docentes, universidades p\u00fablicas y privadas, y la Fira de Barcelona, entre otras instituciones.<\/strong><\/li>\n<\/ul>\n<p>Foment ha constituido formalmente la Comisi\u00f3n para la Ampliaci\u00f3n del Aeropuerto de Barcelona, que preside <strong>Llu\u00eds Moreno<\/strong> \u2014actual presidente de la C\u00e1mara de Contratistas de Obras de Catalu\u00f1a (CCOC)\u2014, que tiene la finalidad <strong>de buscar el consenso de todas las Administraciones P\u00fablicas para lograr un pacto entre las fuerzas pol\u00edticas que permita el desarrollo de esta infraestructura<\/strong> vital para la econom\u00eda catalana, con el lema <em>\u2018Barcelona conectada en el mundo por un aeropuerto intercontinental\u2019.<\/em><\/p>\n<p>En la primera reuni\u00f3n<strong>, se ha aprobado el calendario de trabajo para los nueve meses de duraci\u00f3n de la comisi\u00f3n<\/strong>, hasta finales de junio, fecha en que se espera haber logrado los objetivos por los cuales se ha creado.<\/p>\n<p>Adem\u00e1s, se ha acordado ir proponiendo la <strong>comparecencia de ponencias de t\u00e9cnicos en aeron\u00e1utica y transportes, expertos medioambientales y de sostenibilidad, y representantes de los ayuntamientos afectados, de la Diputaci\u00f3n de Barcelona, del Govern de la Generalitat<\/strong> \u2014Departamento de Vicepresidencia, Pol\u00edticas Digitales y Territorio; Departamento de Acci\u00f3n Clim\u00e1tica, Alimentaci\u00f3n y Agenda Rural; y Departamento de Empresa y Trabajo\u2014, <strong>del Gobierno espa\u00f1ol <\/strong>\u2014AENA, el Ministerio de Transportes, Movilidad y Agenda Urbana; Ministerio para la Transici\u00f3n Ecol\u00f3gica y el Reto Demogr\u00e1fico; y Ministerio de Industria, Comercio y Turismo<strong>\u2014, y de las principales compa\u00f1\u00edas a\u00e9reas internacionales y que operen al aeropuerto de Barcelona, centros docentes, universidades p\u00fablicas y privadas, y Fira de Barcelona, entre otras entidades.<\/strong><\/p>\n<p>La composici\u00f3n de la comisi\u00f3n, que queda abierta otras instituciones si quieren formar parte, queda de la siguiente manera con las nuevas incorporaciones:<\/p>\n<ul>\n<li>Mar Alarc\u00f3n, CEO Social Car<\/li>\n<li>Jordi Alberich, Vicepresidente del Institut Estudis Estrat\u00e8gics de Foment<\/li>\n<li>Santiago Balleste, Presidente de AEBALL<\/li>\n<li>Cristian Bardaj\u00ed, Director Area Mobilidad del RACC<\/li>\n<li>Al\u00edcia Casart, Directora de Infraestructuras de la Cambra de Comer\u00e7, Ind\u00fastria i Navegaci\u00f3 de Barcelona<\/li>\n<li>Jordi Clos, Presidente del Gremio de Hoteles de Barcelona<\/li>\n<li>Anna Cornad\u00f3, Presidenta de la Comisi\u00f3n de Infraestructuras de Foment<\/li>\n<li>Gerard Esteva, Presidente de la Uni\u00f3 Federacions Esportives Catalunya<\/li>\n<li>Imma Estrada, Ingeniera de Caminos, Medioambientalista, Directora Corporativa ESTEYCO<\/li>\n<li>Salvador Fern\u00e1ndez, President de Ciment Catal\u00e0<\/li>\n<li>Salvador Guillermo, Secretario de la Comisi\u00f3n<\/li>\n<li>Enrique Lacalle, Presidente Automobile Barcelona<\/li>\n<li>Jordi Mart\u00ed, President de l\u2019 Associaci\u00f3 Corporativa d\u2019Ag\u00e8ncies de Viatges Especialitzades (ACAVe)<\/li>\n<li>Miquel Mart\u00ed, President de Moventia<\/li>\n<li>Ignacio Marull, Socio Responsable de PwC a Catalu\u00f1a<\/li>\n<li>Lluis Moreno, Ingeniero de Puentes y Caminos, Presidente de la Comisi\u00f3n, Presidente de CCOC<\/li>\n<li>Pedro Nueno, Profesor IESE<\/li>\n<li>\u00d3scar Oliver Cristi\u00e0, Consultor experto en transporte aeron\u00e1utico<\/li>\n<li>Xavier Pan\u00e9s, Presidente CECOT<\/li>\n<li>Josep Piqu\u00e9, Exministro de Asuntos Exteriores, Editor y consultor de pol\u00edtica exterior<\/li>\n<li>Ferran Plana, Gestor aeron\u00e1utico y Comandante de aviaci\u00f3n<\/li>\n<li>Jaume Puig, Gerent del Gremi d\u2019\u00c0rids de Catalunya<\/li>\n<li>Monica Roca, Presidenta de la Cambra de Comercio, Industria y Navegaci\u00f3n de Barcelona<\/li>\n<li>Joan Rojas, Ingeniero aeron\u00e1utico<\/li>\n<li>Baldiri Ros, Presidente del Institut Agr\u00edcola Catal\u00e0 Sant Isidre<\/li>\n<li>Jaume Roura, Presidente Uni\u00f3 Patronal Metal\u00b7l\u00fargica<\/li>\n<li>Llu\u00eds Sala, Ingeniero aeron\u00e1utico, Exdirector de Operaciones del Aeropuerto Barcelona-El Prat Josep Tarradellas, Exdirector del Aeropuerto Girona-Costa Brava<\/li>\n<li>Josep S\u00e1nchez Llibre, Presidente de Foment<\/li>\n<li>Jordi Sargatal, Naturalista ornit\u00f3logo, Director General del Grup MASCORT<\/li>\n<li>David Tornos, Secretario General de Foment<\/li>\n<li>Eduard Torres, Presidente Turisme de Barcelona<\/li>\n<li>Miguel Vicente, Presidente de Tech Barcelona<\/li>\n<\/ul>\n<p>[\/vc_column_text]<div class=\"flexslider wpb_content_element\"><ul class=\"slides\"><li><img src=\"https:\/\/www.foment.com\/wp-content\/uploads\/2022\/09\/20220912101418__OB_7288.jpg\" alt=\"\" \/><\/li><li><img src=\"https:\/\/www.foment.com\/wp-content\/uploads\/2022\/09\/20220912102456__OB_7393.jpg\" alt=\"\" \/><\/li><li><img src=\"https:\/\/www.foment.com\/wp-content\/uploads\/2022\/09\/20220912102636__OB_7411.jpg\" alt=\"\" \/><\/li><\/ul><\/div>[\/vc_column][\/vc_row]<\/p>\n<\/section>","protected":false},"excerpt":{"rendered":"<p>[vc_row][vc_column][vc_column_text] Se ha acordado la comparecencia de ponencias de t\u00e9cnicos en aeron\u00e1utica y transportes, expertos medioambientales y de sostenibilidad, y representantes de los ayuntamientos afectados, de la Diputaci\u00f3n de Barcelona, del Govern de la Generalitat \u2014Departamento de Vicepresidencia, Pol\u00edticas Digitales y Territorio; Departamento de Acci\u00f3n Clim\u00e1tica, Alimentaci\u00f3n y Agenda Rural; y Departamento de Empresa y Trabajo\u2014, del Gobierno espa\u00f1ol \u2014AENA, el Ministerio de Transportes, Movilidad y Agenda Urbana; Ministerio para la Transici\u00f3n Ecol\u00f3gica y el Reto Demogr\u00e1fico; y Ministerio de Industria, Comercio y Turismo\u2014, y de las principales compa\u00f1\u00edas a\u00e9reas internacionales y que operan en el aeropuerto de Barcelona, centros docentes, universidades p\u00fablicas y privadas, y la Fira de Barcelona, entre otras instituciones. Foment ha constituido formalmente la Comisi\u00f3n para la Ampliaci\u00f3n del Aeropuerto de Barcelona, que preside Llu\u00eds Moreno \u2014actual presidente de la C\u00e1mara de Contratistas de Obras de Catalu\u00f1a (CCOC)\u2014, que tiene la finalidad de buscar el consenso de todas las Administraciones P\u00fablicas para lograr un pacto entre las fuerzas pol\u00edticas que permita el desarrollo de esta infraestructura vital para la econom\u00eda catalana, con el lema \u2018Barcelona conectada en el mundo por un aeropuerto intercontinental\u2019. En la primera reuni\u00f3n, se ha aprobado el calendario de trabajo para los [&hellip;]<\/p>\n","protected":false},"author":10,"featured_media":150066,"comment_status":"closed","ping_status":"closed","sticky":false,"template":"","format":"standard","meta":{"_links_to":"","_links_to_target":""},"categories":[114,112,5714,1663],"tags":[7051,7052,7050],"acf":[],"wps_subtitle":"Foment ha constituido formalmente la Comisi\u00f3n para la Ampliaci\u00f3n del Aeropuerto de Barcelona, que tiene la finalidad de buscar el consenso de todas las Administraciones P\u00fablicas para el desarrollo de esta infraestructura","_links":{"self":[{"href":"https:\/\/www.foment.com\/es\/wp-json\/wp\/v2\/posts\/150086"}],"collection":[{"href":"https:\/\/www.foment.com\/es\/wp-json\/wp\/v2\/posts"}],"about":[{"href":"https:\/\/www.foment.com\/es\/wp-json\/wp\/v2\/types\/post"}],"author":[{"embeddable":true,"href":"https:\/\/www.foment.com\/es\/wp-json\/wp\/v2\/users\/10"}],"replies":[{"embeddable":true,"href":"https:\/\/www.foment.com\/es\/wp-json\/wp\/v2\/comments?post=150086"}],"version-history":[{"count":5,"href":"https:\/\/www.foment.com\/es\/wp-json\/wp\/v2\/posts\/150086\/revisions"}],"predecessor-version":[{"id":150140,"href":"https:\/\/www.foment.com\/es\/wp-json\/wp\/v2\/posts\/150086\/revisions\/150140"}],"wp:featuredmedia":[{"embeddable":true,"href":"https:\/\/www.foment.com\/es\/wp-json\/wp\/v2\/media\/150066"}],"wp:attachment":[{"href":"https:\/\/www.foment.com\/es\/wp-json\/wp\/v2\/media?parent=150086"}],"wp:term":[{"taxonomy":"category","embeddable":true,"href":"https:\/\/www.foment.com\/es\/wp-json\/wp\/v2\/categories?post=150086"},{"taxonomy":"post_tag","embeddable":true,"href":"https:\/\/www.foment.com\/es\/wp-json\/wp\/v2\/tags?post=150086"}],"curies":[{"name":"wp","href":"https:\/\/api.w.org\/{rel}","templated":true}]}}