{"id":150457,"date":"2022-09-13T14:18:33","date_gmt":"2022-09-13T12:18:33","guid":{"rendered":"https:\/\/www.foment.com\/celebracio-junta-directiva-aspapel\/"},"modified":"2022-09-19T10:15:59","modified_gmt":"2022-09-19T08:15:59","slug":"celebracion-junta-directiva-aspapel","status":"publish","type":"post","link":"https:\/\/www.foment.com\/es\/celebracion-junta-directiva-aspapel\/","title":{"rendered":"Foment acoge la Junta Directiva de Aspapel"},"content":{"rendered":"<section class=\"wpb-content-wrapper\"><p>[vc_row][vc_column][vc_column_text]<\/p>\n<ul>\n<li><strong>Los representantes de las principales industrias papeleras de Catalu\u00f1a han trasladado los temas clave para el desarrollo del sector como: el necesario y urgente apoyo del Gobierno a las empresas gasintensivas y con cogeneraci\u00f3n, el marco impositivo del CO\u2082, la necesaria valoraci\u00f3n de residuos como alternativa al consumo de gas natural, y la agilizaci\u00f3n de los proyectos de energ\u00edas renovables.<\/strong><\/li>\n<\/ul>\n<p>Foment del Treball ha acogido la reuni\u00f3n de la Junta Directiva de ASPAPEL en la cual se ha contado con la participaci\u00f3n del conseller de Empresa y Trabajo, Roger Torrent. Durante la reuni\u00f3n, su presidenta, Elisabeth Alier, <span lang=\"ES\">juntamente con la vicepresidenta de Foment, <strong>Virginia Guinda<\/strong>,<\/span>y el resto de miembros de la junta han trasladado los temas clave para el desarrollo de la industria del papel y el cart\u00f3n como: el necesario y urgente apoyo del Gobierno a las empresas gasintensives y con cogeneraci\u00f3n, el marco impositivo del CO\u2082, la necesaria valoraci\u00f3n de residuos como alternativa al consumo de gas natural y la agilizaci\u00f3n de los proyectos de energ\u00edas renovables.<\/p>\n<p>En el encuentro han participado las principales industrias papeleras de Catalu\u00f1a, muchas de ellas con larga tradici\u00f3n y fuertemente exportadoras.<\/p>\n<p><span style=\"color: #c12238;\"><strong>Sobre ASPAPEL<\/strong><\/span><\/p>\n<p>ASPAPEL\u00a0(Asociaci\u00f3n Espa\u00f1ola de Fabricantes de Pasta, Papel y Cart\u00f3n) es una organizaci\u00f3n profesional de \u00e1mbito estatal, que agrupa a las empresas del sector de la celulosa y el papel. Las empresas asociadas (unas 48) suponen m\u00e1s del 90% de la producci\u00f3n del sector.<\/p>\n<p>El objetivo de la asociaci\u00f3n es contribuir al\u00a0desarrollo competitivo y sostenible\u00a0de las empresas asociadas y a la promoci\u00f3n de la imagen del sector, sus empresas y productos.[\/vc_column_text]<div class=\"single_image wpb_content_element align-left    \" data-animation=\"none\" data-delay=\"0\"><img width=\"1024\" height=\"576\" src=\"https:\/\/www.foment.com\/wp-content\/uploads\/2022\/09\/WhatsApp-Image-2022-09-13-at-11.05.43-1.jpeg\" class=\"attachment-full\" alt=\"\" loading=\"lazy\" title=\"WhatsApp Image 2022-09-13 at 11.05.43 (1)\" srcset=\"https:\/\/www.foment.com\/wp-content\/uploads\/2022\/09\/WhatsApp-Image-2022-09-13-at-11.05.43-1.jpeg 1024w, https:\/\/www.foment.com\/wp-content\/uploads\/2022\/09\/WhatsApp-Image-2022-09-13-at-11.05.43-1-300x169.jpeg 300w, https:\/\/www.foment.com\/wp-content\/uploads\/2022\/09\/WhatsApp-Image-2022-09-13-at-11.05.43-1-768x432.jpeg 768w, https:\/\/www.foment.com\/wp-content\/uploads\/2022\/09\/WhatsApp-Image-2022-09-13-at-11.05.43-1-1000x563.jpeg 1000w\" sizes=\"(max-width: 1024px) 100vw, 1024px\" \/><\/div>[\/vc_column][\/vc_row]<\/p>\n<\/section>","protected":false},"excerpt":{"rendered":"<p>[vc_row][vc_column][vc_column_text] Los representantes de las principales industrias papeleras de Catalu\u00f1a han trasladado los temas clave para el desarrollo del sector como: el necesario y urgente apoyo del Gobierno a las empresas gasintensivas y con cogeneraci\u00f3n, el marco impositivo del CO\u2082, la necesaria valoraci\u00f3n de residuos como alternativa al consumo de gas natural, y la agilizaci\u00f3n de los proyectos de energ\u00edas renovables. Foment del Treball ha acogido la reuni\u00f3n de la Junta Directiva de ASPAPEL en la cual se ha contado con la participaci\u00f3n del conseller de Empresa y Trabajo, Roger Torrent. Durante la reuni\u00f3n, su presidenta, Elisabeth Alier, juntamente con la vicepresidenta de Foment, Virginia Guinda,y el resto de miembros de la junta han trasladado los temas clave para el desarrollo de la industria del papel y el cart\u00f3n como: el necesario y urgente apoyo del Gobierno a las empresas gasintensives y con cogeneraci\u00f3n, el marco impositivo del CO\u2082, la necesaria valoraci\u00f3n de residuos como alternativa al consumo de gas natural y la agilizaci\u00f3n de los proyectos de energ\u00edas renovables. En el encuentro han participado las principales industrias papeleras de Catalu\u00f1a, muchas de ellas con larga tradici\u00f3n y fuertemente exportadoras. Sobre ASPAPEL ASPAPEL\u00a0(Asociaci\u00f3n Espa\u00f1ola de Fabricantes de Pasta, Papel y [&hellip;]<\/p>\n","protected":false},"author":10,"featured_media":150453,"comment_status":"closed","ping_status":"closed","sticky":false,"template":"","format":"standard","meta":{"_links_to":"","_links_to_target":""},"categories":[114,70],"tags":[7070,7074,7071,7075,7072,7073],"acf":[],"wps_subtitle":"El conseller de Empresa y Trabajo, Roger Torrent, ha participado en la reuni\u00f3n","_links":{"self":[{"href":"https:\/\/www.foment.com\/es\/wp-json\/wp\/v2\/posts\/150457"}],"collection":[{"href":"https:\/\/www.foment.com\/es\/wp-json\/wp\/v2\/posts"}],"about":[{"href":"https:\/\/www.foment.com\/es\/wp-json\/wp\/v2\/types\/post"}],"author":[{"embeddable":true,"href":"https:\/\/www.foment.com\/es\/wp-json\/wp\/v2\/users\/10"}],"replies":[{"embeddable":true,"href":"https:\/\/www.foment.com\/es\/wp-json\/wp\/v2\/comments?post=150457"}],"version-history":[{"count":3,"href":"https:\/\/www.foment.com\/es\/wp-json\/wp\/v2\/posts\/150457\/revisions"}],"predecessor-version":[{"id":150512,"href":"https:\/\/www.foment.com\/es\/wp-json\/wp\/v2\/posts\/150457\/revisions\/150512"}],"wp:featuredmedia":[{"embeddable":true,"href":"https:\/\/www.foment.com\/es\/wp-json\/wp\/v2\/media\/150453"}],"wp:attachment":[{"href":"https:\/\/www.foment.com\/es\/wp-json\/wp\/v2\/media?parent=150457"}],"wp:term":[{"taxonomy":"category","embeddable":true,"href":"https:\/\/www.foment.com\/es\/wp-json\/wp\/v2\/categories?post=150457"},{"taxonomy":"post_tag","embeddable":true,"href":"https:\/\/www.foment.com\/es\/wp-json\/wp\/v2\/tags?post=150457"}],"curies":[{"name":"wp","href":"https:\/\/api.w.org\/{rel}","templated":true}]}}