{"id":151333,"date":"2022-10-04T14:00:53","date_gmt":"2022-10-04T12:00:53","guid":{"rendered":"https:\/\/www.foment.com\/foment-considera-malgrat-dades-interanuals-positives-hi-ha-una-certa-desacceleracio-en-creacio-ocupacio\/"},"modified":"2022-10-04T14:08:10","modified_gmt":"2022-10-04T12:08:10","slug":"foment-considera-que-pese-datos-interanuales-positivos-hay-una-cierta-desaceleracion-en-creacion-empleo","status":"publish","type":"post","link":"https:\/\/www.foment.com\/es\/foment-considera-que-pese-datos-interanuales-positivos-hay-una-cierta-desaceleracion-en-creacion-empleo\/","title":{"rendered":"Foment considera que, pese a los datos interanuales positivos, hay una cierta desaceleraci\u00f3n en la creaci\u00f3n de empleo"},"content":{"rendered":"<ul>\n<li><strong>Como consecuencia de las restricciones de la Reforma Laboral, el contrato indefinido est\u00e1 siendo utilizado para cubrir necesidades temporales ante la ausencia de alternativas.<\/strong><\/li>\n<\/ul>\n<p>El n\u00famero de desempleados en Catalu\u00f1a se ha incrementado en el mes de septiembre en 3.373 personas (0,96%). En t\u00e9rminos interanuales, el paro registrado ha descendido en -24.152 (-6,38%). El n\u00famero de parados se sit\u00faa en 354.318.<\/p>\n<p>Respecto a la contrataci\u00f3n, se han efectuado m\u00e1s contratos que el mes anterior (57.084 contratos m\u00e1s). Los indefinidos pasan a representar el 49,37% del total de contratos realizados en este mes. La contrataci\u00f3n temporal supone el 50,63% de la contrataci\u00f3n total.<\/p>\n<p>Foment del Treball Nacional considera que, a pesar de que los datos interanuales siguen siendo positivos, se est\u00e1 produciendo una cierta desaceleraci\u00f3n en la creaci\u00f3n de empleo.<\/p>\n<p>Igualmente, se ha de analizar que el incremento de la contrataci\u00f3n indefinida est\u00e1 focalizada, principalmente, en la contrataci\u00f3n fija-discontinua y a tiempo parcial, y en el aumento sustancial de la mortalidad de los contratos indefinidos, lo que evidencia que como consecuencia de las restricciones de la Reforma Laboral, el contrato indefinido est\u00e1 siendo utilizado para cubrir necesidades temporales ante la ausencia de alternativas.<\/p>\n<p style=\"text-align: center;\"><span style=\"font-size: 8pt;\"><strong><span style=\"font-size: 10pt;\"><br \/>\n<a href=\"https:\/\/www.foment.com\/wp-content\/uploads\/2022\/10\/Grafico-1-1024x487.png\"><img loading=\"lazy\" class=\"aligncenter wp-image-151319 size-large\" src=\"https:\/\/www.foment.com\/wp-content\/uploads\/2022\/10\/Grafico-1-1024x487.png\" alt=\"\" width=\"1024\" height=\"487\" srcset=\"https:\/\/www.foment.com\/wp-content\/uploads\/2022\/10\/Grafico-1-1024x487.png 1024w, https:\/\/www.foment.com\/wp-content\/uploads\/2022\/10\/Grafico-1-300x143.png 300w, https:\/\/www.foment.com\/wp-content\/uploads\/2022\/10\/Grafico-1-768x365.png 768w, https:\/\/www.foment.com\/wp-content\/uploads\/2022\/10\/Grafico-1-1536x730.png 1536w, https:\/\/www.foment.com\/wp-content\/uploads\/2022\/10\/Grafico-1-2048x974.png 2048w\" sizes=\"(max-width: 1024px) 100vw, 1024px\" \/><\/a><\/span><\/strong><span style=\"font-size: 10pt;\">Fuente: Elaboraci\u00f3n propia a partir de los datos del Ministerio de Trabajo y Econom\u00eda Social<\/span><strong><span style=\"font-size: 10pt;\"><br \/>\n<\/span><\/strong><\/span><\/p>\n<p>&nbsp;<\/p>\n<p><strong>\u00a0<\/strong>La cifra del paro registrado en Catalu\u00f1a se sit\u00faa en 354.318 personas desempleadas.<\/p>\n<p>El descenso, en t\u00e9rminos interanuales, del paro registrado del 6,38% supone 24.152 personas menos desempleadas en relaci\u00f3n con el mismo mes del a\u00f1o anterior.<\/p>\n<p style=\"text-align: center;\"><span style=\"font-size: 8pt;\"><a href=\"https:\/\/www.foment.com\/wp-content\/uploads\/2022\/10\/Grafico-2-1024x606.png\"><img loading=\"lazy\" class=\"aligncenter wp-image-151322 size-large\" src=\"https:\/\/www.foment.com\/wp-content\/uploads\/2022\/10\/Grafico-2-1024x606.png\" alt=\"\" width=\"1024\" height=\"606\" srcset=\"https:\/\/www.foment.com\/wp-content\/uploads\/2022\/10\/Grafico-2-1024x606.png 1024w, https:\/\/www.foment.com\/wp-content\/uploads\/2022\/10\/Grafico-2-300x178.png 300w, https:\/\/www.foment.com\/wp-content\/uploads\/2022\/10\/Grafico-2-768x455.png 768w, https:\/\/www.foment.com\/wp-content\/uploads\/2022\/10\/Grafico-2-1536x910.png 1536w, https:\/\/www.foment.com\/wp-content\/uploads\/2022\/10\/Grafico-2.png 1658w\" sizes=\"(max-width: 1024px) 100vw, 1024px\" \/><\/a><\/span><span style=\"font-size: 10pt;\">Fuente: Elaboraci\u00f3n propia a partir de los datos del Ministerio de Trabajo y Econom\u00eda Social<\/span><\/p>\n<p>Respecto a la variaci\u00f3n mensual, en Catalu\u00f1a, en este mes de septiembre de 2022 el paro ha registrado un incremento de 3.373 personas desempleadas m\u00e1s respecto al mes anterior (un 0,96% en t\u00e9rminos relativos).<\/p>\n<p style=\"text-align: center;\"><span style=\"font-size: 8pt;\"><a href=\"https:\/\/www.foment.com\/wp-content\/uploads\/2022\/10\/Grafico-3-1024x453.png\"><img loading=\"lazy\" class=\"aligncenter wp-image-151325 size-large\" src=\"https:\/\/www.foment.com\/wp-content\/uploads\/2022\/10\/Grafico-3-1024x453.png\" alt=\"\" width=\"1024\" height=\"453\" srcset=\"https:\/\/www.foment.com\/wp-content\/uploads\/2022\/10\/Grafico-3-1024x453.png 1024w, https:\/\/www.foment.com\/wp-content\/uploads\/2022\/10\/Grafico-3-300x133.png 300w, https:\/\/www.foment.com\/wp-content\/uploads\/2022\/10\/Grafico-3-768x340.png 768w, https:\/\/www.foment.com\/wp-content\/uploads\/2022\/10\/Grafico-3-1536x679.png 1536w, https:\/\/www.foment.com\/wp-content\/uploads\/2022\/10\/Grafico-3-2048x905.png 2048w\" sizes=\"(max-width: 1024px) 100vw, 1024px\" \/><\/a><\/span><span style=\"font-size: 10pt;\">Fuente: Elaboraci\u00f3n propia a partir de los datos del Ministerio de Trabajo y Econom\u00eda Social<\/span><\/p>\n<p><strong>Por sectores,<\/strong> el paro se ha incrementado en todos los sectores excepto en agricultura y personas sin empleo anterior (-341 y -893 respectivamente). En este sentido, ha aumentado 874 personas en la industria, en 738 en la construcci\u00f3n y en 9.176 personas en el sector servicios.<\/p>\n<p><strong>Por provincias,<\/strong> el paro registrado mensualmente se ha incrementado en todas las provincias. En este sentido, el paro ha aumentado en 558 personas en Barcelona, en 1.139 en Girona, 886 en Lleida y 790 en Tarragona. En t\u00e9rminos interanuales, el paro disminuye en un 6,34% en Barcelona, en un 6% en Girona, en un 3,63% en Lleida y en un 8,10% en Tarragona.<\/p>\n<p>El paro registrado en cada provincia se sit\u00faa este mes de agosto en 258.830 en Barcelona, 33.340 en Girona, 19.476 en Lleida y 42.672 en Tarragona.<\/p>\n<p>A nivel estatal, el paro registrado se ha incrementado en 17.679 personas en relaci\u00f3n al mes anterior (0,60%). La cifra de paro a nivel estatal se sit\u00faa en el mes de septiembre de 2022 en 2.941.919 personas (-9,70% en t\u00e9rminos anuales).<\/p>\n<p><strong>Contrataci\u00f3n.<\/strong> Respecto al n\u00famero de contratos se han registrado 265.006contratos, de los cuales 49,37% (130.845 contratos) han sido indefinidos, y el 50,63% temporales (134.161). El n\u00famero de contratos registrados en Catalu\u00f1a se ha incrementado 27,45% respecto al mes anterior (57.084 contratos m\u00e1s) y se han reducido en un53,16% respecto al mes de septiembre de 2021 (14.408 contratos menos).<\/p>\n<p>A nivel estatal, el n\u00famero total de contratos registrados durante el mes de septiembre ha sido de 1.660.792. De este total, 775.856 contratos de trabajo de car\u00e1cter indefinido que representan el 46,72% de todos los contratos. Supone un incremento de 559.168 (258,05%) sobre igual mes del a\u00f1o anterior.<\/p>\n<p><strong>Afiliaci\u00f3n<\/strong>. En Catalu\u00f1a, el n\u00famero de afiliados a la Seguridad Social se ha situado en el mes de septiembre de 2022 en 3.613.362 ocupados, lo que supone 20.602 ocupados m\u00e1s respecto el mes agosto de 2022 (0,57%), y 134.794 ocupados m\u00e1s respecto al mismo mes del a\u00f1o anterior (3,87%).<\/p>\n<p>A nivel estatal, el n\u00famero de afiliados a la Seguridad Social se ha incrementado en septiembre, en 29.286 personas, hasta un total de 20.180.287 afiliados. Se acumulan as\u00ed 17 meses consecutivos de aumento del empleo.<\/p>\n","protected":false},"excerpt":{"rendered":"<p>Como consecuencia de las restricciones de la Reforma Laboral, el contrato indefinido est\u00e1 siendo utilizado para cubrir necesidades temporales ante la ausencia de alternativas. El n\u00famero de desempleados en Catalu\u00f1a se ha incrementado en el mes de septiembre en 3.373 personas (0,96%). En t\u00e9rminos interanuales, el paro registrado ha descendido en -24.152 (-6,38%). El n\u00famero de parados se sit\u00faa en 354.318. Respecto a la contrataci\u00f3n, se han efectuado m\u00e1s contratos que el mes anterior (57.084 contratos m\u00e1s). Los indefinidos pasan a representar el 49,37% del total de contratos realizados en este mes. La contrataci\u00f3n temporal supone el 50,63% de la contrataci\u00f3n total. Foment del Treball Nacional considera que, a pesar de que los datos interanuales siguen siendo positivos, se est\u00e1 produciendo una cierta desaceleraci\u00f3n en la creaci\u00f3n de empleo. Igualmente, se ha de analizar que el incremento de la contrataci\u00f3n indefinida est\u00e1 focalizada, principalmente, en la contrataci\u00f3n fija-discontinua y a tiempo parcial, y en el aumento sustancial de la mortalidad de los contratos indefinidos, lo que evidencia que como consecuencia de las restricciones de la Reforma Laboral, el contrato indefinido est\u00e1 siendo utilizado para cubrir necesidades temporales ante la ausencia de alternativas. Fuente: Elaboraci\u00f3n propia a partir de los datos [&hellip;]<\/p>\n","protected":false},"author":7,"featured_media":151330,"comment_status":"closed","ping_status":"closed","sticky":false,"template":"","format":"standard","meta":{"_links_to":"","_links_to_target":""},"categories":[114,73],"tags":[303,2551,619,7129,228],"acf":[],"wps_subtitle":"","_links":{"self":[{"href":"https:\/\/www.foment.com\/es\/wp-json\/wp\/v2\/posts\/151333"}],"collection":[{"href":"https:\/\/www.foment.com\/es\/wp-json\/wp\/v2\/posts"}],"about":[{"href":"https:\/\/www.foment.com\/es\/wp-json\/wp\/v2\/types\/post"}],"author":[{"embeddable":true,"href":"https:\/\/www.foment.com\/es\/wp-json\/wp\/v2\/users\/7"}],"replies":[{"embeddable":true,"href":"https:\/\/www.foment.com\/es\/wp-json\/wp\/v2\/comments?post=151333"}],"version-history":[{"count":3,"href":"https:\/\/www.foment.com\/es\/wp-json\/wp\/v2\/posts\/151333\/revisions"}],"predecessor-version":[{"id":151336,"href":"https:\/\/www.foment.com\/es\/wp-json\/wp\/v2\/posts\/151333\/revisions\/151336"}],"wp:featuredmedia":[{"embeddable":true,"href":"https:\/\/www.foment.com\/es\/wp-json\/wp\/v2\/media\/151330"}],"wp:attachment":[{"href":"https:\/\/www.foment.com\/es\/wp-json\/wp\/v2\/media?parent=151333"}],"wp:term":[{"taxonomy":"category","embeddable":true,"href":"https:\/\/www.foment.com\/es\/wp-json\/wp\/v2\/categories?post=151333"},{"taxonomy":"post_tag","embeddable":true,"href":"https:\/\/www.foment.com\/es\/wp-json\/wp\/v2\/tags?post=151333"}],"curies":[{"name":"wp","href":"https:\/\/api.w.org\/{rel}","templated":true}]}}