{"id":151407,"date":"2022-10-04T16:16:34","date_gmt":"2022-10-04T14:16:34","guid":{"rendered":"https:\/\/www.foment.com\/cedac-entrega-creu-sant-miquel-josep-sanchez-llibre\/"},"modified":"2022-10-05T08:40:47","modified_gmt":"2022-10-05T06:40:47","slug":"cedac-entrega-creu-sant-miquel-josep-sanchez-llibre","status":"publish","type":"post","link":"https:\/\/www.foment.com\/es\/cedac-entrega-creu-sant-miquel-josep-sanchez-llibre\/","title":{"rendered":"CEDAC entrega la Creu de Sant Miquel a Josep S\u00e1nchez Llibre"},"content":{"rendered":"<p>El Consejo Empresas Distribuidoras de Alimentaci\u00f3n de Catalu\u00f1a (CEDAC) ha concedido la Creu de San Miquel 2022 al presidente de Foment, Josep S\u00e1nchez Llibre, en reconocimiento a su profesionalidad, su esfuerzo y dedicaci\u00f3n al frente de la patronal catalana, por su colaboraci\u00f3n institucional, y por su liderazgo en la defensa de los intereses y el posicionamiento de las empresas de la distribuci\u00f3n alimentar\u00eda de Catalu\u00f1a a trav\u00e9s de la Comisi\u00f3n de Competitividad Comercial de Foment.<\/p>\n<p>S\u00e1nchez Llibre ha recogido el galard\u00f3n honor\u00edfico a manos del presidente de CEDAC, Josep Maria Rodr\u00edguez Monteys, y del secretario de Empresa y Competitividad, Albert Castellanos Maduell.<\/p>\n","protected":false},"excerpt":{"rendered":"<p>El Consejo Empresas Distribuidoras de Alimentaci\u00f3n de Catalu\u00f1a (CEDAC) ha concedido la Creu de San Miquel 2022 al presidente de Foment, Josep S\u00e1nchez Llibre, en reconocimiento a su profesionalidad, su esfuerzo y dedicaci\u00f3n al frente de la patronal catalana, por su colaboraci\u00f3n institucional, y por su liderazgo en la defensa de los intereses y el posicionamiento de las empresas de la distribuci\u00f3n alimentar\u00eda de Catalu\u00f1a a trav\u00e9s de la Comisi\u00f3n de Competitividad Comercial de Foment. S\u00e1nchez Llibre ha recogido el galard\u00f3n honor\u00edfico a manos del presidente de CEDAC, Josep Maria Rodr\u00edguez Monteys, y del secretario de Empresa y Competitividad, Albert Castellanos Maduell.<\/p>\n","protected":false},"author":10,"featured_media":151405,"comment_status":"closed","ping_status":"closed","sticky":false,"template":"","format":"standard","meta":{"_links_to":"","_links_to_target":""},"categories":[1649,114],"tags":[7143,7140,7141,7142],"acf":[],"wps_subtitle":"En reconocimiento a su profesionalidad, su esfuerzo y dedicaci\u00f3n al frente de la patronal catalana Foment del Treball y en la defensa de los intereses relativos a la actividad comercial","_links":{"self":[{"href":"https:\/\/www.foment.com\/es\/wp-json\/wp\/v2\/posts\/151407"}],"collection":[{"href":"https:\/\/www.foment.com\/es\/wp-json\/wp\/v2\/posts"}],"about":[{"href":"https:\/\/www.foment.com\/es\/wp-json\/wp\/v2\/types\/post"}],"author":[{"embeddable":true,"href":"https:\/\/www.foment.com\/es\/wp-json\/wp\/v2\/users\/10"}],"replies":[{"embeddable":true,"href":"https:\/\/www.foment.com\/es\/wp-json\/wp\/v2\/comments?post=151407"}],"version-history":[{"count":2,"href":"https:\/\/www.foment.com\/es\/wp-json\/wp\/v2\/posts\/151407\/revisions"}],"predecessor-version":[{"id":151413,"href":"https:\/\/www.foment.com\/es\/wp-json\/wp\/v2\/posts\/151407\/revisions\/151413"}],"wp:featuredmedia":[{"embeddable":true,"href":"https:\/\/www.foment.com\/es\/wp-json\/wp\/v2\/media\/151405"}],"wp:attachment":[{"href":"https:\/\/www.foment.com\/es\/wp-json\/wp\/v2\/media?parent=151407"}],"wp:term":[{"taxonomy":"category","embeddable":true,"href":"https:\/\/www.foment.com\/es\/wp-json\/wp\/v2\/categories?post=151407"},{"taxonomy":"post_tag","embeddable":true,"href":"https:\/\/www.foment.com\/es\/wp-json\/wp\/v2\/tags?post=151407"}],"curies":[{"name":"wp","href":"https:\/\/api.w.org\/{rel}","templated":true}]}}