{"id":152078,"date":"2022-10-21T01:14:49","date_gmt":"2022-10-20T23:14:49","guid":{"rendered":"https:\/\/www.foment.com\/?p=152078"},"modified":"2022-10-21T16:11:50","modified_gmt":"2022-10-21T14:11:50","slug":"foment-destaca-importancia-interconexiones-energeticas-ayudan-crear-mercado-energetico","status":"publish","type":"post","link":"https:\/\/www.foment.com\/es\/foment-destaca-importancia-interconexiones-energeticas-ayudan-crear-mercado-energetico\/","title":{"rendered":"Foment destaca la importancia de las interconexiones energ\u00e9ticas porque ayudan a crear un mercado europeo de la energ\u00eda"},"content":{"rendered":"<section class=\"wpb-content-wrapper\"><p>[vc_row][vc_column width=\u00bb1\/1&#8243;][vc_column_text]<\/p>\n<ul>\n<li><strong>Foment ha celebrado en su sede la reuni\u00f3n anual de FODERE, organizaci\u00f3n que agrupa a las patronales de las cinco regiones europeas m\u00e1s industrializadas: Baden-W\u00fcrtemberg, Piemonte, Rh\u00f4ne-Alpes, FER-Gen\u00e8ve y Catalu\u00f1a. <\/strong><\/li>\n<li><strong>El presidente de la organizaci\u00f3n empresarial catalana, Josep S\u00e1nchez Llibre, pide fomentar la reindustrializaci\u00f3n de la econom\u00eda para \u00abevitar que aumenten los desequilibrios sociales\u00bb y \u00abadecuar la transici\u00f3n energ\u00e9tica a la competitividad de las empresas\u00bb<\/strong><\/li>\n<li><strong>El FODERE subraya la problem\u00e1tica de la Formaci\u00f3n en la econom\u00eda europea y c\u00f3mo la falta de personal cualificado merma la competitividad.<\/strong><\/li>\n<\/ul>\n<p>Foment del Treball ha acogido la <strong>reuni\u00f3n anual del FODERE<\/strong> (Foro para el Desarrollo de las Empresas de las Regiones Europeas), que <strong>agrupa a las patronales de las cinco regiones europeas m\u00e1s industrializadas: Baden-W\u00fcrtemberg, Piemont, Rh\u00f4ne-Alpes, FER-Gen\u00e8ve y Catalu\u00f1a<\/strong>.<\/p>\n<p>El presidente de Fomento, Josep S\u00e1nchez Llibre ha querido destacar <strong>\u00abla importancia de tener interconexiones energ\u00e9ticas, como la del gasoducto Bar-Mar, porque ayudan a tener un mercado de la energ\u00eda europeo\u00bb<\/strong> y para luchar contra la dependencia del gas ruso, en l\u00ednea con la reciente comunicaci\u00f3n de la CE, \u00abREpower EU\u00bb. En este sentido, los miembros del FODERE han censurado la grave violaci\u00f3n de la legislaci\u00f3n internacional que supone la agresi\u00f3n rusa y han reclamado la necesidad de que el conflicto se acabe, as\u00ed como han mostrado su solidaridad con Ucrania.<\/p>\n<p>FODERE ha expuesto que este marco de interconexi\u00f3n energ\u00e9tico<strong> \u00abayuda a ampliar la competitividad a escala europea\u00bb <\/strong>y ha manifestado <strong>que \u00abhay que profundizar en la conexi\u00f3n Norte-Sur y tambi\u00e9n en la conexi\u00f3n Este-Oeste\u00bb <\/strong>y tambi\u00e9n mejorar la conexi\u00f3n del transporte de mercanc\u00edas por todo el continente. En la reuni\u00f3n de FODERE se ha coincidido en la necesidad de fomentar la reindustrializaci\u00f3n de la econom\u00eda para \u00ab<strong>evitar que aumenten los desequilibrios sociales\u00bb<\/strong>. A su vez, se pide <strong>\u00abadecuar la transici\u00f3n energ\u00e9tica a la competitividad de las empresas\u00bb<\/strong>, en el marco de esta nueva industrializaci\u00f3n.<\/p>\n<p>Durante la reuni\u00f3n de este viernes, tambi\u00e9n se ha subrayado la problem\u00e1tica de la <strong>Formaci\u00f3n<\/strong> en la econom\u00eda europea y c\u00f3mo la falta de personal cualificado merma la competitividad. Sobre todo teniendo en cuenta el reto tecnol\u00f3gico y la necesidad de potenciar la Investigaci\u00f3n y la Innovaci\u00f3n en todos los sectores industriales.<\/p>\n<p>En la reuni\u00f3n anual de Fodere han participado parte de Foment del Treball su presidente<strong>, Josep S\u00e1nchez Llibre<\/strong> y el secretari general, <strong>David Tornos<\/strong>; por parte de Piemont \u2013 Confindustria Piemonte ha participado su presidente, <strong>Marco Gay<\/strong> y <strong>Paolo Balistreri<\/strong>, secretario general de la organizaci\u00f3n italiana; por parte de Auvergne \u2013 Rhone Alpes \u2013 Mouvement des Enterprises de France \u2013 MEDEF ha participado su Vviepresident<strong> Etienne Bechet da Balan<\/strong>; por parte de Suisse ROmande . Federation des Entreprises Romandes Gen\u00e8ve &#8211; Fer Gen\u00e8ve, han participado su secretario general, <strong>Blaise Matthey<\/strong>, la directora de Comunicaci\u00f3n, <strong>V\u00e9ronique K\u00e4mpfen<\/strong> y el jefe de Proyectos de Pol\u00edticas Generales, <strong>Yannic Forney<\/strong>; asimismo por parte de Baden-W\u00fcrttemberg Unternehmer-Wurttemberg E.V \u2013 UBM los director <strong>Manuel Geiger<\/strong>.<\/p>\n<p>Este foro <strong>se cre\u00f3 en 1987<\/strong> con la intenci\u00f3n de reunir a las organizaciones empresariales de las cinco regiones m\u00e1s din\u00e1micas e industrializadas de Europa y m\u00e1s entrelazadas geogr\u00e1ficamente. Tiene como objetivo prioritario actuar ante las instituciones europeas y las administraciones p\u00fablicas para promover acciones que favorezcan el desarrollo de las empresas y la econom\u00eda productiva. Los cinco dirigentes patronales europeos se han conjurado con el fin de intensificar el intercambio de ideas y tambi\u00e9n de soluciones a las problem\u00e1ticas comunes, aprovechando las nuevas tecnolog\u00edas.<\/p>\n<p>La presidencia de FODERE recae cada a\u00f1o en una de las organizaciones empresariales que la integran, <strong>este a\u00f1o 2022 ha tenido lugar en Barcelona, concretamente el jueves 20 y el viernes 21 de octubre. <\/strong><\/p>\n<p>La jornada ha contado tambi\u00e9n con la participaci\u00f3n del <strong>Conseller de Empresa y Trabajo, el muy Hble. Roger Torrent, los eurodiputados Javi L\u00f3pez<\/strong>, miembro Comisi\u00f3n de Medio Ambiente, Salud P\u00fablica y Seguridad Alimentaria entre otros, y <strong>Jordi Sol\u00e9<\/strong>, miembro suplente en la Comisi\u00f3n de Industria, Investigaci\u00f3n y Energ\u00eda. Asimismo, cabe destacar la presencia de la <strong>Mar\u00eda Teresa F\u00e1bregas, directora de la \u00abRecovery and Resilience Task Force\u00bb de la Comisi\u00f3n Europea<\/strong>, y que es el encargado de dirigir la implementaci\u00f3n del Mecanismo de Recuperaci\u00f3n y Resiliencia y de coordinar el Semestre Europeo, as\u00ed como de informar a la presidenta de la Comisi\u00f3n, Ursula von der Leyen.<\/p>\n<p>[\/vc_column_text][\/vc_column][\/vc_row][vc_row][vc_column width=\u00bb1\/1&#8243;]<div class=\"spacer\" style=\"height: 20px;\"><\/div><div class=\"flexslider wpb_content_element\"><ul class=\"slides\"><li><img src=\"https:\/\/www.foment.com\/wp-content\/uploads\/2022\/10\/image1.jpeg\" alt=\"\" \/><\/li><li><img src=\"https:\/\/www.foment.com\/wp-content\/uploads\/2022\/10\/msg-390838291-3813.jpg\" alt=\"\" \/><\/li><li><img src=\"https:\/\/www.foment.com\/wp-content\/uploads\/2022\/10\/msg-390838291-3807.jpg\" alt=\"\" \/><\/li><li><img src=\"https:\/\/www.foment.com\/wp-content\/uploads\/2022\/10\/thumbnail_image4.jpg\" alt=\"\" \/><\/li><li><img src=\"https:\/\/www.foment.com\/wp-content\/uploads\/2022\/10\/thumbnail_image3.jpg\" alt=\"\" \/><\/li><li><img src=\"https:\/\/www.foment.com\/wp-content\/uploads\/2022\/10\/image2.jpeg\" alt=\"\" \/><\/li><li><img src=\"https:\/\/www.foment.com\/wp-content\/uploads\/2022\/10\/msg-390838291-3832.jpg\" alt=\"\" \/><\/li><li><img src=\"https:\/\/www.foment.com\/wp-content\/uploads\/2022\/10\/msg-390838291-3833.jpg\" alt=\"\" \/><\/li><li><img src=\"https:\/\/www.foment.com\/wp-content\/uploads\/2022\/10\/msg-390838291-3831.jpg\" alt=\"\" \/><\/li><li><img src=\"https:\/\/www.foment.com\/wp-content\/uploads\/2022\/10\/msg-390838291-3826.jpg\" alt=\"\" \/><\/li><li><img src=\"https:\/\/www.foment.com\/wp-content\/uploads\/2022\/10\/msg-390838291-3819.jpg\" alt=\"\" \/><\/li><li><img src=\"https:\/\/www.foment.com\/wp-content\/uploads\/2022\/10\/msg-390838291-3818.jpg\" alt=\"\" \/><\/li><li><img src=\"https:\/\/www.foment.com\/wp-content\/uploads\/2022\/10\/msg-390838291-3837.jpg\" alt=\"\" \/><\/li><li><img src=\"https:\/\/www.foment.com\/wp-content\/uploads\/2022\/10\/msg-390838291-3838.jpg\" alt=\"\" \/><\/li><li><img src=\"https:\/\/www.foment.com\/wp-content\/uploads\/2022\/10\/msg-390838291-3840.jpg\" alt=\"\" \/><\/li><li><img src=\"https:\/\/www.foment.com\/wp-content\/uploads\/2022\/10\/msg-390838291-3842.jpg\" alt=\"\" \/><\/li><li><img src=\"https:\/\/www.foment.com\/wp-content\/uploads\/2022\/10\/msg-390838291-3843.jpg\" alt=\"\" \/><\/li><li><img src=\"https:\/\/www.foment.com\/wp-content\/uploads\/2022\/10\/msg-390838291-3844.jpg\" alt=\"\" \/><\/li><li><img src=\"https:\/\/www.foment.com\/wp-content\/uploads\/2022\/10\/msg-390838291-3849.jpg\" alt=\"\" \/><\/li><li><img src=\"https:\/\/www.foment.com\/wp-content\/uploads\/2022\/10\/msg-390838291-3851.jpg\" alt=\"\" \/><\/li><li><img src=\"https:\/\/www.foment.com\/wp-content\/uploads\/2022\/10\/msg-390838291-3850.jpg\" alt=\"\" \/><\/li><li><img src=\"https:\/\/www.foment.com\/wp-content\/uploads\/2022\/10\/photo1666339135-3.jpeg\" alt=\"\" \/><\/li><li><img src=\"https:\/\/www.foment.com\/wp-content\/uploads\/2022\/10\/photo1666339135-2.jpeg\" alt=\"\" \/><\/li><li><img src=\"https:\/\/www.foment.com\/wp-content\/uploads\/2022\/10\/msg-390838291-3853.jpg\" alt=\"\" \/><\/li><\/ul><\/div>[\/vc_column][\/vc_row]<\/p>\n<\/section>","protected":false},"excerpt":{"rendered":"<p>[vc_row][vc_column width=\u00bb1\/1&#8243;][vc_column_text] Foment ha celebrado en su sede la reuni\u00f3n anual de FODERE, organizaci\u00f3n que agrupa a las patronales de las cinco regiones europeas m\u00e1s industrializadas: Baden-W\u00fcrtemberg, Piemonte, Rh\u00f4ne-Alpes, FER-Gen\u00e8ve y Catalu\u00f1a. El presidente de la organizaci\u00f3n empresarial catalana, Josep S\u00e1nchez Llibre, pide fomentar la reindustrializaci\u00f3n de la econom\u00eda para \u00abevitar que aumenten los desequilibrios sociales\u00bb y \u00abadecuar la transici\u00f3n energ\u00e9tica a la competitividad de las empresas\u00bb El FODERE subraya la problem\u00e1tica de la Formaci\u00f3n en la econom\u00eda europea y c\u00f3mo la falta de personal cualificado merma la competitividad. Foment del Treball ha acogido la reuni\u00f3n anual del FODERE (Foro para el Desarrollo de las Empresas de las Regiones Europeas), que agrupa a las patronales de las cinco regiones europeas m\u00e1s industrializadas: Baden-W\u00fcrtemberg, Piemont, Rh\u00f4ne-Alpes, FER-Gen\u00e8ve y Catalu\u00f1a. El presidente de Fomento, Josep S\u00e1nchez Llibre ha querido destacar \u00abla importancia de tener interconexiones energ\u00e9ticas, como la del gasoducto Bar-Mar, porque ayudan a tener un mercado de la energ\u00eda europeo\u00bb y para luchar contra la dependencia del gas ruso, en l\u00ednea con la reciente comunicaci\u00f3n de la CE, \u00abREpower EU\u00bb. En este sentido, los miembros del FODERE han censurado la grave violaci\u00f3n de la legislaci\u00f3n internacional que supone la agresi\u00f3n rusa [&hellip;]<\/p>\n","protected":false},"author":7,"featured_media":152233,"comment_status":"closed","ping_status":"closed","sticky":false,"template":"","format":"standard","meta":{"_links_to":"","_links_to_target":""},"categories":[114,68,5714],"tags":[310,1556,7214],"acf":[],"wps_subtitle":"El Conseller de Treball, Roger Torrent, ha inaugurado la jornada en la sede de Foment.","_links":{"self":[{"href":"https:\/\/www.foment.com\/es\/wp-json\/wp\/v2\/posts\/152078"}],"collection":[{"href":"https:\/\/www.foment.com\/es\/wp-json\/wp\/v2\/posts"}],"about":[{"href":"https:\/\/www.foment.com\/es\/wp-json\/wp\/v2\/types\/post"}],"author":[{"embeddable":true,"href":"https:\/\/www.foment.com\/es\/wp-json\/wp\/v2\/users\/7"}],"replies":[{"embeddable":true,"href":"https:\/\/www.foment.com\/es\/wp-json\/wp\/v2\/comments?post=152078"}],"version-history":[{"count":5,"href":"https:\/\/www.foment.com\/es\/wp-json\/wp\/v2\/posts\/152078\/revisions"}],"predecessor-version":[{"id":152302,"href":"https:\/\/www.foment.com\/es\/wp-json\/wp\/v2\/posts\/152078\/revisions\/152302"}],"wp:featuredmedia":[{"embeddable":true,"href":"https:\/\/www.foment.com\/es\/wp-json\/wp\/v2\/media\/152233"}],"wp:attachment":[{"href":"https:\/\/www.foment.com\/es\/wp-json\/wp\/v2\/media?parent=152078"}],"wp:term":[{"taxonomy":"category","embeddable":true,"href":"https:\/\/www.foment.com\/es\/wp-json\/wp\/v2\/categories?post=152078"},{"taxonomy":"post_tag","embeddable":true,"href":"https:\/\/www.foment.com\/es\/wp-json\/wp\/v2\/tags?post=152078"}],"curies":[{"name":"wp","href":"https:\/\/api.w.org\/{rel}","templated":true}]}}