{"id":152361,"date":"2022-10-27T13:48:54","date_gmt":"2022-10-27T11:48:54","guid":{"rendered":"https:\/\/www.foment.com\/?p=152361"},"modified":"2023-01-30T10:31:38","modified_gmt":"2023-01-30T09:31:38","slug":"jornada-de-prl-seguridad-en-espacios-confinados","status":"publish","type":"post","link":"https:\/\/www.foment.com\/es\/jornada-de-prl-seguridad-en-espacios-confinados\/","title":{"rendered":"Jornada de PRL. Seguridad en espacios confinados."},"content":{"rendered":"<section class=\"wpb-content-wrapper\"><p>[vc_row][vc_column][vc_single_image image=\u00bb136214&#8243; img_size=\u00bbfull\u00bb alignment=\u00bbcenter\u00bb][vc_column_text]Los trabajos en espacios confinados suponen una de las tareas que conllevan riesgos de especial gravedad como son las ca\u00eddas desde altura, explosiones e incendios, asfixia y atrapamientos.<\/p>\n<p>Para poder planificar y prevenir correctamente dichos trabajos es necesario conocer que espacios confinados tenemos en las instalaciones, sus caracter\u00edsticas, nivel de peligrosidad y los riesgos y medidas preventivas que debemos aplicar.<br \/>\nIgualmente, es necesario prever las posibles situaciones de emergencia y las medidas de actuaci\u00f3n.<\/p>\n<p>Esta jornada, organizada con la colaboraci\u00f3n del Instituto de Formaci\u00f3n Pr\u00e1ctica de Riesgos Laborales (IFPRL), se celebr\u00f3 con el objeto de explicar una metodolog\u00eda para la identificaci\u00f3n y clasificaci\u00f3n de los espacios confinados, as\u00ed como las malas pr\u00e1cticas que habitualmente se realizan cuando se ejecutan trabajos en espacios confinados.[\/vc_column_text][\/vc_column][\/vc_row][vc_row top_padding=\u00bb20&#8243;][vc_column width=\u00bb1\/1&#8243;][vc_column_text]<\/p>\n<h1><span style=\"color: #d2112d;\">V\u00eddeo de la jornada<\/span><\/h1>\n<p>[\/vc_column_text][vc_video link=\u00bbhttps:\/\/youtu.be\/C965On32GCs\u00bb align=\u00bbcenter\u00bb][\/vc_column][\/vc_row][vc_row top_padding=\u00bb40&#8243;][vc_column width=\u00bb1\/1&#8243;][vc_column_text]<\/p>\n<h1><span style=\"color: #d2112d;\">Documentaci\u00f3n de la jornada<\/span><\/h1>\n<p>[\/vc_column_text][\/vc_column][\/vc_row][vc_row top_padding=\u00bb20&#8243;][vc_column width=\u00bb1\/3&#8243;][vc_column_text]<\/p>\n<h3>Programa de la jornada<\/h3>\n<p>Seguridad en espacios confinados[\/vc_column_text]<a href=\"https:\/\/eur04.safelinks.protection.outlook.com\/?url=https%3A%2F%2Fbeeb0ca9fc774f889da478d85e69ce99.svc.dynamics.com%2Ft%2Ft%2Fs3bxKI5FzrQ6T2vOsRxxxgTxQxlgCjzzdlg0S5eUvgcx%2F45QBDFPq3ZJj4wsyj7jeculzkfzGuk6E9y5f53w0gxsx&#038;data=05%7C01%7Cjnoguerol%40foment.com%7Cedc7f87314ec46332af908daaab11b52%7Cf37c938d38654a89b99bb000c76a74bf%7C1%7C0%7C638009974905006480%7CUnknown%7CTWFpbGZsb3d8eyJWIjoiMC4wLjAwMDAiLCJQIjoiV2luMzIiLCJBTiI6Ik1haWwiLCJXVCI6Mn0%3D%7C3000%7C%7C%7C&#038;sdata=PI5gLvVuMWpLh9xtud50dy8lvo4ICnmnVtjgpfTX%2F%2Fw%3D&#038;reserved=0\" target=\"_self\" class=\"button color-2 medium \" style=\"border-radius: 2px;\">Descargar<\/a>[\/vc_column][vc_column width=\u00bb1\/3&#8243;][vc_column_text]<\/p>\n<h3>Ponencia<\/h3>\n<p>Seguridad en espacios confinados. Identificaci\u00f3n, clasificaci\u00f3n y malas pr\u00e1cticas.<br \/>\nSr. \u00cd\u00f1igo Altube.[\/vc_column_text]<a href=\"https:\/\/fomentdeltreball.sharepoint.com\/:b:\/g\/Eb7tVEIwdR5NpCe6JEh5g7EBdhxOhUPlnddNBfD903_5cA?e=PHRUD0\" target=\"_self\" class=\"button color-2 medium \" style=\"border-radius: 2px;\">Descargar<\/a>[\/vc_column][vc_column width=\u00bb1\/3&#8243;][vc_column_text]<\/p>\n<h3>Gu\u00eda<\/h3>\n<p>Gu\u00eda T\u00e9cnica de trabajos en espacios confinados.<br \/>\nInstituto Vasco de Seguridad y Salud Laboral (Osalan)[\/vc_column_text]<a href=\"https:\/\/www.ifprl.com\/wp-content\/uploads\/2021\/04\/GUI%CC%81A-ESPACIOS-CONFINADOS.pdf\" target=\"_self\" class=\"button color-2 medium \" style=\"border-radius: 2px;\">Descargar<\/a>[\/vc_column][\/vc_row]<\/p>\n<\/section>","protected":false},"excerpt":{"rendered":"<p>[vc_row][vc_column][vc_single_image image=\u00bb136214&#8243; img_size=\u00bbfull\u00bb alignment=\u00bbcenter\u00bb][vc_column_text]Los trabajos en espacios confinados suponen una de las tareas que conllevan riesgos de especial gravedad como son las ca\u00eddas desde altura, explosiones e incendios, asfixia y atrapamientos. Para poder planificar y prevenir correctamente dichos trabajos es necesario conocer que espacios confinados tenemos en las instalaciones, sus caracter\u00edsticas, nivel de peligrosidad y los riesgos y medidas preventivas que debemos aplicar. Igualmente, es necesario prever las posibles situaciones de emergencia y las medidas de actuaci\u00f3n. Esta jornada, organizada con la colaboraci\u00f3n del Instituto de Formaci\u00f3n Pr\u00e1ctica de Riesgos Laborales (IFPRL), se celebr\u00f3 con el objeto de explicar una metodolog\u00eda para la identificaci\u00f3n y clasificaci\u00f3n de los espacios confinados, as\u00ed como las malas pr\u00e1cticas que habitualmente se realizan cuando se ejecutan trabajos en espacios confinados.[\/vc_column_text][\/vc_column][\/vc_row][vc_row top_padding=\u00bb20&#8243;][vc_column width=\u00bb1\/1&#8243;][vc_column_text] V\u00eddeo de la jornada [\/vc_column_text][vc_video link=\u00bbhttps:\/\/youtu.be\/C965On32GCs\u00bb align=\u00bbcenter\u00bb][\/vc_column][\/vc_row][vc_row top_padding=\u00bb40&#8243;][vc_column width=\u00bb1\/1&#8243;][vc_column_text] Documentaci\u00f3n de la jornada [\/vc_column_text][\/vc_column][\/vc_row][vc_row top_padding=\u00bb20&#8243;][vc_column width=\u00bb1\/3&#8243;][vc_column_text] Programa de la jornada Seguridad en espacios confinados[\/vc_column_text][\/vc_column][vc_column width=\u00bb1\/3&#8243;][vc_column_text] Ponencia Seguridad en espacios confinados. Identificaci\u00f3n, clasificaci\u00f3n y malas pr\u00e1cticas. Sr. \u00cd\u00f1igo Altube.[\/vc_column_text][\/vc_column][vc_column width=\u00bb1\/3&#8243;][vc_column_text] Gu\u00eda Gu\u00eda T\u00e9cnica de trabajos en espacios confinados. Instituto Vasco de Seguridad y Salud Laboral (Osalan)[\/vc_column_text][\/vc_column][\/vc_row]<\/p>\n","protected":false},"author":15,"featured_media":152372,"comment_status":"closed","ping_status":"closed","sticky":false,"template":"","format":"standard","meta":{"_links_to":"","_links_to_target":""},"categories":[6578,216],"tags":[985,417,1497],"acf":[],"wps_subtitle":"<strong>Actividad realizada en el marco del proyecto de incentivo y promoci\u00f3n de la seguridad y salud laboral como estrategia de competitividad de las empresas catalanas<\/strong>","_links":{"self":[{"href":"https:\/\/www.foment.com\/es\/wp-json\/wp\/v2\/posts\/152361"}],"collection":[{"href":"https:\/\/www.foment.com\/es\/wp-json\/wp\/v2\/posts"}],"about":[{"href":"https:\/\/www.foment.com\/es\/wp-json\/wp\/v2\/types\/post"}],"author":[{"embeddable":true,"href":"https:\/\/www.foment.com\/es\/wp-json\/wp\/v2\/users\/15"}],"replies":[{"embeddable":true,"href":"https:\/\/www.foment.com\/es\/wp-json\/wp\/v2\/comments?post=152361"}],"version-history":[{"count":4,"href":"https:\/\/www.foment.com\/es\/wp-json\/wp\/v2\/posts\/152361\/revisions"}],"predecessor-version":[{"id":152574,"href":"https:\/\/www.foment.com\/es\/wp-json\/wp\/v2\/posts\/152361\/revisions\/152574"}],"wp:featuredmedia":[{"embeddable":true,"href":"https:\/\/www.foment.com\/es\/wp-json\/wp\/v2\/media\/152372"}],"wp:attachment":[{"href":"https:\/\/www.foment.com\/es\/wp-json\/wp\/v2\/media?parent=152361"}],"wp:term":[{"taxonomy":"category","embeddable":true,"href":"https:\/\/www.foment.com\/es\/wp-json\/wp\/v2\/categories?post=152361"},{"taxonomy":"post_tag","embeddable":true,"href":"https:\/\/www.foment.com\/es\/wp-json\/wp\/v2\/tags?post=152361"}],"curies":[{"name":"wp","href":"https:\/\/api.w.org\/{rel}","templated":true}]}}