{"id":152893,"date":"2022-11-04T10:20:51","date_gmt":"2022-11-04T09:20:51","guid":{"rendered":"https:\/\/www.foment.com\/?p=152893"},"modified":"2022-11-04T16:32:24","modified_gmt":"2022-11-04T15:32:24","slug":"montjuic-gran-oportunidad-descentralizar-actividad-turistica-centro-barcelona","status":"publish","type":"post","link":"https:\/\/www.foment.com\/es\/montjuic-gran-oportunidad-descentralizar-actividad-turistica-centro-barcelona\/","title":{"rendered":"Montjuic es una gran oportunidad para descentralizar la actividad tur\u00edstica del centro de Barcelona y conseguir visitantes de calidad"},"content":{"rendered":"<section class=\"wpb-content-wrapper\"><p>[vc_row][vc_column][vc_column_text]<\/p>\n<ul>\n<li><strong>La monta\u00f1a puede convertirse en el pulm\u00f3n verde de la cultura y los deportes de Barcelona.<\/strong><\/li>\n<li><strong>La cultura, la naturaleza y el deporte deben ser los ejes clave en el imaginario de los barceloneses y de los visitantes de la ciudad.<\/strong><\/li>\n<\/ul>\n<p><strong>\u00a0<\/strong>Las sinergias entre deporte, cultura y congresos en la monta\u00f1a de Montjuic son una gran oportunidad para descentralizar la actividad tur\u00edstica del centro de Barcelona. Este es uno de los mensajes principales del Desayuno de Turismo del CETT y Foment que ha tenido lugar este viernes en la sede de la organizaci\u00f3n empresarial.<\/p>\n<p>El di\u00e1logo sobre la monta\u00f1a ha subrayado el potencial de los equipamientos culturales e instalaciones deportivas de Montjuic y la gran oportunidad que supone para Barcelona para conseguir un turismo de calidad. El presidente de la comisi\u00f3n de Turismo de Foment, <strong>Guillermo Vallet<\/strong>, ha remarcado que, con Montjuic, <strong>\u00abnos encontramos ante la gran oportunidad de nuestra ciudad<\/strong>\u00bb y que, a las puertas de las elecciones municipales, es el momento de hacer de la monta\u00f1a \u00ab<strong>el pulm\u00f3n verde de la cultura y de los deportes de Barcelona\u00bb y de \u00abtrabajar para que sea un lugar central de la ciudad y deje de ser un lugar lim\u00edtrofe de la ciudad\u00bb. \u00bb Aprovechamos que de aqu\u00ed a siete a\u00f1os llegar\u00e1 el centenario de la Exposici\u00f3n Universal para conseguir este bonito reto\u00bb<\/strong>&#8211; ha remarcado Vallet.<\/p>\n<p>Por su parte, <strong>Eugeni Os\u00e0car,<\/strong> director de investigaci\u00f3n del <strong>CETT<\/strong> Barcelona School of Tourism, Hospitality and Gastronomy, ha afirmado que \u00ab<strong>con ambici\u00f3n pol\u00edtica y empresarial, la monta\u00f1a de Montjuic tiene todas las condiciones para convertirse en el gran parque urbano de la ciudad\u00bb y ha a\u00f1adido que \u00abla cultura, la naturaleza y el deporte deben ser los ejes clave en el imaginario de los barceloneses y de los visitantes de la ciudad\u00bb.<\/strong><\/p>\n<p><strong>\u00a0<\/strong>En este Desayuno de Turismo de Foment y CETT han participado representantes de entidades destacadas de Montjuic: <strong>Susana<\/strong> Oliveras, gerente del Instituto Barcelona Esports, <strong>\u00c1ngel D\u00edaz,<\/strong> presidente de Advanced Leisure Services, gestora del Castillo de Montjuit, <strong>Sara Puig,<\/strong> presidenta de la Fundaci\u00f3n Joan Mir\u00f3, y Pepe Serra, director del Museo Nacional de Arte de Catalu\u00f1a (MNAC).<\/p>\n<p><strong>Susana Oliveras<\/strong>, gerente del instituto Barcelona Sports, ha asegurado que <strong>\u00ablas acciones que se quieren poner en marcha har\u00e1n de la monta\u00f1a un gran espacio para la pr\u00e1ctica deportiva. Permitir\u00e1 poner en valor la pr\u00e1ctica de nuevos usos y oportunidades: el impulso de Barcelona Sports Hub, la organizaci\u00f3n de grandes eventos como La Vuelta23, la potenciaci\u00f3n de instalaciones singulares, como acoger al Bar\u00e7a la pr\u00f3xima temporada, y los circuitos de actividad deportiva al aire libre, entre otros\u00bb<\/strong>. Y ha a\u00f1adido: \u00ab<strong>es una propuesta sostenible y verde que permitir\u00e1 a la ciudadan\u00eda y a los visitantes, conocer las oportunidades.<\/strong><\/p>\n<p><strong>\u00a0<\/strong><strong>\u00c1ngel D\u00edaz,<\/strong> presidente de Advanced Leisure Services, gestora del Castillo de Montjuic, ha afirmado que \u00ab<strong>la monta\u00f1a de Montjuic tiene la posibilidad de convertirse en el gran parque urbano de Barcelona y en un gran activo para el \u00c1rea Metropolitana, equiparable a los principales parques urbanos del mundo\u00bb.<\/strong> \u00a0Y ha apuntado que, para hacerlo posible, \u00ab<strong>es necesaria una visi\u00f3n integral e inclusiva y desarrollarla desde lo m\u00e1s general, el modelo y la gesti\u00f3n, a lo m\u00e1s concreto, las actuaciones y la soluci\u00f3n de problem\u00e1ticas puntuales. Si no, nos perderemos en el detalle y no seremos capaces de apreciar el potencial de este espacio, \u00fanico y estrat\u00e9gico para la ciudad y la ciudadan\u00eda.\u00bb<\/strong><\/p>\n<p>La presidenta de la Fundaci\u00f3n Joan Mir\u00f3, <strong>Sara Puig<\/strong>, ha se\u00f1alado que \u00ab\u00bb<strong>desde la FJM mantenemos una actitud positiva, optimista y activa para que Montjuic se convierta en el parque de la cultura y el deporte que Barcelona y los barceloneses merecen\u00bb.<\/strong><\/p>\n<p><strong>\u00a0<\/strong>El director del Museo Nacional de Arte de Catalu\u00f1a (MNAC), <strong>Pepe Serra,<\/strong> ha remarcado que \u00ab<strong>convertir definitivamente la monta\u00f1a de Montjuic y toda la enorme y variada oferta cultural que contiene, espacios verdes y eventos art\u00edsticos y de entretenimiento, en un parque urbano accesible, transitable y abierto a todo el mundo, conectado de forma permanente y f\u00e1cil con Barcelona, es una de las grandes oportunidades estrat\u00e9gicas y a la vez pendientes de la ciudad\u00bb.<\/strong><\/p>\n<p><span style=\"color: #c12238;\"><strong>Desayunos de Turismo del CETT y Foment<\/strong><\/span><\/p>\n<p>Los Desayunos de Turismo de Foment y el CETT son encuentros cuatrimestrales para directivos, mandos intermedios y profesionales expertos de empresas y administraciones p\u00fablicas en las que se abordan temas ligados al desarrollo del turismo, la hosteler\u00eda y la gastronom\u00eda.[\/vc_column_text][\/vc_column][\/vc_row][vc_row][vc_column width=\u00bb1\/1&#8243;]<div class=\"spacer\" style=\"height: 20px;\"><\/div><div class=\"flexslider wpb_content_element\"><ul class=\"slides\"><li><img src=\"https:\/\/www.foment.com\/wp-content\/uploads\/2022\/11\/MAT03217-copia-scaled.jpg\" alt=\"\" \/><\/li><li><img src=\"https:\/\/www.foment.com\/wp-content\/uploads\/2022\/11\/MAT03222-copia-scaled.jpg\" alt=\"\" \/><\/li><li><img src=\"https:\/\/www.foment.com\/wp-content\/uploads\/2022\/11\/MAT03261-copia-scaled.jpg\" alt=\"\" \/><\/li><li><img src=\"https:\/\/www.foment.com\/wp-content\/uploads\/2022\/11\/MAT03268-copia-scaled.jpg\" alt=\"\" \/><\/li><li><img src=\"https:\/\/www.foment.com\/wp-content\/uploads\/2022\/11\/MAT03292-copia-scaled.jpg\" alt=\"\" \/><\/li><li><img src=\"https:\/\/www.foment.com\/wp-content\/uploads\/2022\/11\/MAT03309-copia-scaled.jpg\" alt=\"\" \/><\/li><li><img src=\"https:\/\/www.foment.com\/wp-content\/uploads\/2022\/11\/MAT03311-copia-scaled.jpg\" alt=\"\" \/><\/li><li><img src=\"https:\/\/www.foment.com\/wp-content\/uploads\/2022\/11\/MAT03317-copia-scaled.jpg\" alt=\"\" \/><\/li><li><img src=\"https:\/\/www.foment.com\/wp-content\/uploads\/2022\/11\/MAT03324-copia-scaled.jpg\" alt=\"\" \/><\/li><li><img src=\"https:\/\/www.foment.com\/wp-content\/uploads\/2022\/11\/MAT03328-copia-scaled.jpg\" alt=\"\" \/><\/li><li><img src=\"https:\/\/www.foment.com\/wp-content\/uploads\/2022\/11\/MAT03330-copia-scaled.jpg\" alt=\"\" \/><\/li><li><img src=\"https:\/\/www.foment.com\/wp-content\/uploads\/2022\/11\/MAT03332-copia-scaled.jpg\" alt=\"\" \/><\/li><li><img src=\"https:\/\/www.foment.com\/wp-content\/uploads\/2022\/11\/MAT03346-copia-scaled.jpg\" alt=\"\" \/><\/li><li><img src=\"https:\/\/www.foment.com\/wp-content\/uploads\/2022\/11\/MAT03357-copia-scaled.jpg\" alt=\"\" \/><\/li><li><img src=\"https:\/\/www.foment.com\/wp-content\/uploads\/2022\/11\/MAT03360-copia-scaled.jpg\" alt=\"\" \/><\/li><li><img src=\"https:\/\/www.foment.com\/wp-content\/uploads\/2022\/11\/MAT03362-copia-scaled.jpg\" alt=\"\" \/><\/li><li><img src=\"https:\/\/www.foment.com\/wp-content\/uploads\/2022\/11\/MAT03379-copia-scaled.jpg\" alt=\"\" \/><\/li><li><img src=\"https:\/\/www.foment.com\/wp-content\/uploads\/2022\/11\/MAT03388-copia-scaled.jpg\" alt=\"\" \/><\/li><li><img src=\"https:\/\/www.foment.com\/wp-content\/uploads\/2022\/11\/MAT03399-copia-scaled.jpg\" alt=\"\" \/><\/li><li><img src=\"https:\/\/www.foment.com\/wp-content\/uploads\/2022\/11\/MAT03410-copia-scaled.jpg\" alt=\"\" \/><\/li><li><img src=\"https:\/\/www.foment.com\/wp-content\/uploads\/2022\/11\/MAT03416-copia-scaled.jpg\" alt=\"\" \/><\/li><li><img src=\"https:\/\/www.foment.com\/wp-content\/uploads\/2022\/11\/MAT03429-copia-scaled.jpg\" alt=\"\" \/><\/li><\/ul><\/div>[\/vc_column][\/vc_row]<\/p>\n<\/section>","protected":false},"excerpt":{"rendered":"<p>[vc_row][vc_column][vc_column_text] La monta\u00f1a puede convertirse en el pulm\u00f3n verde de la cultura y los deportes de Barcelona. La cultura, la naturaleza y el deporte deben ser los ejes clave en el imaginario de los barceloneses y de los visitantes de la ciudad. \u00a0Las sinergias entre deporte, cultura y congresos en la monta\u00f1a de Montjuic son una gran oportunidad para descentralizar la actividad tur\u00edstica del centro de Barcelona. Este es uno de los mensajes principales del Desayuno de Turismo del CETT y Foment que ha tenido lugar este viernes en la sede de la organizaci\u00f3n empresarial. El di\u00e1logo sobre la monta\u00f1a ha subrayado el potencial de los equipamientos culturales e instalaciones deportivas de Montjuic y la gran oportunidad que supone para Barcelona para conseguir un turismo de calidad. El presidente de la comisi\u00f3n de Turismo de Foment, Guillermo Vallet, ha remarcado que, con Montjuic, \u00abnos encontramos ante la gran oportunidad de nuestra ciudad\u00bb y que, a las puertas de las elecciones municipales, es el momento de hacer de la monta\u00f1a \u00abel pulm\u00f3n verde de la cultura y de los deportes de Barcelona\u00bb y de \u00abtrabajar para que sea un lugar central de la ciudad y deje de ser un lugar lim\u00edtrofe [&hellip;]<\/p>\n","protected":false},"author":7,"featured_media":153003,"comment_status":"closed","ping_status":"closed","sticky":false,"template":"","format":"standard","meta":{"_links_to":"","_links_to_target":""},"categories":[114,5714,1665],"tags":[6766,7128,4301,4303,6768,6767,6769],"acf":[],"wps_subtitle":"","_links":{"self":[{"href":"https:\/\/www.foment.com\/es\/wp-json\/wp\/v2\/posts\/152893"}],"collection":[{"href":"https:\/\/www.foment.com\/es\/wp-json\/wp\/v2\/posts"}],"about":[{"href":"https:\/\/www.foment.com\/es\/wp-json\/wp\/v2\/types\/post"}],"author":[{"embeddable":true,"href":"https:\/\/www.foment.com\/es\/wp-json\/wp\/v2\/users\/7"}],"replies":[{"embeddable":true,"href":"https:\/\/www.foment.com\/es\/wp-json\/wp\/v2\/comments?post=152893"}],"version-history":[{"count":5,"href":"https:\/\/www.foment.com\/es\/wp-json\/wp\/v2\/posts\/152893\/revisions"}],"predecessor-version":[{"id":153204,"href":"https:\/\/www.foment.com\/es\/wp-json\/wp\/v2\/posts\/152893\/revisions\/153204"}],"wp:featuredmedia":[{"embeddable":true,"href":"https:\/\/www.foment.com\/es\/wp-json\/wp\/v2\/media\/153003"}],"wp:attachment":[{"href":"https:\/\/www.foment.com\/es\/wp-json\/wp\/v2\/media?parent=152893"}],"wp:term":[{"taxonomy":"category","embeddable":true,"href":"https:\/\/www.foment.com\/es\/wp-json\/wp\/v2\/categories?post=152893"},{"taxonomy":"post_tag","embeddable":true,"href":"https:\/\/www.foment.com\/es\/wp-json\/wp\/v2\/tags?post=152893"}],"curies":[{"name":"wp","href":"https:\/\/api.w.org\/{rel}","templated":true}]}}