{"id":154354,"date":"2022-11-21T18:00:55","date_gmt":"2022-11-21T17:00:55","guid":{"rendered":"https:\/\/www.foment.com\/60empreses-catalanes-considera-transicio-cap-economia-circular-es-urgent\/"},"modified":"2022-11-21T19:40:46","modified_gmt":"2022-11-21T18:40:46","slug":"empresas-catalanas-considera-transicion-hacia-economia-circular-es-urgente","status":"publish","type":"post","link":"https:\/\/www.foment.com\/es\/empresas-catalanas-considera-transicion-hacia-economia-circular-es-urgente\/","title":{"rendered":"Un 60% de las empresas catalanas considera que la transici\u00f3n hacia la econom\u00eda circular es urgente"},"content":{"rendered":"<p><a href=\"https:\/\/www.foment.com\/wp-content\/uploads\/2022\/11\/logos.jpg\"><img loading=\"lazy\" class=\"aligncenter size-full wp-image-154350\" src=\"https:\/\/www.foment.com\/wp-content\/uploads\/2022\/11\/logos.jpg\" alt=\"\" width=\"665\" height=\"89\" srcset=\"https:\/\/www.foment.com\/wp-content\/uploads\/2022\/11\/logos.jpg 665w, https:\/\/www.foment.com\/wp-content\/uploads\/2022\/11\/logos-300x40.jpg 300w\" sizes=\"(max-width: 665px) 100vw, 665px\" \/><\/a><\/p>\n<ul>\n<li><strong>Seg\u00fan la segunda edici\u00f3n del &#8216;Bar\u00f3metro de econom\u00eda circular de la empresa catalana&#8217;, la mayor\u00eda de las 204 empresas encuestadas de los sectores industrial, de la construcci\u00f3n y terciario ubicadas en Catalu\u00f1a apunta a la reducci\u00f3n de los riesgos ambientales, la dependencia de materiales y el ahorro de costes como principales motivos para implantar iniciativas relacionadas con la econom\u00eda circular.<\/strong><\/li>\n<\/ul>\n<p>La Comisi\u00f3n de Econom\u00eda y Sostenibilidad del <strong>Colegio de Economistas de Catalu\u00f1a<\/strong>, el <strong>Departamento de Acci\u00f3n Clim\u00e1tica, Alimentaci\u00f3n y Agenda Rural<\/strong> de la <strong>Generalidad de Catalu\u00f1a<\/strong>, <strong>Pimec, Fomento del Trabajo Nacional<\/strong> y la <strong>C\u00e1tedra de Econom\u00eda Circular y Sostenibilidad del Tecnocampus Matar\u00f3-Vall\u00e8s<\/strong> han colaborado para elaborar la segunda edici\u00f3n del &#8216;<strong> Bar\u00f3metro de econom\u00eda circular de la empresa catalana&#8217; <\/strong>con el objetivo de valorar el grado de conocimiento e implementaci\u00f3n de la econom\u00eda circular en el conjunto de las empresas de Catalu\u00f1a.<\/p>\n<p>El bar\u00f3metro se ha realizado por medio de una encuesta realizada entre febrero y abril de 2022 entre un total de 204 empresas de los sectores industrial, construcci\u00f3n y terciario a partir de 1 persona trabajadora y de menos de 1 mill\u00f3n de euros de facturaci\u00f3n.<\/p>\n<p>La Comisi\u00f3n de Econom\u00eda y Sostenibilidad del Colegio de Economistas de Catalu\u00f1a ha analizado los datos de la encuesta que Pimec y Fomento del Trabajo Nacional han trasladado entre sus asociados. El Departamento de Acci\u00f3n Clim\u00e1tica, Alimentaci\u00f3n y Agenda Rural lo ha trasladado entre las asociaciones empresariales y las empresas adheridas al Observatorio de Econom\u00eda Circular y otras entidades colaboradoras. La C\u00e1tedra de Econom\u00eda Circular y Sostenibilidad del Tecnocampus Matar\u00f3-Vall\u00e8s han realizado el tratamiento de los datos y participado en el an\u00e1lisis.<\/p>\n<p>La primera edici\u00f3n del Bar\u00f3metro de econom\u00eda circular de la empresa catalana de 2020 coincidi\u00f3 con un a\u00f1o complejo marcado por la COVID-19, mientras que la edici\u00f3n del Bar\u00f3metro de 2022 ha coincidido con un escenario tambi\u00e9n complejo con el incremento de los precios energ\u00e9ticos, de materias primas as\u00ed como muchos problemas en la cadena de suministro debido a una contracci\u00f3n de la oferta. Adem\u00e1s, el escenario econ\u00f3mico se ha agravado por la guerra de Ucrania desde febrero 2022, coincidiendo con el periodo de realizaci\u00f3n de la encuesta. La situaci\u00f3n econ\u00f3mica derivada de este contexto, restricciones energ\u00e9ticas, d\u00e9ficit de recursos, adem\u00e1s de la alerta sobre la crisis alimentaria, ha derivado hacia un escenario de grandes incertidumbres para las empresas con amenazas mundiales que nos han llevado a un contexto econ\u00f3mico muy diferente. Con todo ello, los resultados de la segunda edici\u00f3n del bar\u00f3metro parecen evidenciar las tensiones de los sectores econ\u00f3micos sobre las dificultades y las oportunidades de facilitar la transici\u00f3n ecol\u00f3gica.<\/p>\n<p>En el bar\u00f3metro se ha consultado en primer lugar <strong>c\u00f3mo perciben las propias empresas qu\u00e9 es la econom\u00eda circular<\/strong>. La mayor\u00eda considera que tiene un conocimiento medio-alto sobre el concepto de econom\u00eda circular. Por otro lado, si bien no existe una respuesta un\u00e1nime con relaci\u00f3n a lo que las empresas entienden por econom\u00eda circular, la mayor\u00eda relaciona el concepto con la reducci\u00f3n de residuos, la reutilizaci\u00f3n y la extensi\u00f3n de vida y el reciclaje. Una conclusi\u00f3n en la misma l\u00ednea de lo que apuntaron la mayor\u00eda de las empresas en la primera edici\u00f3n del bar\u00f3metro.<\/p>\n<p>En cuanto a la <strong>urgencia de la transici\u00f3n hacia la econom\u00eda circular<\/strong>, un 60% de las empresas encuestadas cree que la transici\u00f3n hacia la econom\u00eda circular es urgente, de manera muy transversal entre las empresas peque\u00f1as, medianas y grandes. En la encuesta del a\u00f1o 2020, realizada entonces sobre 184 empresas, esta cifra fue de un 72%.<\/p>\n<p>La econom\u00eda circular tiene una cierta <strong>influencia en la definici\u00f3n de la estrategia de la empresa<\/strong> en un 45% de los casos. Esta influencia llega a ser fuerte en otro 38% de las empresas. Solo un 16% de las empresas considera que la econom\u00eda circular no tiene ninguna influencia en el momento de definir su estrategia. Esta influencia es dispar en funci\u00f3n del tama\u00f1o. As\u00ed, el 50% de las empresas grandes considera que la influencia es fuerte, mientras que la proporci\u00f3n baja al 33% en el caso de las empresas m\u00e1s peque\u00f1as, de 1 a 9 personas trabajadoras.<\/p>\n<p>Con relaci\u00f3n a los <strong>motivos m\u00e1s relevantes para hacer la transici\u00f3n hacia la econom\u00eda circular<\/strong>, la mayor\u00eda apunta a la reducci\u00f3n de los riesgos ambientales, la dependencia de materiales y el ahorro de costes. Estos motivos, expresados en los resultados de la encuesta del a\u00f1o 2022, representan un cambio respecto a los motivos expresados en la encuesta del a\u00f1o 2020, cuando se consideraban m\u00e1s importantes la reputaci\u00f3n corporativa y responder a las necesidades de los clientes.<\/p>\n<p>El bar\u00f3metro ha preguntado tambi\u00e9n por el <strong>grado de conocimiento de la empresa sobre el marco institucional de la econom\u00eda circular<\/strong>: leyes, planes, estrategias e instrumentos de apoyo. \u00a0Los datos indican que las empresas que han respondido a la encuesta conocen m\u00e1s y consideran m\u00e1s importante por las posibles implicaciones en sus organizaciones las iniciativas internacionales y de la Uni\u00f3n Europea que las impulsadas desde el Estado espa\u00f1ol. Adem\u00e1s, son las empresas m\u00e1s grandes las que valoran en posiciones m\u00e1s altas las respuestas a las diferentes iniciativas y leyes.<\/p>\n<p>El bar\u00f3metro tambi\u00e9n consulta por las <strong>iniciativas realizadas por parte de las empresas encuestadas en la implantaci\u00f3n de la econom\u00eda circular<\/strong>. Al igual que en la encuesta del a\u00f1o 2020, la dimensi\u00f3n de la empresa sigue teniendo bastante influencia a la hora de impulsar iniciativas en la econom\u00eda circular. Las empresas m\u00e1s grandes tambi\u00e9n parecen m\u00e1s activas en el 2022. En general, las iniciativas de econom\u00eda circular que se han llevado a cabo se centran en el reciclaje, en la mejora de la eficiencia del uso de los recursos y en su recuperaci\u00f3n. Por el contrario, las iniciativas vinculadas a la integraci\u00f3n de la reforma y remanufactura de los productos y a la servilizaci\u00f3n se consideran m\u00e1s dif\u00edciles de abordar.<\/p>\n<p>Igualmente, las empresas vinculan el progreso en la econom\u00eda circular con la mejora de la eficiencia de procesos dentro de la cadena de suministro. Las empresas grandes ponen \u00e9nfasis en la valorizaci\u00f3n de los residuos y en la incorporaci\u00f3n y adquisici\u00f3n de materias primas renovables. Por el contrario, las empresas m\u00e1s peque\u00f1as indican tener dificultades al influir y aumentar la capacidad de valoraci\u00f3n de los residuos. La aplicaci\u00f3n de m\u00e9tricas para evaluar el impacto dentro de la empresa de sus propias iniciativas en econom\u00eda circular sigue siendo un tema con un fuerte espacio de mejora, especialmente en las empresas peque\u00f1as que no tienen tan integrada la econom\u00eda circular en la estrategia de la empresa. La evaluaci\u00f3n del impacto de las iniciativas de econom\u00eda circular se ha reducido en los resultados de la encuesta de 2022 con relaci\u00f3n a los resultados de la encuesta del a\u00f1o 2020.<\/p>\n<p>Finalmente, el bar\u00f3metro ha consultado por las <strong>barreras a superar y los est\u00edmulos para avanzar<\/strong>. Las principales barreras detectadas por las empresas a la hora de implantar pr\u00e1cticas y\/o modelos de econom\u00eda circular son la disponibilidad de material reciclado de calidad y la dificultad de recuperar materiales para el reciclaje, especialmente para las empresas de 10 a 49 personas trabajadoras del sector industrial y de la construcci\u00f3n. Igualmente se confirma, en relaci\u00f3n con el a\u00f1o 2020, que ni la percepci\u00f3n de riesgo empresarial, ni las dificultades por parte de los accionistas son barreras que impidan avanzar hacia la econom\u00eda circular.<\/p>\n<p>Aunque el porcentaje de empresas que afirman haber realizado inversiones para la implantaci\u00f3n de la econom\u00eda circular en los \u00faltimos a\u00f1os, ha disminuido con relaci\u00f3n a los resultados del a\u00f1o 2020, sigue habiendo una gran convicci\u00f3n de que, para ir hacia la econom\u00eda circular, hay que hacer inversiones. M\u00e1s de una tercera parte de las empresas que han hecho inversiones afirman haber recibido ayudas. El grado de conocimiento sobre las ayudas disponibles contin\u00faa, al igual que en el a\u00f1o 2020, con posibilidades de mejora. \u00a0En este sentido, de acuerdo con las empresas encuestadas, el sistema financiero es sensible a los temas de econom\u00eda circular y se considera que, en general, este hecho ayuda a la obtenci\u00f3n de financiaci\u00f3n.<\/p>\n<p>El bar\u00f3metro se ha presentado esta tarde en la sede del Colegio de Economistas de Catalu\u00f1a, en un acto donde han intervenido el decano del Colegio, <strong>Carles Puig de Travy<\/strong>, la secretaria de Acci\u00f3n Clim\u00e1tica, <strong>Anna Barnadas i L\u00f3pez<\/strong>, el presidente de la Comisi\u00f3n Sostenibilidad y Econom\u00eda Circular de Pimec,<strong> Jaume Puig i Canal<\/strong>, el director Desarrollo Sostenible de Fomento de Trabajo Nacional,\u00a0 <strong>Salvador Sed\u00f2 i Alabart<\/strong> y el director general de la Fundaci\u00f3n Tecnocampus Matar\u00f3-Vall\u00e8s, <strong>Josep Llu\u00eds Checa L\u00f3pez. Tambi\u00e9n han participado <\/strong>la presidenta de la Comisi\u00f3n de Econom\u00eda y Sostenibilidad y miembro de la Junta de Gobierno del Colegio de Economistas de Catalu\u00f1a, <strong>Ana Garcia Molina<\/strong> y el vicepresidente de la Comissi\u00f3 d \u0301Economia i Sostenibilitat del Col\u00b7legi d&#8217;Economistes de Catalunya, <strong>Albert Garc\u00eda Pujol.<\/strong><\/p>\n","protected":false},"excerpt":{"rendered":"<p>Seg\u00fan la segunda edici\u00f3n del &#8216;Bar\u00f3metro de econom\u00eda circular de la empresa catalana&#8217;, la mayor\u00eda de las 204 empresas encuestadas de los sectores industrial, de la construcci\u00f3n y terciario ubicadas en Catalu\u00f1a apunta a la reducci\u00f3n de los riesgos ambientales, la dependencia de materiales y el ahorro de costes como principales motivos para implantar iniciativas relacionadas con la econom\u00eda circular. La Comisi\u00f3n de Econom\u00eda y Sostenibilidad del Colegio de Economistas de Catalu\u00f1a, el Departamento de Acci\u00f3n Clim\u00e1tica, Alimentaci\u00f3n y Agenda Rural de la Generalidad de Catalu\u00f1a, Pimec, Fomento del Trabajo Nacional y la C\u00e1tedra de Econom\u00eda Circular y Sostenibilidad del Tecnocampus Matar\u00f3-Vall\u00e8s han colaborado para elaborar la segunda edici\u00f3n del &#8216; Bar\u00f3metro de econom\u00eda circular de la empresa catalana&#8217; con el objetivo de valorar el grado de conocimiento e implementaci\u00f3n de la econom\u00eda circular en el conjunto de las empresas de Catalu\u00f1a. El bar\u00f3metro se ha realizado por medio de una encuesta realizada entre febrero y abril de 2022 entre un total de 204 empresas de los sectores industrial, construcci\u00f3n y terciario a partir de 1 persona trabajadora y de menos de 1 mill\u00f3n de euros de facturaci\u00f3n. La Comisi\u00f3n de Econom\u00eda y Sostenibilidad del Colegio de Economistas de Catalu\u00f1a [&hellip;]<\/p>\n","protected":false},"author":7,"featured_media":154523,"comment_status":"closed","ping_status":"closed","sticky":false,"template":"","format":"standard","meta":{"_links_to":"","_links_to_target":""},"categories":[114,74],"tags":[867,6502],"acf":[],"wps_subtitle":"","_links":{"self":[{"href":"https:\/\/www.foment.com\/es\/wp-json\/wp\/v2\/posts\/154354"}],"collection":[{"href":"https:\/\/www.foment.com\/es\/wp-json\/wp\/v2\/posts"}],"about":[{"href":"https:\/\/www.foment.com\/es\/wp-json\/wp\/v2\/types\/post"}],"author":[{"embeddable":true,"href":"https:\/\/www.foment.com\/es\/wp-json\/wp\/v2\/users\/7"}],"replies":[{"embeddable":true,"href":"https:\/\/www.foment.com\/es\/wp-json\/wp\/v2\/comments?post=154354"}],"version-history":[{"count":4,"href":"https:\/\/www.foment.com\/es\/wp-json\/wp\/v2\/posts\/154354\/revisions"}],"predecessor-version":[{"id":154618,"href":"https:\/\/www.foment.com\/es\/wp-json\/wp\/v2\/posts\/154354\/revisions\/154618"}],"wp:featuredmedia":[{"embeddable":true,"href":"https:\/\/www.foment.com\/es\/wp-json\/wp\/v2\/media\/154523"}],"wp:attachment":[{"href":"https:\/\/www.foment.com\/es\/wp-json\/wp\/v2\/media?parent=154354"}],"wp:term":[{"taxonomy":"category","embeddable":true,"href":"https:\/\/www.foment.com\/es\/wp-json\/wp\/v2\/categories?post=154354"},{"taxonomy":"post_tag","embeddable":true,"href":"https:\/\/www.foment.com\/es\/wp-json\/wp\/v2\/tags?post=154354"}],"curies":[{"name":"wp","href":"https:\/\/api.w.org\/{rel}","templated":true}]}}