{"id":155901,"date":"2022-12-15T11:57:10","date_gmt":"2022-12-15T10:57:10","guid":{"rendered":"https:\/\/www.foment.com\/?p=155901"},"modified":"2022-12-16T09:24:27","modified_gmt":"2022-12-16T08:24:27","slug":"foment-apoya-feria-audiovisual-ise","status":"publish","type":"post","link":"https:\/\/www.foment.com\/es\/foment-apoya-feria-audiovisual-ise\/","title":{"rendered":"Foment apoya la Feria audiovisual ISE que se celebrar\u00e1 en febrero de 2023 en Barcelona por tercera vez"},"content":{"rendered":"<section class=\"wpb-content-wrapper\"><p>[vc_row][vc_column width=\u00bb1\/1&#8243;][vc_column_text]<\/p>\n<ul>\n<li><strong><em>Josep S\u00e1nchez Llibre augura un \u00e9xito de asistencia en esta nueva edici\u00f3n del certamen y avala su impacto en la econom\u00eda catalana<\/em><\/strong><\/li>\n<li><strong><em>Mike Blackman defiende que \u00abel impacto de la industria audiovisual es muy relevante en el resto de sectores\u00bb<\/em><\/strong><\/li>\n<\/ul>\n<p>El presidente de Foment del Treball, <strong>Josep S\u00e1nchez Llibre<\/strong>, ha dado la bienvenida a <strong>Mike Blackman<\/strong>, Managing Director del Integretad Systems Europe (ISE), la mayor feria audiovisual del mundo que en 2023 celebrar\u00e1 su tercera edici\u00f3n en Barcelona, en una nueva edici\u00f3n de Innovation breakfast en la sede patronal.\u00a0S\u00e1nchez Llibre ha recordado que en mayo de este mismo a\u00f1o \u00ab<strong>vamos a organizar conjuntamente 3 visitas basadas en el puesto de trabajo inteligente, en el edificio inteligente y la se\u00f1alizaci\u00f3n digital, que fueron muy \u00fatiles porque pusieron al d\u00eda a nuestros socios con las \u00faltimas tendencias en tecnolog\u00eda\u00bb<\/strong>.<\/p>\n<p>El presidente de la patronal catalana ha subrayado que \u00ab<strong>el congreso atrajo a casi 50.000 asistentes, y este a\u00f1o estoy seguro de que batir\u00e1 este r\u00e9cord<\/strong>\u00ab. En febrero de 2023 se celebrar\u00e1 este evento en Fira Barcelona, contando tambi\u00e9n con conferencias informativas y clases magistrales. S\u00e1nchez Llibre ha agradecido a Mike Blackman y al ISE su apuesta por Barcelona y por el mundo empresarial catal\u00e1n.<\/p>\n<p>Mike Blackman ha expuesto las bondades de las ferias y de la presencialidad a pesar de la facilidad de la conectividad virtual. Adem\u00e1s, ha dejado claro que \u00abe<strong>l impacto de la industria audiovisual es muy relevante en el resto de sectores industriales<\/strong>\u00ab. Por ejemplo, seg\u00fan Blackman, el sector del retail, \u00abdonde ya puedes en tiendas que tienen aplicativos digitales, u hologramas que te ayudan a hacer las compras\u00bb. El director ejecutivo del ISE tambi\u00e9n ha hecho especial referencia a c\u00f3mo las innovaciones t\u00e9cnicas se puede hablar ya de\u00a0<strong>\u00abGreen Audiovisual y ver reducida su huella\u00bb<\/strong>. En cuanto a la edici\u00f3n de 2023 de la feria ISE, Blackman ha insistido en su \u00ab<strong>apuesta profunda por Barcelona\u00bb<\/strong> y ha mantenido que \u00abl<strong>as previsiones de impacto econ\u00f3mico y de asistencia invitan al optimismo\u00bb.<\/strong><\/p>\n<p>Previamente al Innovation Breakfast el se\u00f1or Blackman, acompa\u00f1ado del presidente S\u00e1nchez Llibre, y de la directora de Innovaci\u00f3n de Fomento, Maria Mora, de Miquel Rutllant, presidente del Cl\u00faster Audiovisual, de Rebecca Khelifa-Bonk, directora de relaciones p\u00fablicas del ISE y de Jordi Bosch, presidente de la comisi\u00f3n de Innovaci\u00f3n de Foment firmaron en el libro de honor de Foment.[\/vc_column_text]<div class=\"spacer\" style=\"height: 20px;\"><\/div><div class=\"flexslider wpb_content_element\"><ul class=\"slides\"><li><img src=\"https:\/\/www.foment.com\/wp-content\/uploads\/2022\/12\/descargar-25.png\" alt=\"\" \/><\/li><li><img src=\"https:\/\/www.foment.com\/wp-content\/uploads\/2022\/12\/descargar-14.png\" alt=\"\" \/><\/li><li><img src=\"https:\/\/www.foment.com\/wp-content\/uploads\/2022\/12\/1.jpg\" alt=\"\" \/><\/li><li><img src=\"https:\/\/www.foment.com\/wp-content\/uploads\/2022\/12\/descargar-23.png\" alt=\"\" \/><\/li><li><img src=\"https:\/\/www.foment.com\/wp-content\/uploads\/2022\/12\/descargar-4.png\" alt=\"\" \/><\/li><li><img src=\"https:\/\/www.foment.com\/wp-content\/uploads\/2022\/12\/descargar-5.png\" alt=\"\" \/><\/li><li><img src=\"https:\/\/www.foment.com\/wp-content\/uploads\/2022\/12\/descargar-19.png\" alt=\"\" \/><\/li><li><img src=\"https:\/\/www.foment.com\/wp-content\/uploads\/2022\/12\/descargar-22.png\" alt=\"\" \/><\/li><li><img src=\"https:\/\/www.foment.com\/wp-content\/uploads\/2022\/12\/descargar-11.png\" alt=\"\" \/><\/li><li><img src=\"https:\/\/www.foment.com\/wp-content\/uploads\/2022\/12\/descargar-12.png\" alt=\"\" \/><\/li><li><img src=\"https:\/\/www.foment.com\/wp-content\/uploads\/2022\/12\/descargar-30.png\" alt=\"\" \/><\/li><li><img src=\"https:\/\/www.foment.com\/wp-content\/uploads\/2022\/12\/descargar-24.png\" alt=\"\" \/><\/li><li><img src=\"https:\/\/www.foment.com\/wp-content\/uploads\/2022\/12\/descargar-21.png\" alt=\"\" \/><\/li><li><img src=\"https:\/\/www.foment.com\/wp-content\/uploads\/2022\/12\/descargar-27.png\" alt=\"\" \/><\/li><li><img src=\"https:\/\/www.foment.com\/wp-content\/uploads\/2022\/12\/descargar-1.png\" alt=\"\" \/><\/li><\/ul><\/div>[\/vc_column][\/vc_row]<\/p>\n<\/section>","protected":false},"excerpt":{"rendered":"<p>[vc_row][vc_column width=\u00bb1\/1&#8243;][vc_column_text] Josep S\u00e1nchez Llibre augura un \u00e9xito de asistencia en esta nueva edici\u00f3n del certamen y avala su impacto en la econom\u00eda catalana Mike Blackman defiende que \u00abel impacto de la industria audiovisual es muy relevante en el resto de sectores\u00bb El presidente de Foment del Treball, Josep S\u00e1nchez Llibre, ha dado la bienvenida a Mike Blackman, Managing Director del Integretad Systems Europe (ISE), la mayor feria audiovisual del mundo que en 2023 celebrar\u00e1 su tercera edici\u00f3n en Barcelona, en una nueva edici\u00f3n de Innovation breakfast en la sede patronal.\u00a0S\u00e1nchez Llibre ha recordado que en mayo de este mismo a\u00f1o \u00abvamos a organizar conjuntamente 3 visitas basadas en el puesto de trabajo inteligente, en el edificio inteligente y la se\u00f1alizaci\u00f3n digital, que fueron muy \u00fatiles porque pusieron al d\u00eda a nuestros socios con las \u00faltimas tendencias en tecnolog\u00eda\u00bb. El presidente de la patronal catalana ha subrayado que \u00abel congreso atrajo a casi 50.000 asistentes, y este a\u00f1o estoy seguro de que batir\u00e1 este r\u00e9cord\u00ab. En febrero de 2023 se celebrar\u00e1 este evento en Fira Barcelona, contando tambi\u00e9n con conferencias informativas y clases magistrales. S\u00e1nchez Llibre ha agradecido a Mike Blackman y al ISE su apuesta por Barcelona y por [&hellip;]<\/p>\n","protected":false},"author":7,"featured_media":155850,"comment_status":"closed","ping_status":"closed","sticky":false,"template":"","format":"standard","meta":{"_links_to":"","_links_to_target":""},"categories":[114,71,5714,65],"tags":[7401,5961,5962],"acf":[],"wps_subtitle":"","_links":{"self":[{"href":"https:\/\/www.foment.com\/es\/wp-json\/wp\/v2\/posts\/155901"}],"collection":[{"href":"https:\/\/www.foment.com\/es\/wp-json\/wp\/v2\/posts"}],"about":[{"href":"https:\/\/www.foment.com\/es\/wp-json\/wp\/v2\/types\/post"}],"author":[{"embeddable":true,"href":"https:\/\/www.foment.com\/es\/wp-json\/wp\/v2\/users\/7"}],"replies":[{"embeddable":true,"href":"https:\/\/www.foment.com\/es\/wp-json\/wp\/v2\/comments?post=155901"}],"version-history":[{"count":5,"href":"https:\/\/www.foment.com\/es\/wp-json\/wp\/v2\/posts\/155901\/revisions"}],"predecessor-version":[{"id":155928,"href":"https:\/\/www.foment.com\/es\/wp-json\/wp\/v2\/posts\/155901\/revisions\/155928"}],"wp:featuredmedia":[{"embeddable":true,"href":"https:\/\/www.foment.com\/es\/wp-json\/wp\/v2\/media\/155850"}],"wp:attachment":[{"href":"https:\/\/www.foment.com\/es\/wp-json\/wp\/v2\/media?parent=155901"}],"wp:term":[{"taxonomy":"category","embeddable":true,"href":"https:\/\/www.foment.com\/es\/wp-json\/wp\/v2\/categories?post=155901"},{"taxonomy":"post_tag","embeddable":true,"href":"https:\/\/www.foment.com\/es\/wp-json\/wp\/v2\/tags?post=155901"}],"curies":[{"name":"wp","href":"https:\/\/api.w.org\/{rel}","templated":true}]}}