{"id":156011,"date":"2022-12-21T12:31:54","date_gmt":"2022-12-21T11:31:54","guid":{"rendered":"https:\/\/www.foment.com\/?p=156011"},"modified":"2022-12-21T12:32:36","modified_gmt":"2022-12-21T11:32:36","slug":"jornada-de-prl-la-empresa-y-el-cancer-de-prostata","status":"publish","type":"post","link":"https:\/\/www.foment.com\/es\/jornada-de-prl-la-empresa-y-el-cancer-de-prostata\/","title":{"rendered":"Jornada de PRL. La empresa y el c\u00e1ncer de pr\u00f3stata"},"content":{"rendered":"<section class=\"wpb-content-wrapper\"><p>[vc_row][vc_column][vc_column_text]<\/p>\n<p style=\"text-align: justify;\">Fomento del Trabajo y la Fundaci\u00f3n Oncolliga organizan la segunda jornada sobre c\u00f3mo trabajar desde la empresa la prevenci\u00f3n y detecci\u00f3n precoz del c\u00e1ncer de pr\u00f3stata. Este a\u00f1o queremos ir m\u00e1s all\u00e1 y se a\u00f1ade el impacto psicol\u00f3gico de las personas que padecen esta enfermedad.<\/p>\n<p style=\"text-align: justify;\">La sesi\u00f3n se enmarca en la campa\u00f1a para prevenir el c\u00e1ncer de pr\u00f3stata que la Fundaci\u00f3n Oncolliga, con el apoyo de Janssen, puso en marcha el pasado noviembre.<\/p>\n<p style=\"text-align: justify;\">Durante la jornada un grupo de expertos\/as hablar\u00e1n sobre c\u00f3mo las empresas pueden ayudar a prevenir y detectar esta enfermedad en sus trabajadores. Asimismo, se expondr\u00e1n los efectos psicol\u00f3gicos que pueden tener las personas que padecen esta enfermedad y su impacto psicol\u00f3gico en las relaciones sexuales.<\/p>\n<p>[\/vc_column_text][\/vc_column][\/vc_row][vc_row top_padding=\u00bb40&#8243;][vc_column width=\u00bb1\/1&#8243;][vc_column_text]<\/p>\n<h1><span style=\"color: #d2112d;\">V\u00eddeo de la jornada<\/span><\/h1>\n<p>[\/vc_column_text][vc_video link=\u00bbhttps:\/\/youtu.be\/Ef4qE8Q3xWw\u00bb][\/vc_column][\/vc_row][vc_row top_padding=\u00bb40&#8243;][vc_column width=\u00bb2\/3&#8243;][vc_column_text]<\/p>\n<h1><span style=\"color: #d2112d;\">Campa\u00f1a informativa<\/span><\/h1>\n<p>[\/vc_column_text][vc_column_text]<\/p>\n<h3>Farmacias de la provincia de Barcelona<\/h3>\n<p>La campa\u00f1a tambi\u00e9n ha llegado a las farmacias de la provincia de Barcelona con la distribuci\u00f3n de folletos informativos sobre qu\u00e9 conviene hacer para prevenir el c\u00e1ncer de pr\u00f3stata.[\/vc_column_text]<a href=\"https:\/\/www.foment.com\/wp-content\/uploads\/2022\/12\/cartel.png\" target=\"_self\" class=\"button color-2 medium \" style=\"border-radius: 2px;\">Descargar cartel<\/a>[\/vc_column][vc_column width=\u00bb1\/3&#8243;][vc_single_image image=\u00bb156018&#8243; img_size=\u00bblarge\u00bb][\/vc_column][vc_column][\/vc_column][\/vc_row][vc_row text_align=\u00bbcenter\u00bb top_padding=\u00bb20&#8243;][vc_column width=\u00bb1\/1&#8243;][\/vc_column][\/vc_row][vc_row][vc_column width=\u00bb1\/1&#8243;][\/vc_column][\/vc_row]<\/p>\n<\/section>","protected":false},"excerpt":{"rendered":"<p>[vc_row][vc_column][vc_column_text] Fomento del Trabajo y la Fundaci\u00f3n Oncolliga organizan la segunda jornada sobre c\u00f3mo trabajar desde la empresa la prevenci\u00f3n y detecci\u00f3n precoz del c\u00e1ncer de pr\u00f3stata. Este a\u00f1o queremos ir m\u00e1s all\u00e1 y se a\u00f1ade el impacto psicol\u00f3gico de las personas que padecen esta enfermedad. La sesi\u00f3n se enmarca en la campa\u00f1a para prevenir el c\u00e1ncer de pr\u00f3stata que la Fundaci\u00f3n Oncolliga, con el apoyo de Janssen, puso en marcha el pasado noviembre. Durante la jornada un grupo de expertos\/as hablar\u00e1n sobre c\u00f3mo las empresas pueden ayudar a prevenir y detectar esta enfermedad en sus trabajadores. Asimismo, se expondr\u00e1n los efectos psicol\u00f3gicos que pueden tener las personas que padecen esta enfermedad y su impacto psicol\u00f3gico en las relaciones sexuales. [\/vc_column_text][\/vc_column][\/vc_row][vc_row top_padding=\u00bb40&#8243;][vc_column width=\u00bb1\/1&#8243;][vc_column_text] V\u00eddeo de la jornada [\/vc_column_text][vc_video link=\u00bbhttps:\/\/youtu.be\/Ef4qE8Q3xWw\u00bb][\/vc_column][\/vc_row][vc_row top_padding=\u00bb40&#8243;][vc_column width=\u00bb2\/3&#8243;][vc_column_text] Campa\u00f1a informativa [\/vc_column_text][vc_column_text] Farmacias de la provincia de Barcelona La campa\u00f1a tambi\u00e9n ha llegado a las farmacias de la provincia de Barcelona con la distribuci\u00f3n de folletos informativos sobre qu\u00e9 conviene hacer para prevenir el c\u00e1ncer de pr\u00f3stata.[\/vc_column_text][\/vc_column][vc_column width=\u00bb1\/3&#8243;][vc_single_image image=\u00bb156018&#8243; img_size=\u00bblarge\u00bb][\/vc_column][vc_column][\/vc_column][\/vc_row][vc_row text_align=\u00bbcenter\u00bb top_padding=\u00bb20&#8243;][vc_column width=\u00bb1\/1&#8243;][\/vc_column][\/vc_row][vc_row][vc_column width=\u00bb1\/1&#8243;][\/vc_column][\/vc_row]<\/p>\n","protected":false},"author":15,"featured_media":156014,"comment_status":"closed","ping_status":"closed","sticky":false,"template":"","format":"standard","meta":{"_links_to":"","_links_to_target":""},"categories":[6578,216],"tags":[985,417,1497],"acf":[],"wps_subtitle":"<strong>Recomendaciones para la prevenci\u00f3n y detecci\u00f3n de la enfermedad<\/strong>","_links":{"self":[{"href":"https:\/\/www.foment.com\/es\/wp-json\/wp\/v2\/posts\/156011"}],"collection":[{"href":"https:\/\/www.foment.com\/es\/wp-json\/wp\/v2\/posts"}],"about":[{"href":"https:\/\/www.foment.com\/es\/wp-json\/wp\/v2\/types\/post"}],"author":[{"embeddable":true,"href":"https:\/\/www.foment.com\/es\/wp-json\/wp\/v2\/users\/15"}],"replies":[{"embeddable":true,"href":"https:\/\/www.foment.com\/es\/wp-json\/wp\/v2\/comments?post=156011"}],"version-history":[{"count":7,"href":"https:\/\/www.foment.com\/es\/wp-json\/wp\/v2\/posts\/156011\/revisions"}],"predecessor-version":[{"id":156049,"href":"https:\/\/www.foment.com\/es\/wp-json\/wp\/v2\/posts\/156011\/revisions\/156049"}],"wp:featuredmedia":[{"embeddable":true,"href":"https:\/\/www.foment.com\/es\/wp-json\/wp\/v2\/media\/156014"}],"wp:attachment":[{"href":"https:\/\/www.foment.com\/es\/wp-json\/wp\/v2\/media?parent=156011"}],"wp:term":[{"taxonomy":"category","embeddable":true,"href":"https:\/\/www.foment.com\/es\/wp-json\/wp\/v2\/categories?post=156011"},{"taxonomy":"post_tag","embeddable":true,"href":"https:\/\/www.foment.com\/es\/wp-json\/wp\/v2\/tags?post=156011"}],"curies":[{"name":"wp","href":"https:\/\/api.w.org\/{rel}","templated":true}]}}