{"id":156127,"date":"2022-12-29T09:15:28","date_gmt":"2022-12-29T08:15:28","guid":{"rendered":"https:\/\/www.foment.com\/?p=156127"},"modified":"2022-12-23T16:43:28","modified_gmt":"2022-12-23T15:43:28","slug":"el-programa-digitalitzat-de-foment-ha-impactat-a-mes-de-1-725-participants-a-traves-de-jornades-de-sensibilitzacio-formacio-i-assessorament-personalitzat","status":"publish","type":"post","link":"https:\/\/www.foment.com\/es\/el-programa-digitalitzat-de-foment-ha-impactat-a-mes-de-1-725-participants-a-traves-de-jornades-de-sensibilitzacio-formacio-i-assessorament-personalitzat\/","title":{"rendered":"El programa Digital\u00edzate de\u00a0Foment\u00a0ha impactado a m\u00e1s de 1. 725 participantes a trav\u00e9s de jornadas de sensibilizaci\u00f3n, formaci\u00f3n y asesoramiento personalizado"},"content":{"rendered":"<p style=\"text-align: left;\"><strong>\u2022\u00a0La iniciativa de la patronal catalana conjuntamente con la Generalitat ha contado con m\u00e1s de 1.700 participantes<br \/>\n\u2022 93 jornadas de sensibilizaci\u00f3n y formaci\u00f3n y 350 pymes asesoradas individualmente<br \/>\n\u2022 M\u00e1s de dos tercios de las empresas asesoradas con esta iniciativa son micro o peque\u00f1as<br \/>\n\u2022 10 patronales territoriales\u00a0distribuidas\u00a0por todo el territorio catal\u00e1n se han implicado en el programa<br \/>\n<\/strong><br \/>\nUn total de 1.729 participantes, 93 jornadas de sensibilizaci\u00f3n y formaci\u00f3n y aproximadamente 350 empresas asesoradas individualmente. Estas son las cifras del programa Digital\u00edzate\u00a0que ha impulsado\u00a0<span class=\"hiddenSpellError\">Foment<\/span>\u00a0del\u00a0<span class=\"hiddenSpellError\">Treball<\/span> conjuntamente con el Departament d&#8217;Empresa i Treball de la Generalitat. El objetivo ha sido ayudar a todas las empresas, emprendedores, startups, aut\u00f3nomos y prioritariamente a las pymes a <span class=\"hiddenSpellError\">reenfocar<\/span>\u00a0su negocio. En este sentido, Fomento ha incorporado una decena de organizaciones territoriales -las patronales\u00a0<span class=\"hiddenSpellError\">FOEG<\/span>,\u00a0<span class=\"hiddenSpellError\">COELL<\/span>,\u00a0<span class=\"hiddenSpellError\">UEA<\/span>,\u00a0<span class=\"hiddenSpellError\">CECOT<\/span>,\u00a0<span class=\"hiddenSpellError\">FAGEM<\/span>,\u00a0<span class=\"hiddenSpellError\">UIER<\/span>,\u00a0<span class=\"hiddenSpellError\">AEBALL<\/span>,\u00a0<span class=\"hiddenSpellError\">FEGP<\/span>,\u00a0<span class=\"hiddenSpellError\">ACEB<\/span>\u00a0y Gremio de Fabricantes de Sabadell- distribuidas por toda Catalu\u00f1a que se han transformado en oficinas de transformaci\u00f3n digital para acompa\u00f1ar a las pymes en este proceso. De forma\u00a0complementaria,\u00a0el centro de formaci\u00f3n de la patronal catalana y\u00a0<span class=\"hiddenSpellError\">Tech<\/span>Barcelona tambi\u00e9n han sido actores clave tanto para la formaci\u00f3n como para conectar a las pymes con el ecosistema startup.<\/p>\n<p style=\"text-align: left;\">Hoy, el total de pymes en la UE-28 es de\u00a0<span class=\"hiddenGrammarError\">25<\/span>\u00a0<span class=\"hiddenGrammarError\">millones<\/span>\u00a0de los que un 98,9% tiene menos de 50 trabajadores. En el caso catal\u00e1n, contamos con aproximadamente 620.000 pymes que representan el 18,4% del Estado y ayudar a su desarrollo es uno de los objetivos principales de\u00a0<span class=\"hiddenSpellError\">Foment<\/span>\u00a0del\u00a0<span class=\"hiddenSpellError\">Treball<\/span>. Los resultados de Catalu\u00f1a por el indicador\u00a0<span class=\"hiddenSpellError\">DESI<\/span>\u00a0son bastante positivos, (62,36%), lo que la sit\u00faa en el quinto puesto del ranking europeo por el que respecta a la evoluci\u00f3n digital. Este resultado sit\u00faa a Catalu\u00f1a por debajo de Dinamarca (70,06%), Finlandia (67,15%), Suecia (66,10%) y Pa\u00edses Bajos (65,15%), pero hay camino por correr y el aprendizaje y formaci\u00f3n continuados son un elemento que las pymes catalanas no pueden dejar perder.<\/p>\n<p style=\"text-align: left;\"><span class=\"hiddenSpellError\">Foment<\/span>\u00a0del\u00a0<span class=\"hiddenSpellError\">Treball<\/span> ha promovido que las empresas pivoten hacia un mundo m\u00e1s digital, haciendo \u00e9nfasis espec\u00edficamente en las tecnolog\u00edas vinculadas a la industria 4.0. Con el programa Digital\u00edzate ha podido sensibilizar a las pymes y ayudarlas a entender c\u00f3mo tecnolog\u00edas como el Big Data, la rob\u00f3tica, el <span class=\"hiddenSpellError\">cloud<\/span> o la inteligencia artificial, las har\u00e1 m\u00e1s competitivas, y profundizar en que es todo un reto que hay que abordar. La finalidad principal del Digital\u00edzate\u00a0ha sido en todo momento poder acompa\u00f1ar a las pymes a entender los beneficios de la transformaci\u00f3n digital para propiciar que fueran m\u00e1s innovadoras y, por lo tanto, m\u00e1s competitivas.<\/p>\n<p style=\"text-align: left;\">Este proyecto hace una apuesta clara por acompa\u00f1ar a las empresas, prioritariamente a las pymes, en las primeras fases de la transformaci\u00f3n digital. El\u00a0 presidente\u00a0 de <span class=\"hiddenSpellError\">Foment<\/span>\u00a0del\u00a0<span class=\"hiddenSpellError\">Treball<\/span>,\u00a0<span class=\"hiddenSpellError\">Josep<\/span>\u00a0S\u00e1nchez\u00a0<span class=\"hiddenSpellError\">Llibre<\/span>, ha indicado que \u00abBarcelona cuenta con un gran potencial tecnol\u00f3gico e innovador\u00bb y que hay que ser atentos. \u00abEste a\u00f1o hemos impulsado conjuntamente con la Generalitat y una decena de agentes el\u00a0<span class=\"hiddenSpellError\">DIH4CAT<\/span>\u00a0centrado en tecnolog\u00edas digitales avanzadas\u00bb ha recordado S\u00e1nchez\u00a0<span class=\"hiddenSpellError\">Llibre<\/span> para a\u00f1adir que \u00abcarec\u00eda un acompa\u00f1amiento efectivo en las primeras fases de la transformaci\u00f3n digital y Foment ha cubierto este agujero\u00bb.<\/p>\n<p style=\"text-align: left;\"><strong>93 jornadas de sensibilizaci\u00f3n y formaci\u00f3n para las pymes.<\/strong><br \/>\n<a href=\"https:\/\/www.foment.com\/wp-content\/uploads\/2022\/12\/grafico-1.png\"><img loading=\"lazy\" class=\"alignleft wp-image-156118\" src=\"https:\/\/www.foment.com\/wp-content\/uploads\/2022\/12\/grafico-1.png\" alt=\"\" width=\"633\" height=\"330\" srcset=\"https:\/\/www.foment.com\/wp-content\/uploads\/2022\/12\/grafico-1.png 682w, https:\/\/www.foment.com\/wp-content\/uploads\/2022\/12\/grafico-1-300x157.png 300w\" sizes=\"(max-width: 633px) 100vw, 633px\" \/><\/a>Se han realizado muchas acciones de sensibilizaci\u00f3n que se conviertan en sesiones de formaci\u00f3n para aprender a introducir el uso de las nuevas tecnolog\u00edas en cada empresa. Casi el 44% de las jornadas se centr\u00f3 en el desarrollo de las tecnolog\u00edas vinculadas dentro del concepto de industria 4.0, como pueden ser la ciberseguridad, el Big Data, la inteligencia artificial y la nube, entre otros. En\u00a0total,\u00a0m\u00e1s de 200 horas de formaci\u00f3n transversal para las pymes catalanas.<\/p>\n<p style=\"text-align: left;\">Adem\u00e1s de la Industria 4.0, las otras jornadas tem\u00e1ticas que se organizaron se centraron en el marketing y la comunicaci\u00f3n digital (24,5% de las jornadas), la importancia de la transformaci\u00f3n digital (12,2% de las sesiones) y las que estaban orientadas a informar sobre las ayudas y l\u00edneas de financiaci\u00f3n disponibles para facilitar esta necesaria transformaci\u00f3n (10,2% de las formaciones). En \u00faltimo t\u00e9rmino, y sin restarle importancia, encontramos las sesiones dedicadas al desarrollo de software y herramientas aplicables a la empresa y la factura y firma electr\u00f3nica, acciones a las que se dedicaron un 4,1% y un 5,1% del tiempo total de formaci\u00f3n respectivamente.<\/p>\n<p style=\"text-align: left;\"><strong>343 diagnosis estrat\u00e9gicas con recomendaciones personalizadas a las pymes<\/strong><br \/>\nEl an\u00e1lisis del total de empresas muestra que el gran grueso de empresas participantes fueron las microempresas. Concretamente, el 29,5% de los participantes fueron trabajadores aut\u00f3nomos, el 41,5% microempresas formadas por una plantilla inferior a 10 personas, el 24,9% de las sesiones se realizaron con empresas peque\u00f1as de entre 10 y 49 personas en plantilla y, finalmente el 3,5% de las sesiones se realizaron con empresas de entre 50 y 250 personas trabajadoras.<\/p>\n<p style=\"text-align: left;\">Se destaca que el 38,7% de las empresas asesoradas a\u00fan no han analizado c\u00f3mo les pueden afectar las nuevas tecnolog\u00edas en sus negocios, ni tampoco en sus sectores; el 46% ha llevado a cabo un proceso de reflexi\u00f3n estrat\u00e9gica interno, el 7,6% ha solicitado y se le ha otorgado alg\u00fan cup\u00f3n (innovaci\u00f3n, diagnosis 4.0&#8230;) y otro 7,6% tiene una estrategia y hoja de ruta para la transformaci\u00f3n digital 4.0\u00a0claramente\u00a0\u00a0<span class=\"hiddenGrammarError\">definido<\/span>\u00a0y en v\u00edas de implementaci\u00f3n.<\/p>\n<p style=\"text-align: left;\">El desconocimiento de las oportunidades de transformaci\u00f3n, de las tecnolog\u00edas existentes y su aplicabilidad en los diferentes tipos de procesos y tambi\u00e9n la falta de mano de obra cualificada, entre otras realidades, ha constatado la dificultad de integrar y apostar por un proceso de transformaci\u00f3n en nuestro tejido empresarial.<\/p>\n<p style=\"text-align: left;\">El resultado final del programa Digital\u00edzate computa un total de 1.729 participantes, distribuidos en 93 jornadas de sensibilizaci\u00f3n y 343 sesiones de asesoramiento personalizado. En el siguiente gr\u00e1fico se muestra la tipolog\u00eda de empresas participantes en cada uno de los dos ejes, teniendo un impacto contrastado en las empresas de menos de 50 trabajadores, micro y aut\u00f3nomos.<\/p>\n<p style=\"text-align: left;\"><a href=\"https:\/\/www.foment.com\/wp-content\/uploads\/2022\/12\/grafico-2.jpg\"><img loading=\"lazy\" class=\"aligncenter size-full wp-image-156121\" src=\"https:\/\/www.foment.com\/wp-content\/uploads\/2022\/12\/grafico-2.jpg\" alt=\"\" width=\"738\" height=\"334\" srcset=\"https:\/\/www.foment.com\/wp-content\/uploads\/2022\/12\/grafico-2.jpg 738w, https:\/\/www.foment.com\/wp-content\/uploads\/2022\/12\/grafico-2-300x136.jpg 300w\" sizes=\"(max-width: 738px) 100vw, 738px\" \/><\/a><\/p>\n<p style=\"text-align: left;\">Finalmente, en cuanto a la relaci\u00f3n con la Generalitat,\u00a0<span class=\"hiddenSpellError\">Foment<\/span>\u00a0del\u00a0<span class=\"hiddenSpellError\">Treball<\/span> participa de varias estrategias y programas que se han vinculado en el programa Digital\u00edzate. En este sentido, se ha explicado el\u00a0<span class=\"hiddenSpellError\">DIH4CAT<\/span>\u00a0y sobre todo c\u00f3mo pod\u00eda acompa\u00f1ar a las empresas a conectar con tecnolog\u00edas vinculadas a la industria 4.0. Tambi\u00e9n con la Agencia de Ciberseguridad de Catalu\u00f1a compartimos el impulso a la cultura de la Ciberseguridad y se ha propiciado la participaci\u00f3n de responsables de la agencia en la gran mayor\u00eda de las sesiones de ciberseguridad planteadas.<\/p>\n","protected":false},"excerpt":{"rendered":"<p>\u2022\u00a0La iniciativa de la patronal catalana conjuntamente con la Generalitat ha contado con m\u00e1s de 1.700 participantes \u2022 93 jornadas de sensibilizaci\u00f3n y formaci\u00f3n y 350 pymes asesoradas individualmente \u2022 M\u00e1s de dos tercios de las empresas asesoradas con esta iniciativa son micro o peque\u00f1as \u2022 10 patronales territoriales\u00a0distribuidas\u00a0por todo el territorio catal\u00e1n se han implicado en el programa Un total de 1.729 participantes, 93 jornadas de sensibilizaci\u00f3n y formaci\u00f3n y aproximadamente 350 empresas asesoradas individualmente. Estas son las cifras del programa Digital\u00edzate\u00a0que ha impulsado\u00a0Foment\u00a0del\u00a0Treball conjuntamente con el Departament d&#8217;Empresa i Treball de la Generalitat. El objetivo ha sido ayudar a todas las empresas, emprendedores, startups, aut\u00f3nomos y prioritariamente a las pymes a reenfocar\u00a0su negocio. En este sentido, Fomento ha incorporado una decena de organizaciones territoriales -las patronales\u00a0FOEG,\u00a0COELL,\u00a0UEA,\u00a0CECOT,\u00a0FAGEM,\u00a0UIER,\u00a0AEBALL,\u00a0FEGP,\u00a0ACEB\u00a0y Gremio de Fabricantes de Sabadell- distribuidas por toda Catalu\u00f1a que se han transformado en oficinas de transformaci\u00f3n digital para acompa\u00f1ar a las pymes en este proceso. De forma\u00a0complementaria,\u00a0el centro de formaci\u00f3n de la patronal catalana y\u00a0TechBarcelona tambi\u00e9n han sido actores clave tanto para la formaci\u00f3n como para conectar a las pymes con el ecosistema startup. Hoy, el total de pymes en la UE-28 es de\u00a025\u00a0millones\u00a0de los que un 98,9% tiene menos de [&hellip;]<\/p>\n","protected":false},"author":7,"featured_media":156124,"comment_status":"closed","ping_status":"closed","sticky":false,"template":"","format":"standard","meta":{"_links_to":"","_links_to_target":""},"categories":[114,71],"tags":[7407,7408],"acf":[],"wps_subtitle":"","_links":{"self":[{"href":"https:\/\/www.foment.com\/es\/wp-json\/wp\/v2\/posts\/156127"}],"collection":[{"href":"https:\/\/www.foment.com\/es\/wp-json\/wp\/v2\/posts"}],"about":[{"href":"https:\/\/www.foment.com\/es\/wp-json\/wp\/v2\/types\/post"}],"author":[{"embeddable":true,"href":"https:\/\/www.foment.com\/es\/wp-json\/wp\/v2\/users\/7"}],"replies":[{"embeddable":true,"href":"https:\/\/www.foment.com\/es\/wp-json\/wp\/v2\/comments?post=156127"}],"version-history":[{"count":6,"href":"https:\/\/www.foment.com\/es\/wp-json\/wp\/v2\/posts\/156127\/revisions"}],"predecessor-version":[{"id":156131,"href":"https:\/\/www.foment.com\/es\/wp-json\/wp\/v2\/posts\/156127\/revisions\/156131"}],"wp:featuredmedia":[{"embeddable":true,"href":"https:\/\/www.foment.com\/es\/wp-json\/wp\/v2\/media\/156124"}],"wp:attachment":[{"href":"https:\/\/www.foment.com\/es\/wp-json\/wp\/v2\/media?parent=156127"}],"wp:term":[{"taxonomy":"category","embeddable":true,"href":"https:\/\/www.foment.com\/es\/wp-json\/wp\/v2\/categories?post=156127"},{"taxonomy":"post_tag","embeddable":true,"href":"https:\/\/www.foment.com\/es\/wp-json\/wp\/v2\/tags?post=156127"}],"curies":[{"name":"wp","href":"https:\/\/api.w.org\/{rel}","templated":true}]}}