{"id":156308,"date":"2023-01-04T14:13:18","date_gmt":"2023-01-04T13:13:18","guid":{"rendered":"https:\/\/www.foment.com\/foment-considera-creixement-filiacio-descens-atur-registrat-demostren-simptomes-clara-desacceleracio\/"},"modified":"2023-01-04T16:31:15","modified_gmt":"2023-01-04T15:31:15","slug":"foment-considera-crecimiento-afiliacion-descenso-paro-registrado-demuestran-sintomas-clara-desacceleracion","status":"publish","type":"post","link":"https:\/\/www.foment.com\/es\/foment-considera-crecimiento-afiliacion-descenso-paro-registrado-demuestran-sintomas-clara-desacceleracion\/","title":{"rendered":"Foment del Treball considera que el crecimiento de la afiliaci\u00f3n y el descenso del paro registrado demuestran s\u00edntomas de clara desaceleraci\u00f3n"},"content":{"rendered":"<section class=\"wpb-content-wrapper\"><p>[vc_row][vc_column][vc_column_text]<\/p>\n<ul>\n<li><em>A pesar de que en t\u00e9rminos interanuales se ha producido un descenso relevante del paro registrado, la desaceleraci\u00f3n estad\u00edstica es notable y ser\u00eda mayor si se contabilizara el aumento de m\u00e1s de medio mill\u00f3n de fijos-discontinuos en inactividad que no computan a efectos del c\u00e1lculo del paro efectivo <\/em><\/li>\n<li><em>La supresi\u00f3n del contrato por obra y servicio tras la Reforma Laboral est\u00e1 comportando una gran mortalidad de la contrataci\u00f3n indefinida <\/em><\/li>\n<\/ul>\n<p><strong><br \/>\nBarcelona, 4 de enero de 2023<\/strong><\/p>\n<p>El n\u00famero de desempleados en Catalu\u00f1a disminuy\u00f3 en el mes de diciembre en 2.644 personas (-0,76%). En t\u00e9rminos interanuales, el paro registrado ha descendido en 22.820 (-6,18%).<\/p>\n<p>El a\u00f1o 2022 finaliza con 364.338 personas desempleadas registradas en las oficinas de Trabajo en Catalu\u00f1a. Se trata de la cifra de personas en el paro m\u00e1s baja en un mes de diciembre des de 2007 (que acab\u00f3 el a\u00f1o con 265.789 desempleados).<\/p>\n<p>En Espa\u00f1a el paro desciende en 43.727 personas en diciembre y se sit\u00faa en los 2.837.653, tambi\u00e9n la cifra m\u00e1s baja desde 2007.<\/p>\n<p><strong>Foment del Treball considera que el crecimiento de la afiliaci\u00f3n y el descenso del paro registrado ha mostrado un comportamiento peor que el a\u00f1o pasado y que los periodos prepand\u00e9micos. <\/strong><\/p>\n<p><strong>Ambas variables muestran s\u00edntomas de clara desaceleraci\u00f3n desde el pasado mes de mayo. <\/strong><\/p>\n<p><strong>A pesar de que en t\u00e9rminos interanuales se ha producido un descenso relevante del paro registrado, la desaceleraci\u00f3n estad\u00edstica est\u00e1 siendo notable y a\u00fan ser\u00eda mayor si se contabilizara el aumento de m\u00e1s de medio mill\u00f3n de fijos-discontinuos en inactividad que no computan a efectos del c\u00e1lculo del paro efectivo. <\/strong><\/p>\n<p><strong>Asimismo, la supresi\u00f3n del contrato por obra y servicio tras la Reforma Laboral y la correspondiente necesidad empresarial de cubrir esta carencia mediante otros mecanismos inadecuados para la naturaleza de sus actividades est\u00e1 comportando una gran mortalidad de la contrataci\u00f3n indefinida. <\/strong><\/p>\n<p><strong>En consecuencia, ante las incertidumbres econ\u00f3micas presentes y futuras, es necesario dotar a nuestro marco normativo laboral de mayor flexibilidad en materia de contrataci\u00f3n y de mecanismos de gesti\u00f3n empresarial de los recursos humanos que permitan la adaptaci\u00f3n de las empresas a su realidad y a los contextos econ\u00f3micos cambiantes.<\/strong><\/p>\n<p><strong>Igualmente, son inaceptables los continuos incrementos de las cotizaciones empresariales a la Seguridad Social y otros costes laborales, m\u00e1xime en un contexto de dificultades para una parte significativa de las empresas. Por ello, es necesaria una reducci\u00f3n inminente de dichos costes. <\/strong><\/p>\n<p style=\"text-align: center;\"><a href=\"https:\/\/www.foment.com\/wp-content\/uploads\/2023\/01\/grafico-1.png\"><img loading=\"lazy\" class=\"aligncenter size-large wp-image-156293\" src=\"https:\/\/www.foment.com\/wp-content\/uploads\/2023\/01\/grafico-1-1024x563.png\" alt=\"\" width=\"1024\" height=\"563\" srcset=\"https:\/\/www.foment.com\/wp-content\/uploads\/2023\/01\/grafico-1-1024x563.png 1024w, https:\/\/www.foment.com\/wp-content\/uploads\/2023\/01\/grafico-1-300x165.png 300w, https:\/\/www.foment.com\/wp-content\/uploads\/2023\/01\/grafico-1-768x422.png 768w, https:\/\/www.foment.com\/wp-content\/uploads\/2023\/01\/grafico-1-1536x845.png 1536w, https:\/\/www.foment.com\/wp-content\/uploads\/2023\/01\/grafico-1-2048x1127.png 2048w\" sizes=\"(max-width: 1024px) 100vw, 1024px\" \/><\/a><span style=\"font-size: 10pt;\"><br \/>\nFuente: Elaboraci\u00f3n propia a partir de los datos del Ministerio de Trabajo y Econom\u00eda Social<\/span><\/p>\n<p>La cifra del paro registrado en Catalu\u00f1a <strong>se sit\u00faa en 346.338 personas desempleadas,<\/strong> siendo la cifra de desempleados m\u00e1s baja en un mes de diciembre desde el 2007.<\/p>\n<p>El descenso, <strong><u>en t\u00e9rminos interanuales<\/u><\/strong>, del paro registrado del -6,18% supone 22.820 personas menos desempleadas en relaci\u00f3n con el mismo mes del a\u00f1o anterior. En este sentido hemos pasado de variaciones interanuales del -25,81% mes de diciembre de 2021 a -6,18% en este mes de diciembre.<\/p>\n<p style=\"text-align: center;\"><a href=\"https:\/\/www.foment.com\/wp-content\/uploads\/2023\/01\/grafico-2.png\"><img loading=\"lazy\" class=\"aligncenter size-large wp-image-156296\" src=\"https:\/\/www.foment.com\/wp-content\/uploads\/2023\/01\/grafico-2-1024x453.png\" alt=\"\" width=\"1024\" height=\"453\" srcset=\"https:\/\/www.foment.com\/wp-content\/uploads\/2023\/01\/grafico-2-1024x453.png 1024w, https:\/\/www.foment.com\/wp-content\/uploads\/2023\/01\/grafico-2-300x133.png 300w, https:\/\/www.foment.com\/wp-content\/uploads\/2023\/01\/grafico-2-768x340.png 768w, https:\/\/www.foment.com\/wp-content\/uploads\/2023\/01\/grafico-2-1536x679.png 1536w, https:\/\/www.foment.com\/wp-content\/uploads\/2023\/01\/grafico-2-2048x906.png 2048w\" sizes=\"(max-width: 1024px) 100vw, 1024px\" \/><\/a><span style=\"font-size: 10pt;\"><br \/>\nFuente: elaboraci\u00f3n propia a partir de los datos del Ministerio de Trabajo y Econom\u00eda Social<\/span><\/p>\n<p>Respecto <strong><u>a la variaci\u00f3n mensual,<\/u><\/strong> en Catalu\u00f1a, en este mes de diciembre de 2022 el paro ha registrado <strong>un descenso de 2.644 personas desempleadas<\/strong> <strong>menos respecto al mes anterior<\/strong> (una reducci\u00f3n del 0,76% en t\u00e9rminos relativos).<\/p>\n<p><a href=\"https:\/\/www.foment.com\/wp-content\/uploads\/2023\/01\/grafico-3.png\"><img loading=\"lazy\" class=\"size-large wp-image-156299 aligncenter\" src=\"https:\/\/www.foment.com\/wp-content\/uploads\/2023\/01\/grafico-3-1024x470.png\" alt=\"\" width=\"1024\" height=\"470\" srcset=\"https:\/\/www.foment.com\/wp-content\/uploads\/2023\/01\/grafico-3-1024x470.png 1024w, https:\/\/www.foment.com\/wp-content\/uploads\/2023\/01\/grafico-3-300x138.png 300w, https:\/\/www.foment.com\/wp-content\/uploads\/2023\/01\/grafico-3-768x352.png 768w, https:\/\/www.foment.com\/wp-content\/uploads\/2023\/01\/grafico-3-1536x705.png 1536w, https:\/\/www.foment.com\/wp-content\/uploads\/2023\/01\/grafico-3-2048x940.png 2048w\" sizes=\"(max-width: 1024px) 100vw, 1024px\" \/><\/a><\/p>\n<p style=\"text-align: center;\"><span style=\"font-size: 10pt;\">Fuente: elaboraci\u00f3n propia a partir de los datos del Ministerio de Trabajo y Econom\u00eda Social<\/span><\/p>\n<p>El paro ha descendido en la agricultura, en servicios y en la industria (-1,9%, -0,8% y -0,2% respectivamente) mientras que ha augmentado en la construcci\u00f3n (0,6%).<\/p>\n<p><strong>Por provincias<\/strong>, el paro registrado se ha reducido en todas las provincias catalanas (Barcelona un -0,8%, Girona un -0,3%, Lleida un -1,4% y Tarragona un -0,9%).<\/p>\n<p>En t\u00e9rminos interanuales, el paro disminuye en un 4,3% en Barcelona, en un 9,9% en Girona, en un 11,3% en Lleida y en un 11,7% en Tarragona.<\/p>\n<p>El paro registrado en cada provincia se sit\u00faa este mes de diciembre en 254.340 en Barcelona, 32.230 en Girona, 18.057 en Lleida y 41.711 en Tarragona.<\/p>\n<p><strong><u>Contrataci\u00f3n<\/u><\/strong>. Respecto al n\u00famero de <strong>contratos registrados<\/strong> durante el mes de diciembre en Catalu\u00f1a, el n\u00famero de contratos se sit\u00faa en 173.009 contratos, de los cuales 38,81% (67.150 contratos) lo han sido de car\u00e1cter indefinido, y el resto (61,19%, es decir, 105.859 contratos) han sido temporales. El n\u00famero de contratos registrados en Catalu\u00f1a se ha reducido en un 21,77% respecto al mismo mes del a\u00f1o anterior (-48.156 contratos menos).<\/p>\n<p>En todo el a\u00f1o 2022 se han firmado un total de 2.838.575 contratos, lo que supone un incremento del 2,38% respecto al acumulado de 2021 (66.022 contratos m\u00e1s).<\/p>\n<p><strong><u>A nivel estatal<\/u><\/strong> el paro registrado ha descendido en 43.727 personas en relaci\u00f3n con el mes anterior (-1,52%). La cifra de paro a nivel estatal se sit\u00faa en el mes de diciembre de 2022 en 2.837.653 personas (-8,64% en t\u00e9rminos anuales).<\/p>\n<p><strong><u>Afiliaci\u00f3n<\/u><\/strong>. <strong>En Catalu\u00f1a<\/strong>, el n\u00famero de afiliados a la Seguridad Social se ha situado en el mes de diciembre de 2022 en 3.615.780 ocupados, lo que supone 2.132 ocupados menos respecto el mes noviembre de 2022 (-0,06%), y 96.649 ocupados m\u00e1s respecto al mismo mes del a\u00f1o anterior (2,75%).<\/p>\n<p><a href=\"https:\/\/www.foment.com\/wp-content\/uploads\/2023\/01\/grafico-4.png\"><img loading=\"lazy\" class=\"wp-image-156302 size-large aligncenter\" src=\"https:\/\/www.foment.com\/wp-content\/uploads\/2023\/01\/grafico-4-1024x462.png\" alt=\"\" width=\"1024\" height=\"462\" srcset=\"https:\/\/www.foment.com\/wp-content\/uploads\/2023\/01\/grafico-4-1024x462.png 1024w, https:\/\/www.foment.com\/wp-content\/uploads\/2023\/01\/grafico-4-300x135.png 300w, https:\/\/www.foment.com\/wp-content\/uploads\/2023\/01\/grafico-4-768x347.png 768w, https:\/\/www.foment.com\/wp-content\/uploads\/2023\/01\/grafico-4-1536x693.png 1536w, https:\/\/www.foment.com\/wp-content\/uploads\/2023\/01\/grafico-4-2048x924.png 2048w\" sizes=\"(max-width: 1024px) 100vw, 1024px\" \/><\/a><\/p>\n<p style=\"text-align: center;\"><span style=\"font-size: 10pt;\">Fuente: elaboraci\u00f3n propia a partir de los datos del Ministerio de Inclusi\u00f3n, Seguridad Social y Migraciones.<\/span><\/p>\n<p><strong><u>En \u00e1mbito estatal<\/u><\/strong> el n\u00famero de afiliados a la Seguridad Social se ha situado en el mes de diciembre en 20.296.271, lo que supone respecto el mes de noviembre de 2021 un incremento de 12.640 (0,06%), y 471.360 ocupados m\u00e1s respecto al mismo mes del a\u00f1o anterior (2,38%).[\/vc_column_text][\/vc_column][\/vc_row]<\/p>\n<\/section>","protected":false},"excerpt":{"rendered":"<p>[vc_row][vc_column][vc_column_text] A pesar de que en t\u00e9rminos interanuales se ha producido un descenso relevante del paro registrado, la desaceleraci\u00f3n estad\u00edstica es notable y ser\u00eda mayor si se contabilizara el aumento de m\u00e1s de medio mill\u00f3n de fijos-discontinuos en inactividad que no computan a efectos del c\u00e1lculo del paro efectivo La supresi\u00f3n del contrato por obra y servicio tras la Reforma Laboral est\u00e1 comportando una gran mortalidad de la contrataci\u00f3n indefinida Barcelona, 4 de enero de 2023 El n\u00famero de desempleados en Catalu\u00f1a disminuy\u00f3 en el mes de diciembre en 2.644 personas (-0,76%). En t\u00e9rminos interanuales, el paro registrado ha descendido en 22.820 (-6,18%). El a\u00f1o 2022 finaliza con 364.338 personas desempleadas registradas en las oficinas de Trabajo en Catalu\u00f1a. Se trata de la cifra de personas en el paro m\u00e1s baja en un mes de diciembre des de 2007 (que acab\u00f3 el a\u00f1o con 265.789 desempleados). En Espa\u00f1a el paro desciende en 43.727 personas en diciembre y se sit\u00faa en los 2.837.653, tambi\u00e9n la cifra m\u00e1s baja desde 2007. Foment del Treball considera que el crecimiento de la afiliaci\u00f3n y el descenso del paro registrado ha mostrado un comportamiento peor que el a\u00f1o pasado y que los periodos prepand\u00e9micos. Ambas [&hellip;]<\/p>\n","protected":false},"author":7,"featured_media":156322,"comment_status":"closed","ping_status":"closed","sticky":false,"template":"","format":"standard","meta":{"_links_to":"","_links_to_target":""},"categories":[114,68,5714,73],"tags":[303,7410],"acf":[],"wps_subtitle":"","_links":{"self":[{"href":"https:\/\/www.foment.com\/es\/wp-json\/wp\/v2\/posts\/156308"}],"collection":[{"href":"https:\/\/www.foment.com\/es\/wp-json\/wp\/v2\/posts"}],"about":[{"href":"https:\/\/www.foment.com\/es\/wp-json\/wp\/v2\/types\/post"}],"author":[{"embeddable":true,"href":"https:\/\/www.foment.com\/es\/wp-json\/wp\/v2\/users\/7"}],"replies":[{"embeddable":true,"href":"https:\/\/www.foment.com\/es\/wp-json\/wp\/v2\/comments?post=156308"}],"version-history":[{"count":2,"href":"https:\/\/www.foment.com\/es\/wp-json\/wp\/v2\/posts\/156308\/revisions"}],"predecessor-version":[{"id":156315,"href":"https:\/\/www.foment.com\/es\/wp-json\/wp\/v2\/posts\/156308\/revisions\/156315"}],"wp:featuredmedia":[{"embeddable":true,"href":"https:\/\/www.foment.com\/es\/wp-json\/wp\/v2\/media\/156322"}],"wp:attachment":[{"href":"https:\/\/www.foment.com\/es\/wp-json\/wp\/v2\/media?parent=156308"}],"wp:term":[{"taxonomy":"category","embeddable":true,"href":"https:\/\/www.foment.com\/es\/wp-json\/wp\/v2\/categories?post=156308"},{"taxonomy":"post_tag","embeddable":true,"href":"https:\/\/www.foment.com\/es\/wp-json\/wp\/v2\/tags?post=156308"}],"curies":[{"name":"wp","href":"https:\/\/api.w.org\/{rel}","templated":true}]}}