{"id":156331,"date":"2023-01-09T17:30:46","date_gmt":"2023-01-09T16:30:46","guid":{"rendered":"https:\/\/www.foment.com\/?p=156331"},"modified":"2023-01-09T19:50:51","modified_gmt":"2023-01-09T18:50:51","slug":"foment-pide-a-gobiernos-convocarias-electorales-no-distraigan-medidas-que-se-deben-tomar-buena-marcha-economia-2023","status":"publish","type":"post","link":"https:\/\/www.foment.com\/es\/foment-pide-a-gobiernos-convocarias-electorales-no-distraigan-medidas-que-se-deben-tomar-buena-marcha-economia-2023\/","title":{"rendered":"Foment del Treball pide a los Gobiernos que las convocatorias electorales \u201cno distraigan de las medidas que se deben tomar para la buena marcha de la econom\u00eda\u201d este 2023"},"content":{"rendered":"<ul>\n<li><strong>Josep S\u00e1nchez Llibre reclama una buena gesti\u00f3n de los fondos Next Generation y una lucha intensa por el control de la inflaci\u00f3n<\/strong><\/li>\n<li><strong>La patronal catalana mantiene su crecimiento gracias al aumento de socios<\/strong><\/li>\n<\/ul>\n<p>La junta directiva de Foment del Treball se ha reunido para valorar la actualidad de la patronal catalana y el contexto econ\u00f3mico y social. En el contexto econ\u00f3mico actual sigue prevaleciendo el gran nivel de incertidumbre en relaci\u00f3n con la econom\u00eda y los principales elementos que han afectado a su evoluci\u00f3n, como pueden ser, la guerra en Ucrania, los problemas log\u00edsticos y de abastecimiento, los precios de la energ\u00eda y la respuesta de la pol\u00edtica econ\u00f3mica para hacer frente al fuerte incremento del coste de vida y de costes de producci\u00f3n.<\/p>\n<p>En este sentido, todas las previsiones para 2023 se han ido recortando a lo largo del a\u00f1o, para terminar en estimaciones muy magras respecto a lo inicialmente estimado, con una tendencia marcada a la moderaci\u00f3n. En este sentido, la Comisi\u00f3n Europea prev\u00e9 un crecimiento del PIB de 3,3% en la UE y de 3,2% en la zona euro para este nuevo curso, y de 0,3% en ambos casos para 2023. La econom\u00eda espa\u00f1ola y catalana moderar\u00e1n su ritmo de expansi\u00f3n, a diferencia de Alemania o Italia donde se prev\u00e9n contracciones de la actividad, pero tambi\u00e9n debe tenerse en cuenta que nuestras econom\u00edas todav\u00eda no han alcanzado el nivel de PIB anterior a la crisis del COVID-19. Con este contexto, el presidente de Foment del Treball, Josep S\u00e1nchez Llibre, ha indicado que \u201c<strong>el a\u00f1o que acabamos de empezar nos debe permitir recuperar tiempo perdido; despu\u00e9s de unos a\u00f1os de fuerte inestabilidad pol\u00edtica, la pandemia, y ahora la guerra de Ucrania, han provocado una situaci\u00f3n econ\u00f3mica muy compleja que necesita gobiernos fuertes y cohesionados\u201d<\/strong>.<\/p>\n<p>S\u00e1nchez Llibre se ha referido \u201c<strong>a que, durante este a\u00f1o, el hecho que tengamos elecciones municipales y auton\u00f3micas en gran parte de las comunidades aut\u00f3nomas y elecciones generales a finales de a\u00f1o, no debe distraer a los gobiernos de centrarse en los importantes retos que tiene nuestra econom\u00eda<\/strong>\u201d. Para el l\u00edder patronal, \u00ab<strong>hay que gestionar con m\u00e1s eficiencia los Fondos Next Generation, que todav\u00eda no est\u00e1n teniendo el impacto positivo que esper\u00e1bamos<\/strong>\u00bb y ha a\u00f1adido que \u00abe<strong>l control de la inflaci\u00f3n debe ser prioridad para no provocar m\u00e1s diferencias sociales de las que ya sufrimos\u201d<\/strong>. Adem\u00e1s, el presidente de Foment del Treball ha recordado que los costes energ\u00e9ticos siguen perjudicando a muchos sectores industriales los cuales, en algunos casos, ven comprometida su continuidad pero sin querer hacer \u00ab<strong>una valoraci\u00f3n pesimista<\/strong>\u00ab.<\/p>\n<p><span style=\"color: #c12238;\"><strong>Foment del Treball sigue creciendo<\/strong><\/span><\/p>\n<p>Los datos de la previsi\u00f3n de cierre del ejercicio 2022 apuntan a que Foment del Treball sigue creciendo. Los datos indican que se ha cerrado el a\u00f1o con un super\u00e1vit de 276.363 euros, debido a la incorporaci\u00f3n de nuevos socios y al mantenimiento de los distintos programas de la patronal catalana. El presupuesto para 2023 est\u00e1 previsto en 7,8 millones de euros.<\/p>\n","protected":false},"excerpt":{"rendered":"<p>Josep S\u00e1nchez Llibre reclama una buena gesti\u00f3n de los fondos Next Generation y una lucha intensa por el control de la inflaci\u00f3n La patronal catalana mantiene su crecimiento gracias al aumento de socios La junta directiva de Foment del Treball se ha reunido para valorar la actualidad de la patronal catalana y el contexto econ\u00f3mico y social. En el contexto econ\u00f3mico actual sigue prevaleciendo el gran nivel de incertidumbre en relaci\u00f3n con la econom\u00eda y los principales elementos que han afectado a su evoluci\u00f3n, como pueden ser, la guerra en Ucrania, los problemas log\u00edsticos y de abastecimiento, los precios de la energ\u00eda y la respuesta de la pol\u00edtica econ\u00f3mica para hacer frente al fuerte incremento del coste de vida y de costes de producci\u00f3n. En este sentido, todas las previsiones para 2023 se han ido recortando a lo largo del a\u00f1o, para terminar en estimaciones muy magras respecto a lo inicialmente estimado, con una tendencia marcada a la moderaci\u00f3n. En este sentido, la Comisi\u00f3n Europea prev\u00e9 un crecimiento del PIB de 3,3% en la UE y de 3,2% en la zona euro para este nuevo curso, y de 0,3% en ambos casos para 2023. La econom\u00eda espa\u00f1ola y catalana moderar\u00e1n [&hellip;]<\/p>\n","protected":false},"author":7,"featured_media":156351,"comment_status":"closed","ping_status":"closed","sticky":false,"template":"","format":"standard","meta":{"_links_to":"","_links_to_target":""},"categories":[114,68,5714],"tags":[7411,7412],"acf":[],"wps_subtitle":"","_links":{"self":[{"href":"https:\/\/www.foment.com\/es\/wp-json\/wp\/v2\/posts\/156331"}],"collection":[{"href":"https:\/\/www.foment.com\/es\/wp-json\/wp\/v2\/posts"}],"about":[{"href":"https:\/\/www.foment.com\/es\/wp-json\/wp\/v2\/types\/post"}],"author":[{"embeddable":true,"href":"https:\/\/www.foment.com\/es\/wp-json\/wp\/v2\/users\/7"}],"replies":[{"embeddable":true,"href":"https:\/\/www.foment.com\/es\/wp-json\/wp\/v2\/comments?post=156331"}],"version-history":[{"count":1,"href":"https:\/\/www.foment.com\/es\/wp-json\/wp\/v2\/posts\/156331\/revisions"}],"predecessor-version":[{"id":156332,"href":"https:\/\/www.foment.com\/es\/wp-json\/wp\/v2\/posts\/156331\/revisions\/156332"}],"wp:featuredmedia":[{"embeddable":true,"href":"https:\/\/www.foment.com\/es\/wp-json\/wp\/v2\/media\/156351"}],"wp:attachment":[{"href":"https:\/\/www.foment.com\/es\/wp-json\/wp\/v2\/media?parent=156331"}],"wp:term":[{"taxonomy":"category","embeddable":true,"href":"https:\/\/www.foment.com\/es\/wp-json\/wp\/v2\/categories?post=156331"},{"taxonomy":"post_tag","embeddable":true,"href":"https:\/\/www.foment.com\/es\/wp-json\/wp\/v2\/tags?post=156331"}],"curies":[{"name":"wp","href":"https:\/\/api.w.org\/{rel}","templated":true}]}}