{"id":156514,"date":"2023-01-13T14:44:54","date_gmt":"2023-01-13T13:44:54","guid":{"rendered":"https:\/\/www.foment.com\/sanchez-llibre-lamenta-que-yolanda-diaz-demonice-a-los-empresarios-y-a-los-beneficios-empresariales\/"},"modified":"2023-01-13T14:45:33","modified_gmt":"2023-01-13T13:45:33","slug":"sanchez-llibre-lamenta-yolanda-diaz-demonice-a-los-empresarios-y-a-los-beneficios-empresariales","status":"publish","type":"post","link":"https:\/\/www.foment.com\/es\/sanchez-llibre-lamenta-yolanda-diaz-demonice-a-los-empresarios-y-a-los-beneficios-empresariales\/","title":{"rendered":"S\u00e1nchez Llibre lamenta que Yolanda D\u00edaz demonice a los empresarios y a los beneficios empresariales"},"content":{"rendered":"<ul>\n<li><strong>Foment del Treball remarca que ni los empresarios ni los beneficios empresariales son los responsables del incremento de precios del sector alimentario<\/strong><\/li>\n<li><strong>La vicepresidenta Yolanda D\u00edaz lo sabe perfectamente pero prefiere, irresponsablemente hacer populismo. Hay que exigirle rigor y seriedad.<\/strong><\/li>\n<\/ul>\n<p>Tras las declaraciones en relaci\u00f3n al IPC de la vicepresidenta segunda y ministra de Trabajo y Econom\u00eda Social, el presidente de Foment del Treball, Josep S\u00e1nchez Llibre, lamenta que Yolanda D\u00edaz \u201c<strong>demonice\u201d a los empresarios y a los beneficios empresariales para fortalecerse<\/strong>\u201d ideol\u00f3gicamente en el espacio de la izquierda<\/p>\n<p>Foment del Treball\u00a0 manifiesta con rotundidad que ni los empresarios ni los beneficios empresariales son los responsables del incremento de precios del sector alimentario.<\/p>\n<p>Josep S\u00e1nchez Llibre considera que la vicepresidenta del Gobierno \u201clo sabe perfectamente, pero prefiere, irresponsablemente, hacer populismo\u201d en un tema muy serio, que est\u00e1 perjudicando mucho a familias, aut\u00f3nomos y peque\u00f1as y medianas empresas del sector alimentario.<\/p>\n<p>Por este motivo, Foment exige a la vicepresidenta rigor y seriedad.<\/p>\n","protected":false},"excerpt":{"rendered":"<p>Foment del Treball remarca que ni los empresarios ni los beneficios empresariales son los responsables del incremento de precios del sector alimentario La vicepresidenta Yolanda D\u00edaz lo sabe perfectamente pero prefiere, irresponsablemente hacer populismo. Hay que exigirle rigor y seriedad. Tras las declaraciones en relaci\u00f3n al IPC de la vicepresidenta segunda y ministra de Trabajo y Econom\u00eda Social, el presidente de Foment del Treball, Josep S\u00e1nchez Llibre, lamenta que Yolanda D\u00edaz \u201cdemonice\u201d a los empresarios y a los beneficios empresariales para fortalecerse\u201d ideol\u00f3gicamente en el espacio de la izquierda Foment del Treball\u00a0 manifiesta con rotundidad que ni los empresarios ni los beneficios empresariales son los responsables del incremento de precios del sector alimentario. Josep S\u00e1nchez Llibre considera que la vicepresidenta del Gobierno \u201clo sabe perfectamente, pero prefiere, irresponsablemente, hacer populismo\u201d en un tema muy serio, que est\u00e1 perjudicando mucho a familias, aut\u00f3nomos y peque\u00f1as y medianas empresas del sector alimentario. Por este motivo, Foment exige a la vicepresidenta rigor y seriedad.<\/p>\n","protected":false},"author":7,"featured_media":73286,"comment_status":"closed","ping_status":"closed","sticky":false,"template":"","format":"standard","meta":{"_links_to":"","_links_to_target":""},"categories":[114,68,5714],"tags":[7421,1088],"acf":[],"wps_subtitle":"","_links":{"self":[{"href":"https:\/\/www.foment.com\/es\/wp-json\/wp\/v2\/posts\/156514"}],"collection":[{"href":"https:\/\/www.foment.com\/es\/wp-json\/wp\/v2\/posts"}],"about":[{"href":"https:\/\/www.foment.com\/es\/wp-json\/wp\/v2\/types\/post"}],"author":[{"embeddable":true,"href":"https:\/\/www.foment.com\/es\/wp-json\/wp\/v2\/users\/7"}],"replies":[{"embeddable":true,"href":"https:\/\/www.foment.com\/es\/wp-json\/wp\/v2\/comments?post=156514"}],"version-history":[{"count":2,"href":"https:\/\/www.foment.com\/es\/wp-json\/wp\/v2\/posts\/156514\/revisions"}],"predecessor-version":[{"id":156516,"href":"https:\/\/www.foment.com\/es\/wp-json\/wp\/v2\/posts\/156514\/revisions\/156516"}],"wp:featuredmedia":[{"embeddable":true,"href":"https:\/\/www.foment.com\/es\/wp-json\/wp\/v2\/media\/73286"}],"wp:attachment":[{"href":"https:\/\/www.foment.com\/es\/wp-json\/wp\/v2\/media?parent=156514"}],"wp:term":[{"taxonomy":"category","embeddable":true,"href":"https:\/\/www.foment.com\/es\/wp-json\/wp\/v2\/categories?post=156514"},{"taxonomy":"post_tag","embeddable":true,"href":"https:\/\/www.foment.com\/es\/wp-json\/wp\/v2\/tags?post=156514"}],"curies":[{"name":"wp","href":"https:\/\/api.w.org\/{rel}","templated":true}]}}