{"id":156709,"date":"2023-01-23T14:47:37","date_gmt":"2023-01-23T13:47:37","guid":{"rendered":"https:\/\/www.foment.com\/foment-del-treball-reclama-govern-i-principal-partit-oposicio-responsabilitat-per-poder-tenir-pressupostos-per-millorar-la-competitivitat\/"},"modified":"2023-01-23T16:44:01","modified_gmt":"2023-01-23T15:44:01","slug":"foment-reclama-gobierno-y-principal-partido-oposicion-responsabilidad-para-poder-tener-presupuestos-para-mejorar-competitividad","status":"publish","type":"post","link":"https:\/\/www.foment.com\/es\/foment-reclama-gobierno-y-principal-partido-oposicion-responsabilidad-para-poder-tener-presupuestos-para-mejorar-competitividad\/","title":{"rendered":"Foment del Treball reclama al Gobierno y al principal partido de la oposici\u00f3n \u00abresponsabilidad\u00bb para poder tener presupuestos para mejorar la competitividad"},"content":{"rendered":"<section class=\"wpb-content-wrapper\"><p>[vc_row][vc_column][vc_column_text]<\/p>\n<ul>\n<li><strong>Josep S\u00e1nchez Llibre insiste en que una pr\u00f3rroga de las cuentas de la Generalitat ser\u00eda irresponsable y negativo para la econom\u00eda catalana<\/strong><\/li>\n<li><strong>La patronal catalana pide que los actores pol\u00edticos hagan lo posible para aprovechar el incremento de inversi\u00f3n en infraestructuras que est\u00e1 previsto<\/strong><\/li>\n<\/ul>\n<p>El presidente de Foment del Treball, <strong>Josep S\u00e1nchez Llibre<\/strong>, ha comparecido en rueda de prensa tras la reuni\u00f3n del Consejo del Di\u00e1logo Social que ha valorado la situaci\u00f3n de las negociaciones para el nuevo presupuesto de la Generalitat. El presidente de la patronal catalana ha indicado que \u00ab<strong>la situaci\u00f3n est\u00e1 parada porque no hay acuerdo en referencia a las infraestructuras que pone sobre la mesa el PSC como BCN World, aeropuerto de El Prat, la Ronda del Vall\u00e8s y un convenio de inversiones de la Renfe<\/strong>\u00ab. El l\u00edder patronal ha defendido que \u00ab<strong>una pr\u00f3rroga de las cuentas ser\u00eda irresponsable<\/strong>\u00ab.<\/p>\n<p>En todo caso, ha insistido S\u00e1nchez Llibre, \u00ab<strong>continuamos diciendo lo que dijimos en la \u00faltima reuni\u00f3n que ser\u00eda irresponsable que se prorrogaran los presupuestos<\/strong>\u00ab. El presidente de la patronal catalana ha pedido \u00abal presidente de la Generalitat que genere el m\u00e1ximo de complicidades para poder llegar a un acuerdo y aprovechar un incremento en infraestructuras de 3.800 millones de euros\u00bb.<\/p>\n<p>S\u00e1nchez Llibre ha subrayado que \u00ab<strong>sin conocer el contenido de los presupuestos creemos que debe haber<\/strong>\u00bb y ha a\u00f1adido que \u00ab<strong>tener presupuestos demuestra la solvencia de un Gobierno y genera estabilidad<\/strong>\u00ab. Con este trasfondo, el presidente de Fomento ha reclamado \u00ab<strong>responsabilidad a Gobierno y oposici\u00f3n para que sigamos estando igual que hace dos meses<\/strong>\u00bb y ha agregado que \u00ab<strong>hay que<\/strong> <strong>consensuar<\/strong><strong> con di\u00e1logo una posici\u00f3n<\/strong>\u00bb sobre las cuentas catalanas.<\/p>\n<p>\u00ab<strong>Todo lo que sea modernizaci\u00f3n de infraestructuras y mejorar la competitividad de la econom\u00eda catalana estamos de acuerdo<\/strong>\u00bb ha remachado S\u00e1nchez Llibre. En este sentido, ha apuntado que \u00ab<strong>no podemos hacer m\u00e1s, no est\u00e1 a nuestro alcance, pero queremos presupuestos en Catalu\u00f1a<\/strong>\u00ab. S\u00e1nchez Llibre ha indicado que lo que el Acuerdo del <em>Consell de Di\u00e0leg Social<\/em> que se firm\u00f3 el pasado 5 de diciembre \u00ab<strong>estaba consignado en el presupuesto 2023, y si no se aprueban se tendr\u00edan que hacer decretos ley, y las medidas se har\u00edan, pero con un proceso muy complicado y tard\u00edo<\/strong>\u00ab.<\/p>\n<ul>\n<li style=\"list-style-type: none;\"><\/li>\n<\/ul>\n<p>[\/vc_column_text][\/vc_column][\/vc_row][vc_row][vc_column width=\u00bb1\/1&#8243;]<div class=\"spacer\" style=\"height: 20px;\"><\/div><div class=\"single_image wpb_content_element align-left    \" data-animation=\"none\" data-delay=\"0\"><img width=\"1280\" height=\"854\" src=\"https:\/\/www.foment.com\/wp-content\/uploads\/2023\/01\/20230123_Foto_consell_dialeg_social.jpeg\" class=\"attachment-full\" alt=\"\" loading=\"lazy\" title=\"20230123_Foto_consell_dialeg_social\" srcset=\"https:\/\/www.foment.com\/wp-content\/uploads\/2023\/01\/20230123_Foto_consell_dialeg_social.jpeg 1280w, https:\/\/www.foment.com\/wp-content\/uploads\/2023\/01\/20230123_Foto_consell_dialeg_social-300x200.jpeg 300w, https:\/\/www.foment.com\/wp-content\/uploads\/2023\/01\/20230123_Foto_consell_dialeg_social-1024x683.jpeg 1024w, https:\/\/www.foment.com\/wp-content\/uploads\/2023\/01\/20230123_Foto_consell_dialeg_social-768x512.jpeg 768w, https:\/\/www.foment.com\/wp-content\/uploads\/2023\/01\/20230123_Foto_consell_dialeg_social-600x400.jpeg 600w\" sizes=\"(max-width: 1280px) 100vw, 1280px\" \/><\/div>[\/vc_column][\/vc_row]<\/p>\n<\/section>","protected":false},"excerpt":{"rendered":"<p>[vc_row][vc_column][vc_column_text] Josep S\u00e1nchez Llibre insiste en que una pr\u00f3rroga de las cuentas de la Generalitat ser\u00eda irresponsable y negativo para la econom\u00eda catalana La patronal catalana pide que los actores pol\u00edticos hagan lo posible para aprovechar el incremento de inversi\u00f3n en infraestructuras que est\u00e1 previsto El presidente de Foment del Treball, Josep S\u00e1nchez Llibre, ha comparecido en rueda de prensa tras la reuni\u00f3n del Consejo del Di\u00e1logo Social que ha valorado la situaci\u00f3n de las negociaciones para el nuevo presupuesto de la Generalitat. El presidente de la patronal catalana ha indicado que \u00abla situaci\u00f3n est\u00e1 parada porque no hay acuerdo en referencia a las infraestructuras que pone sobre la mesa el PSC como BCN World, aeropuerto de El Prat, la Ronda del Vall\u00e8s y un convenio de inversiones de la Renfe\u00ab. El l\u00edder patronal ha defendido que \u00abuna pr\u00f3rroga de las cuentas ser\u00eda irresponsable\u00ab. En todo caso, ha insistido S\u00e1nchez Llibre, \u00abcontinuamos diciendo lo que dijimos en la \u00faltima reuni\u00f3n que ser\u00eda irresponsable que se prorrogaran los presupuestos\u00ab. El presidente de la patronal catalana ha pedido \u00abal presidente de la Generalitat que genere el m\u00e1ximo de complicidades para poder llegar a un acuerdo y aprovechar un incremento en infraestructuras de [&hellip;]<\/p>\n","protected":false},"author":7,"featured_media":156705,"comment_status":"closed","ping_status":"closed","sticky":false,"template":"","format":"standard","meta":{"_links_to":"","_links_to_target":""},"categories":[114,69,5714],"tags":[3945,7459,7460],"acf":[],"wps_subtitle":"","_links":{"self":[{"href":"https:\/\/www.foment.com\/es\/wp-json\/wp\/v2\/posts\/156709"}],"collection":[{"href":"https:\/\/www.foment.com\/es\/wp-json\/wp\/v2\/posts"}],"about":[{"href":"https:\/\/www.foment.com\/es\/wp-json\/wp\/v2\/types\/post"}],"author":[{"embeddable":true,"href":"https:\/\/www.foment.com\/es\/wp-json\/wp\/v2\/users\/7"}],"replies":[{"embeddable":true,"href":"https:\/\/www.foment.com\/es\/wp-json\/wp\/v2\/comments?post=156709"}],"version-history":[{"count":5,"href":"https:\/\/www.foment.com\/es\/wp-json\/wp\/v2\/posts\/156709\/revisions"}],"predecessor-version":[{"id":156728,"href":"https:\/\/www.foment.com\/es\/wp-json\/wp\/v2\/posts\/156709\/revisions\/156728"}],"wp:featuredmedia":[{"embeddable":true,"href":"https:\/\/www.foment.com\/es\/wp-json\/wp\/v2\/media\/156705"}],"wp:attachment":[{"href":"https:\/\/www.foment.com\/es\/wp-json\/wp\/v2\/media?parent=156709"}],"wp:term":[{"taxonomy":"category","embeddable":true,"href":"https:\/\/www.foment.com\/es\/wp-json\/wp\/v2\/categories?post=156709"},{"taxonomy":"post_tag","embeddable":true,"href":"https:\/\/www.foment.com\/es\/wp-json\/wp\/v2\/tags?post=156709"}],"curies":[{"name":"wp","href":"https:\/\/api.w.org\/{rel}","templated":true}]}}