{"id":157801,"date":"2023-02-14T16:23:45","date_gmt":"2023-02-14T15:23:45","guid":{"rendered":"https:\/\/www.foment.com\/llum-delas-hem-de-demostrar-amb-fets-que-volem-una-societat-millor\/"},"modified":"2023-04-28T15:19:07","modified_gmt":"2023-04-28T13:19:07","slug":"llum-delas-tenemos-que-demostrar-con-hechos-que-queremos-sociedad-mejor","status":"publish","type":"post","link":"https:\/\/www.foment.com\/es\/llum-delas-tenemos-que-demostrar-con-hechos-que-queremos-sociedad-mejor\/","title":{"rendered":"Luz\u00a0Del\u00e0s: \u201dTenemos que demostrar con hechos que queremos una sociedad mejor\u201d"},"content":{"rendered":"<section class=\"wpb-content-wrapper\"><p>[vc_row][vc_column][vc_column_text]<\/p>\n<ul>\n<li>Luz <span class=\"hiddenSpellError\">Del\u00e0s<\/span>\u00a0ha explicado que la transformaci\u00f3n social es la que har\u00e1 que la ciudad, la metr\u00f3poli y cualquier comunidad humana, disfruten de un bienestar que se ha dejado atr\u00e1s en nuestros entornos<\/li>\n<li>La colaboraci\u00f3n de las empresas socialmente responsables es un camino de transformaci\u00f3n social que augura un futuro corresponsable de una sociedad civil organizada y beneficiosa para la ciudad y para el \u00e1rea metropolitana<\/li>\n<li>La conferencia de Luz <span class=\"hiddenSpellError\">Del\u00e0s<\/span>\u00a0se enmarca en el ciclo de conferencias \u2018Hacer metr\u00f3poli\u2019, impulsado por\u00a0<span class=\"hiddenSpellError\">Rethink<\/span>\u00a0y por el que ha pasado los principales actores dela metr\u00f3poli de Barcelona<\/li>\n<\/ul>\n<p>RethinkBCN \u00f3rgano de la Sociedad Barcelonesa de Estudios Econ\u00f3micos y Sociales de Foment del Treball, ha celebrado hoy un nuevo di\u00e1logo en el marco de su ciclo de conferencias \u2018Hacer metr\u00f3poli\u2019 a la sede de Foment del Treball.<strong> Llum <span class=\"hiddenSpellError\">Del\u00e0s<\/span>, religiosa del Sagrado Coro, presidenta de la Fundaci\u00f3n\u00a0<span class=\"hiddenSpellError\">Roure<\/span>\u00a0y persona dedicada a ayudar a los m\u00e1s vulnerables,<\/strong> ha sido la protagonista del encuentro con su ponencia\u00bb.La conferencia de Luz Delas es la novena aportaci\u00f3n del ciclo \u201cHacer Metr\u00f3poli\u201d protagonizado por los principales actores de la metr\u00f3poli de Barcelona, y que se cerrar\u00e1 con la presentaci\u00f3n del segundo dosier de \u2018Repensar la metr\u00f3poli\u2019.<\/p>\n<p>El acto, presentado por<strong> Felipe Campos, consejero delegado de Aig\u00fces de Barcelona y director de Acci\u00f3n Social de\u00a0<span class=\"hiddenSpellError\">Agbar<\/span><\/strong>\u00a0ha sido conducido por la periodista<strong> Gloria Mar\u00edn.<\/strong> Los participantes han reflexionado sobre las necesidades sociales de las personas en situaci\u00f3n de vulnerabilidad y como las empresas se pueden implicar en la mejora del entorno donde operan.<\/p>\n<p>La transformaci\u00f3n social es la apuesta que las\u00a0<span class=\"hiddenGrammarError\">ONGs<\/span>, las\u00a0fundaciones\u00a0de proximidad, la sociedad civil organizada, el mundo empresarial con\u00a0prop\u00f3sito\u00a0social y las administraciones han emprendido para cambiar la situaci\u00f3n de los m\u00e1s vulnerables.\u00a0<span class=\"hiddenGrammarError\">\u201c<\/span>Si el tercer sector, las empresas y la administraci\u00f3n no vayamos de la mi para deslocalizar la pobreza, no tenemos futuro\u00bb, ha asegurado Llum <span class=\"hiddenSpellError\">Del\u00e0s, <\/span>que a\u00f1ade \u00abL<em>as empresas tienen que tocar la puerta del tercer sector porque se le ayude a encontrar su prop\u00f3sito social y la administraci\u00f3n tambi\u00e9n nos tiene que escuchar para hacer las pol\u00edticas adecuadas y ahorrando recursos<\/em>\u00ab.<\/p>\n<p>Barcelona ha estado y sigue siendo ciudad de acogida por todas aquellas personas en riesgo de exclusi\u00f3n y situaci\u00f3n de vulnerabilidad que vienen en Catalu\u00f1a Como ha explicado la ponente, <em>\u00abnos encontramos en una situaci\u00f3n complicada porque la precariedad y la pobreza han aumentado y los recursos no se corresponden con el envejecimiento poblacional y con otras problem\u00e1ticas como la escasez de vivienda p\u00fablica a precios asequibles. Esto hace que sean muchas las personas que no tienen garantizado poder vivir y alimentarse aut\u00f3nomamente\u00bb<\/em>.<\/p>\n<p>Por su parte, Felipe Campos, Consejero delegado de Aig\u00fces de Barcelona y director de Acci\u00f3n Social de\u00a0<span class=\"hiddenSpellError\">Agbar<\/span>, ha destacado que \u00ab<em>el Tercer Sector es un motor de transformaci\u00f3n social que trabaja para conseguir metr\u00f3polis m\u00e1s justas, inclusivas y equitativas. Pero la realidad es que las entidades sociales, no pueden asumir este hito solas. Las administraciones y las empresas con vocaci\u00f3n social tenemos que generar sinergias y trabajar codo con codo, para poder mejorar la vida de las personas que m\u00e1s lo necesitan\u00bb<\/em>.<\/p>\n<p><span class=\"hiddenSpellError\">Del\u00e0s<\/span>, que vive al Ravall desde hace 36 a\u00f1os uno de los barrios m\u00e1s pobres de Barcelona, conoce de cerca las necesidades del s m\u00e1s a constatar la necesidad de que las empresas se impliquen en urgencia de la transformaci\u00f3n social, procurando por la integraci\u00f3n de todos los habitantes y garantizar el cumplimiento de los derechos humanos por una vida digna. \u00ab<em>En estos \u00faltimos a\u00f1os, colaborar con las empresas socialmente responsables ha estado y es un camino de transformaci\u00f3n social que augura un futuro corresponsable de una sociedad civil organizada y beneficiosa para la Ciudad y para el \u00e1rea metropolitana<\/em>\u00ab, afirma <span class=\"hiddenSpellError\">Del\u00e0s<\/span>.<\/p>\n<p>A lo largo de su intervenci\u00f3n, Llum <span class=\"hiddenSpellError\">Del\u00e0s<\/span>\u00a0tambi\u00e9n ha destacado que\u00a0Barcelona,\u00a0adem\u00e1s, sufre un problema\u00a0<span class=\"hiddenGrammarError\">de<\/span>\u00a0inmigraci\u00f3n que se ve obligada a malvivir porque se acoge a una ley de extranjer\u00eda que no permite los permite trabajar antes de tres a\u00f1os desde su llegada en Catalu\u00f1a La contradicci\u00f3n es m\u00e1xima: supuestamente se acoge y\u00a0<span class=\"hiddenGrammarError\">\u201c<\/span><em>se obliga a vivir del fraude, de la droga o de la delincuencia para poder subsistir<span class=\"hiddenGrammarError\">\u00ab, <\/span><\/em>apunta la presidenta de la Fundaci\u00f3n\u00a0<span class=\"hiddenSpellError\">Roure<\/span>.<\/p>\n<p><strong>Hacer metr\u00f3poli<\/strong><br \/>\nEste ciclo, impulsado por\u00a0<span class=\"hiddenSpellError\">RethinkBCN<\/span>, \u00f3rgano de la Sociedad Barcelonesa de Estudios Econ\u00f3micos y Sociales de Fomento del Trabajo, desarrolla\u00a0<span class=\"hiddenGrammarError\">las<\/span>\u00a0ponencias para contribuir a hacer visible la importancia del hecho metropolitano siguiendo la l\u00ednea de la publicaci\u00f3n \u2018Repensar la metr\u00f3poli. Hacer metr\u00f3poli\u2019 de\u00a0<span class=\"hiddenSpellError\">RethinkBCN<\/span>.<\/p>\n<p>Este espacio web, puesto en marcha el marzo del 2021, ha publicado los puntos de vista de m\u00e1s de una cincuentena de autores a trav\u00e9s de ponencias, entrevistas, art\u00edculos y\/o encuentros, sobre qu\u00e9 tendr\u00edan que ser las actuaciones que se tienen que abordar para mejorar el desarrollo de la regi\u00f3n metropolitana y hacerla visible a la ciudadan\u00eda. Todos ellos consideran la metr\u00f3poli como el espacio para impulsar la recuperaci\u00f3n econ\u00f3mica, la apuesta tecnol\u00f3gica, el crecimiento econ\u00f3mico y la mejora de los servicios a los ciudadanos.<\/p>\n<p>Por este ciclo de conferencias ya ha pasado ponentes como Antonio\u00a0<span class=\"hiddenSpellError\">Balm\u00f3n<\/span>, vicepresidente ejecutivo del \u00c1rea Metropolitana de Barcelona;\u00a0<span class=\"hiddenSpellError\">Josep<\/span>\u00a0<span class=\"hiddenSpellError\">Acebillo<\/span>,<span class=\"hiddenSpellError\">exarquitecte<\/span>\u00a0cabe de Barcelona; el primer teniente de Alcald\u00eda en el Ayuntamiento de Barcelona,\u00a0<span class=\"hiddenSpellError\">Jaume<\/span>\u00a0<span class=\"hiddenSpellError\">Collboni<\/span>\u00a0Vicente\u00a0<span class=\"hiddenSpellError\">Guallart<\/span>, arquitecto, urbanista e investigador; Salvador Rueda, presidente de la Fundaci\u00f3n Ecolog\u00eda Urbana y Territorial y fundador y director de la Agencia de ecolog\u00eda Urbana de Barcelona; Ernest Maragall, presidente del grupo municipal de <span class=\"hiddenSpellError\">Esquerra<\/span> Republicana de Catalu\u00f1a al Ayuntamiento de Barcelona; Cristina <span class=\"hiddenSpellError\">Colom<\/span>, experta en humanismo tecnol\u00f3gico e\u00a0<span class=\"hiddenSpellError\">isabel<\/span>\u00a0Vidal, directora general del Grupo Foco y Presidenta de la Asociaci\u00f3n de Empresas de Teatro de Catalu\u00f1a (<span class=\"hiddenSpellError\">ADETCA<\/span>).[\/vc_column_text]<div class=\"spacer\" style=\"height: 20px;\"><\/div><div class=\"video-embed  wpb_content_element\"><iframe title=\"Cicle de confer\u00e8ncies RethinkBCN. Fer metr\u00f2poli amb Llum Del\u00e0s\" width=\"1161\" height=\"653\" src=\"https:\/\/www.youtube.com\/embed\/QBxo5fUw3oY?feature=oembed\" frameborder=\"0\" allow=\"accelerometer; autoplay; clipboard-write; encrypted-media; gyroscope; picture-in-picture; web-share\" referrerpolicy=\"strict-origin-when-cross-origin\" allowfullscreen><\/iframe><\/div><div class=\"spacer\" style=\"height: 20px;\"><\/div><div class=\"flexslider wpb_content_element\"><ul class=\"slides\"><li><img src=\"https:\/\/www.foment.com\/wp-content\/uploads\/2023\/02\/photo_6005598250138188680_y.jpg\" alt=\"\" \/><\/li><li><img src=\"https:\/\/www.foment.com\/wp-content\/uploads\/2023\/02\/photo_6005598250138188677_y.jpg\" alt=\"\" \/><\/li><li><img src=\"https:\/\/www.foment.com\/wp-content\/uploads\/2023\/02\/photo_6005598250138188678_y.jpg\" alt=\"\" \/><\/li><li><img src=\"https:\/\/www.foment.com\/wp-content\/uploads\/2023\/02\/photo_6005598250138188682_y.jpg\" alt=\"\" \/><\/li><li><img src=\"https:\/\/www.foment.com\/wp-content\/uploads\/2023\/02\/photo_6005598250138188668_y.jpg\" alt=\"\" \/><\/li><li><img src=\"https:\/\/www.foment.com\/wp-content\/uploads\/2023\/02\/photo_6005598250138188670_y.jpg\" alt=\"\" \/><\/li><li><img src=\"https:\/\/www.foment.com\/wp-content\/uploads\/2023\/02\/photo_6005598250138188671_y.jpg\" alt=\"\" \/><\/li><li><img src=\"https:\/\/www.foment.com\/wp-content\/uploads\/2023\/02\/photo_6005598250138188674_y.jpg\" alt=\"\" \/><\/li><li><img src=\"https:\/\/www.foment.com\/wp-content\/uploads\/2023\/02\/photo_6005598250138188676_y.jpg\" alt=\"\" \/><\/li><\/ul><\/div>[\/vc_column][\/vc_row]<\/p>\n<\/section>","protected":false},"excerpt":{"rendered":"<p>[vc_row][vc_column][vc_column_text] Luz Del\u00e0s\u00a0ha explicado que la transformaci\u00f3n social es la que har\u00e1 que la ciudad, la metr\u00f3poli y cualquier comunidad humana, disfruten de un bienestar que se ha dejado atr\u00e1s en nuestros entornos La colaboraci\u00f3n de las empresas socialmente responsables es un camino de transformaci\u00f3n social que augura un futuro corresponsable de una sociedad civil organizada y beneficiosa para la ciudad y para el \u00e1rea metropolitana La conferencia de Luz Del\u00e0s\u00a0se enmarca en el ciclo de conferencias \u2018Hacer metr\u00f3poli\u2019, impulsado por\u00a0Rethink\u00a0y por el que ha pasado los principales actores dela metr\u00f3poli de Barcelona RethinkBCN \u00f3rgano de la Sociedad Barcelonesa de Estudios Econ\u00f3micos y Sociales de Foment del Treball, ha celebrado hoy un nuevo di\u00e1logo en el marco de su ciclo de conferencias \u2018Hacer metr\u00f3poli\u2019 a la sede de Foment del Treball. Llum Del\u00e0s, religiosa del Sagrado Coro, presidenta de la Fundaci\u00f3n\u00a0Roure\u00a0y persona dedicada a ayudar a los m\u00e1s vulnerables, ha sido la protagonista del encuentro con su ponencia\u00bb.La conferencia de Luz Delas es la novena aportaci\u00f3n del ciclo \u201cHacer Metr\u00f3poli\u201d protagonizado por los principales actores de la metr\u00f3poli de Barcelona, y que se cerrar\u00e1 con la presentaci\u00f3n del segundo dosier de \u2018Repensar la metr\u00f3poli\u2019. El acto, presentado por Felipe Campos, [&hellip;]<\/p>\n","protected":false},"author":7,"featured_media":157799,"comment_status":"closed","ping_status":"closed","sticky":false,"template":"","format":"standard","meta":{"_links_to":"","_links_to_target":""},"categories":[114,5714,1799],"tags":[7340,7512,7511],"acf":[],"wps_subtitle":"","_links":{"self":[{"href":"https:\/\/www.foment.com\/es\/wp-json\/wp\/v2\/posts\/157801"}],"collection":[{"href":"https:\/\/www.foment.com\/es\/wp-json\/wp\/v2\/posts"}],"about":[{"href":"https:\/\/www.foment.com\/es\/wp-json\/wp\/v2\/types\/post"}],"author":[{"embeddable":true,"href":"https:\/\/www.foment.com\/es\/wp-json\/wp\/v2\/users\/7"}],"replies":[{"embeddable":true,"href":"https:\/\/www.foment.com\/es\/wp-json\/wp\/v2\/comments?post=157801"}],"version-history":[{"count":5,"href":"https:\/\/www.foment.com\/es\/wp-json\/wp\/v2\/posts\/157801\/revisions"}],"predecessor-version":[{"id":161982,"href":"https:\/\/www.foment.com\/es\/wp-json\/wp\/v2\/posts\/157801\/revisions\/161982"}],"wp:featuredmedia":[{"embeddable":true,"href":"https:\/\/www.foment.com\/es\/wp-json\/wp\/v2\/media\/157799"}],"wp:attachment":[{"href":"https:\/\/www.foment.com\/es\/wp-json\/wp\/v2\/media?parent=157801"}],"wp:term":[{"taxonomy":"category","embeddable":true,"href":"https:\/\/www.foment.com\/es\/wp-json\/wp\/v2\/categories?post=157801"},{"taxonomy":"post_tag","embeddable":true,"href":"https:\/\/www.foment.com\/es\/wp-json\/wp\/v2\/tags?post=157801"}],"curies":[{"name":"wp","href":"https:\/\/api.w.org\/{rel}","templated":true}]}}