{"id":158214,"date":"2023-02-24T11:17:50","date_gmt":"2023-02-24T10:17:50","guid":{"rendered":"https:\/\/www.foment.com\/president-pnb-visita-seu-patronal-catalana\/"},"modified":"2023-02-24T11:28:05","modified_gmt":"2023-02-24T10:28:05","slug":"presidente-pnv-visita-sede-patronal-catalana","status":"publish","type":"post","link":"https:\/\/www.foment.com\/es\/presidente-pnv-visita-sede-patronal-catalana\/","title":{"rendered":"El presidente del PNV visita la sede de Foment del Treball"},"content":{"rendered":"<section class=\"wpb-content-wrapper\"><p>[vc_row][vc_column][vc_column_text]<\/p>\n<ul>\n<li><strong>Andoni Ortuzar valora el compromiso de la patronal catalana con la econom\u00eda productiva y el valor social de la empresa.<\/strong><\/li>\n<li><strong>Josep S\u00e1nchez Llibre aboga por pol\u00edticas que apoyen la creaci\u00f3n de riqueza y que fomenten la cohesi\u00f3n social.<\/strong><\/li>\n<\/ul>\n<p>El presidente del Euskadi Buru Batzar, m\u00e1ximo \u00f3rgano del Partido Nacionalista Vasco, <strong>Andoni Ortuzar<\/strong>, ha visitado la sede de Foment del Treball en Barcelona y ha mantenido una reuni\u00f3n con el presidente de la patronal catalana, <strong>Josep S\u00e1nchez Llibre<\/strong>. En dicho encuentro se ha analizado la situaci\u00f3n econ\u00f3mica actual y los diferentes horizontes en el futuro.<\/p>\n<p>Josep S\u00e1nchez Llibre ha abogado por poder contar con <strong>pol\u00edticas que apoyen la creaci\u00f3n de riqueza y que fomenten la cohesi\u00f3n social<\/strong>. Por su parte, el presidente Ortuzar ha valorado el <strong>compromiso de la patronal catalana con la econom\u00eda productiva y el valor social de la empresa<\/strong>.<\/p>\n<p>En la reuni\u00f3n tambi\u00e9n han participado <strong>Joseba Aurrekoetxea<\/strong>, miembro del EBB, as\u00ed como el secretario general de Foment, <strong>David Tornos<\/strong>, y les han acompa\u00f1ado el jefe de gabinete de la Presidencia, <strong>Jordi Casas<\/strong>, y el director responsable de Relaciones Institucionales, <strong>Benet Maim\u00ed<\/strong>.[\/vc_column_text]<div class=\"flexslider wpb_content_element\"><ul class=\"slides\"><li><img src=\"https:\/\/www.foment.com\/wp-content\/uploads\/2023\/02\/DSC_0310-scaled.jpg\" alt=\"\" \/><\/li><li><img src=\"https:\/\/www.foment.com\/wp-content\/uploads\/2023\/02\/DSC_0298-scaled.jpg\" alt=\"\" \/><\/li><\/ul><\/div>[\/vc_column][\/vc_row]<\/p>\n<\/section>","protected":false},"excerpt":{"rendered":"<p>[vc_row][vc_column][vc_column_text] Andoni Ortuzar valora el compromiso de la patronal catalana con la econom\u00eda productiva y el valor social de la empresa. Josep S\u00e1nchez Llibre aboga por pol\u00edticas que apoyen la creaci\u00f3n de riqueza y que fomenten la cohesi\u00f3n social. El presidente del Euskadi Buru Batzar, m\u00e1ximo \u00f3rgano del Partido Nacionalista Vasco, Andoni Ortuzar, ha visitado la sede de Foment del Treball en Barcelona y ha mantenido una reuni\u00f3n con el presidente de la patronal catalana, Josep S\u00e1nchez Llibre. En dicho encuentro se ha analizado la situaci\u00f3n econ\u00f3mica actual y los diferentes horizontes en el futuro. Josep S\u00e1nchez Llibre ha abogado por poder contar con pol\u00edticas que apoyen la creaci\u00f3n de riqueza y que fomenten la cohesi\u00f3n social. Por su parte, el presidente Ortuzar ha valorado el compromiso de la patronal catalana con la econom\u00eda productiva y el valor social de la empresa. En la reuni\u00f3n tambi\u00e9n han participado Joseba Aurrekoetxea, miembro del EBB, as\u00ed como el secretario general de Foment, David Tornos, y les han acompa\u00f1ado el jefe de gabinete de la Presidencia, Jordi Casas, y el director responsable de Relaciones Institucionales, Benet Maim\u00ed.[\/vc_column_text][\/vc_column][\/vc_row]<\/p>\n","protected":false},"author":10,"featured_media":158209,"comment_status":"closed","ping_status":"closed","sticky":false,"template":"","format":"standard","meta":{"_links_to":"","_links_to_target":""},"categories":[114,68,5714],"tags":[7548,7549,7550],"acf":[],"wps_subtitle":"","_links":{"self":[{"href":"https:\/\/www.foment.com\/es\/wp-json\/wp\/v2\/posts\/158214"}],"collection":[{"href":"https:\/\/www.foment.com\/es\/wp-json\/wp\/v2\/posts"}],"about":[{"href":"https:\/\/www.foment.com\/es\/wp-json\/wp\/v2\/types\/post"}],"author":[{"embeddable":true,"href":"https:\/\/www.foment.com\/es\/wp-json\/wp\/v2\/users\/10"}],"replies":[{"embeddable":true,"href":"https:\/\/www.foment.com\/es\/wp-json\/wp\/v2\/comments?post=158214"}],"version-history":[{"count":2,"href":"https:\/\/www.foment.com\/es\/wp-json\/wp\/v2\/posts\/158214\/revisions"}],"predecessor-version":[{"id":158218,"href":"https:\/\/www.foment.com\/es\/wp-json\/wp\/v2\/posts\/158214\/revisions\/158218"}],"wp:featuredmedia":[{"embeddable":true,"href":"https:\/\/www.foment.com\/es\/wp-json\/wp\/v2\/media\/158209"}],"wp:attachment":[{"href":"https:\/\/www.foment.com\/es\/wp-json\/wp\/v2\/media?parent=158214"}],"wp:term":[{"taxonomy":"category","embeddable":true,"href":"https:\/\/www.foment.com\/es\/wp-json\/wp\/v2\/categories?post=158214"},{"taxonomy":"post_tag","embeddable":true,"href":"https:\/\/www.foment.com\/es\/wp-json\/wp\/v2\/tags?post=158214"}],"curies":[{"name":"wp","href":"https:\/\/api.w.org\/{rel}","templated":true}]}}