{"id":159113,"date":"2023-03-07T15:05:40","date_gmt":"2023-03-07T14:05:40","guid":{"rendered":"https:\/\/www.foment.com\/constitucio-grup-experts-tributaris-fiscalitat-catalunya\/"},"modified":"2023-03-08T15:16:24","modified_gmt":"2023-03-08T14:16:24","slug":"constitucion-grupo-expertos-tributarios-fiscalidad-cataluna","status":"publish","type":"post","link":"https:\/\/www.foment.com\/es\/constitucion-grupo-expertos-tributarios-fiscalidad-cataluna\/","title":{"rendered":"Foment constituye su Grupo de expertos tributarios sobre la fiscalidad de Catalu\u00f1a"},"content":{"rendered":"<section class=\"wpb-content-wrapper\"><p>[vc_row][vc_column][vc_column_text]<\/p>\n<ul>\n<li><strong>S\u00e1nchez Llibre ha resaltado que \u201clas familias y las empresas catalanas sufrimos un exceso de presi\u00f3n fiscal y pagamos muchos m\u00e1s impuestos que el resto de los ciudadanos del Estado\u201d.<\/strong><\/li>\n<li><strong>Con esta iniciativa Foment quiere combatir la excesiva carga fiscal que sufren empresas y particulares, elaborando medidas que contribuyan a generar m\u00e1s riqueza y a reforzar la cohesi\u00f3n social.<\/strong><\/li>\n<\/ul>\n<p>El presidente de la patronal catalana, <strong>Josep S\u00e1nchez Llibre<\/strong>, ha presentado hoy los miembros del Grupo de expertos tributarios de Foment del Treball sobre la fiscalidad de Catalu\u00f1a, al que se ha referido como \u201cun G-50 que analizar\u00e1 la fiscalidad de los catalanes\u201d.<\/p>\n<p>La vicepresidenta de Foment, <strong>Virginia Guinda<\/strong>, ha explicado que la patronal decidi\u00f3 hace unos meses crear este grupo para combatir la excesiva carga fiscal que sufren empresas y particulares: \u201cQueremos ser m\u00e1s competitivos y contribuir a incrementar la generaci\u00f3n de riqueza y a reforzar la cohesi\u00f3n social\u201d. En este sentido, el consejero de la Presidencia de Foment, <strong>Manuel Silva<\/strong>, ha indicado que \u201cel objetivo que tenemos es hacer an\u00e1lisis y una propuesta sobre fiscalidad, sobre los impuestos propios que afectan a personas y empresas\u201d y ha avisado de que \u201cel debate fiscal no es un juego de suma cero\u201d, pidiendo rigor en la discusi\u00f3n de esta tem\u00e1tica.<\/p>\n<p>El abogado Silva ha avanzado que a pesar de que el grupo se autorregula se basar\u00e1 en cuatro \u00e1mbitos de actuaci\u00f3n:<\/p>\n<ol>\n<li>Hacer an\u00e1lisis de la fiscalidad general en Catalu\u00f1a, qu\u00e9 esfuerzo se hace y qu\u00e9 impacto tiene.<\/li>\n<li>Definir la relaci\u00f3n entre la Agencia Tributaria y los contribuyentes para mejorar su funcionamiento y como facilitar la defensa de los derechos contribuyentes. Con el an\u00e1lisis vendr\u00e1 una propuesta de medidas por cooperaci\u00f3n entre el contribuyente y la administraci\u00f3n para generar menos litigios.<\/li>\n<li>Tratar los impuestos cedidos en Catalu\u00f1a y tambi\u00e9n los propios cedidos. C\u00f3mo es el caso de los impuestos de tipos medioambientales, con los que \u201cestamos de acuerdo en el fondo, pero que tienen que poder convivir con actividad econ\u00f3mica\u201d, ha apuntado Silva. Tambi\u00e9n se revisar\u00e1n las tasas y el precios p\u00fablicos, como por ejemplo el canon del agua<\/li>\n<li>Estudiar la relaci\u00f3n entre el gasto p\u00fablico y los ingresos propios, ideas de mejor para ser m\u00e1s eficiente.<\/li>\n<\/ol>\n<p>Desde Fomento, ha explicado su presidente, \u201cconsideramos que los catalanes, familias y empresas, pagamos mucho mas impuestos que el resto de territorios espa\u00f1oles\u201d. S\u00e1nchez Llibre ha ido m\u00e1s all\u00e1 para decir que \u201clas familias y las empresas catalanas sufrimos un exceso de presi\u00f3n fiscal y pagamos muchos m\u00e1s impuestos que el resto de ciudadanos del Estado\u201d. El presidente de Fomento ha hecho un diagn\u00f3stico en el que el exceso de impuestos propios de la Generalitat no ayuda a la competitividad catalana, as\u00ed como \u201cla excesiva creatividad para hacer nuevos impuestos del Gobierno de la Generalitat, como se demuestra con el impuesto de grandes barcos que solo existe aqu\u00ed\u201d.<\/p>\n<p>La experta fiscal, Nuria Cabr\u00e9 ha expuesto la lista de casi cincuenta expertos en fiscalidad, poni\u00e9ndola en valor. En este sentido, Josep S\u00e1nchez Llibre, ha hecho referencia a este G-50 como un elemento dinamizador del debate fiscal al pa\u00eds y ha expuesto que en 8 meses habr\u00e1 las conclusiones. A banda, el presidente de Fomento ha a\u00f1adido que \u201cen las pr\u00f3ximas semanas podremos tener m\u00e1s incorporaciones\u201d.<\/p>\n<p>Sobre la motivaci\u00f3n del grupo, el presidente S\u00e1nchez Llibre, ha mantenido que \u201ctomamos esta iniciativa porque no vivimos aislados del resto de Europa ni de Espa\u00f1a, estamos en uno mi globalizado y siempre hemos defender una fiscalidad competitiva\u201d. En palabras del dirigente patronal catal\u00e1n la f\u00f3rmula es clara: \u201cHace falta una fiscalidad competitiva porque se pueda generar riqueza y redistribuir equitativamente para reforzar cohesi\u00f3n social\u201d.<\/p>\n<p>Haciendo una comparativa con una regi\u00f3n como Madrid se pone de manifiesto cierta desventaja: \u201cSi un catal\u00e1n compra una vivienda de segunda mano pagar\u00e1 de Impuesto de Transmisiones Patrimoniales un 65% m\u00e1s que un madrile\u00f1o\u201d, ha indicado el mismo S\u00e1nchez Llibre. Y en cuanto a tramos auton\u00f3micos del IRPF, los tipos m\u00ednimos son un 23,5% m\u00e1s en Catalu\u00f1a que en Madrid., y los tipos m\u00e1ximos son un 24,5% m\u00e1s por los catalanes que por los madrile\u00f1os.<\/p>\n<p><span style=\"color: #c1002b;\"><strong>Miembros del Grupo de expertos tributarios de Foment sobre la fiscalidad de Catalu\u00f1a<\/strong><\/span><\/p>\n<p><strong>Foment del Treball Nacional <\/strong><\/p>\n<p>Josep S\u00e1nchez Llibre, President<\/p>\n<p>Virginia Guinda, Vicepresidenta<\/p>\n<p>Xavier Pan\u00e9s, CECOT<\/p>\n<p>David Tornos, Secretari General<\/p>\n<p>Vicente Mart\u00ednez-Pujalte, Conseller de la Presid\u00e8ncia<\/p>\n<p>Manuel J. Silva, Conseller de la Presid\u00e8ncia<\/p>\n<p>Valent\u00ed Pich, President Comissi\u00f3 Economia i Fiscalitat<\/p>\n<p>Jordi Casas, Director Gabinet President<\/p>\n<p>Salvador Guillermo, Director Economia i Servei d&#8217;Estudis<\/p>\n<p>&nbsp;<\/p>\n<p><span style=\"color: #000000;\"><strong>Institut d&#8217;Estudis Estrat\u00e8gics &#8211; Foment del Treball <\/strong><\/span><\/p>\n<p>Jordi Alberich Llaveria, Vicepresident Coordinador<\/p>\n<p>&nbsp;<\/p>\n<p>Esther Amselem Amselem, Finances Globals i An\u00e0lisi de Tributs<\/p>\n<p>Ignacio Arbues Bote,\u00a0 \u00a0PwC<\/p>\n<p>Andreu Basseda Tous, A.Basseda &#8211; Economistas y Auditores<\/p>\n<p>David Bartrina, Il.tre Col.legi Oficial de Gestors Administratius de Catalunya<\/p>\n<p>N\u00faria Cabr\u00e9 Plana, Garrigues<\/p>\n<p>Pedro\u00a0 Cambas Puente, ETL Global ADD<\/p>\n<p>Luis Mar\u00eda Cazorla Prieto, Catedr\u00e0tic Dret Financer i Tributari -Advocat Estat -Lletrat Corts<\/p>\n<p>Juan Francisco Corona Ram\u00f3n, Catedr\u00e0tic Economia Aplicada -Rector H. Universitat Abat Oliva<\/p>\n<p>Josep Ma. Coronas Guinart, Coronas Advocats<\/p>\n<p>Ignacio Costa Cuatrecasas<\/p>\n<p>Juan Costa Climent, Ex Secretari d&#8217;Estat d&#8217;Economia i Hisenda. Ministre de Ci\u00e8ncia i Tecnologia. EY<\/p>\n<p>Gorka Crespo, EY (Ernst &amp; Young)<\/p>\n<p>Borja d&#8217;Abadal G\u00e1miz, Augusta Abogados<\/p>\n<p>Jordi de Juan Casadevall, Crowe Sapin<\/p>\n<p>Bruno Dom\u00ednguez Alonso, Baker Mckenzie<\/p>\n<p>Antoni Duran-Sindreu, Duran-Sindreu Asesores Legales<\/p>\n<p>Pilar Fern\u00e1ndez Bozal, Ex consellera de Just\u00edcia. Advocada de l&#8217;Estat<\/p>\n<p>Llu\u00eds Franco Sala, Pofessor T. Pol\u00edtica Econ\u00f3mica Universitat Barcelona<\/p>\n<p>Jacobo Garc\u00eda-Nieto Serratosa, GNL Russell Bedford<\/p>\n<p>Sergio Gonz\u00e1lez-Anta, KPMG<\/p>\n<p>Jorge Helbig, Veolia<\/p>\n<p>V\u00edctor Is\u00e1bal, Grant Thornton<\/p>\n<p>Carme Jover, Il.tre Col.legi d&#8217;Economistes de Catalunya<\/p>\n<p>Sergi Llagostera Xargay\u00f3, Advocat i President de l&#8217;Associaci\u00f3 de Propietaris de Catalunya<\/p>\n<p>Jos\u00e9 Alberto Marin, Il.tre Col.legi Notarial de Catalunya<\/p>\n<p>Fernando M\u00e9ndez, Il.tre Deganat dels Registradors de Catalunya<\/p>\n<p>Miguel Angel Morales, Ur\u00eda Men\u00e9ndez<\/p>\n<p>Enric Moret Plume, Roca Junyent<\/p>\n<p>Samuel Navarro Lorente, OBN<\/p>\n<p>Joan Francesc Pont Clemente, Catedr\u00e0tic Dret Financer i Tributari Univertitat Barcelona<\/p>\n<p>Esteban Ravent\u00f3s, Baker McKenzie<\/p>\n<p>Daniel Rioperez Losada, Osborne Clarke<\/p>\n<p>Joan-Ramon Rovira Homs, Cambra Comer\u00e7 Barcelona\/Consell General Cambres<\/p>\n<p>Jos\u00e9 Andr\u00e9s Rozas Vald\u00e9s, Catedr\u00e0tic Dret Financer i Tributari Universitat Barcelona<\/p>\n<p>Joan Antoni S\u00e1nchez Carret\u00e9, Expert Fiscalia<\/p>\n<p>Enrique\u00a0 Seoane, Deloitte[\/vc_column_text]<div class=\"flexslider wpb_content_element\"><ul class=\"slides\"><li><img src=\"https:\/\/www.foment.com\/wp-content\/uploads\/2023\/03\/photo1678188812-3.jpeg\" alt=\"\" \/><\/li><li><img src=\"https:\/\/www.foment.com\/wp-content\/uploads\/2023\/03\/photo1678188271-9.jpeg\" alt=\"\" \/><\/li><li><img src=\"https:\/\/www.foment.com\/wp-content\/uploads\/2023\/03\/photo1678188271-7.jpeg\" alt=\"\" \/><\/li><li><img src=\"https:\/\/www.foment.com\/wp-content\/uploads\/2023\/03\/photo1678188271-3.jpeg\" alt=\"\" \/><\/li><li><img src=\"https:\/\/www.foment.com\/wp-content\/uploads\/2023\/03\/photo1678188271.jpeg\" alt=\"\" \/><\/li><li><img src=\"https:\/\/www.foment.com\/wp-content\/uploads\/2023\/03\/photo1678188270-7.jpeg\" alt=\"\" \/><\/li><li><img src=\"https:\/\/www.foment.com\/wp-content\/uploads\/2023\/03\/photo1678188270-6.jpeg\" alt=\"\" \/><\/li><li><img src=\"https:\/\/www.foment.com\/wp-content\/uploads\/2023\/03\/photo1678188270-5.jpeg\" alt=\"\" \/><\/li><li><img src=\"https:\/\/www.foment.com\/wp-content\/uploads\/2023\/03\/photo1678188270-2.jpeg\" alt=\"\" \/><\/li><li><img src=\"https:\/\/www.foment.com\/wp-content\/uploads\/2023\/03\/photo1678188270-1.jpeg\" alt=\"\" \/><\/li><\/ul><\/div><div class=\"video-embed  wpb_content_element\"><iframe title=\"Foment constitueix el seu Grup d\u2019experts tributaris sobre la fiscalitat de Catalunya\" width=\"1161\" height=\"653\" src=\"https:\/\/www.youtube.com\/embed\/0itxbV5LNHU?feature=oembed\" frameborder=\"0\" allow=\"accelerometer; autoplay; clipboard-write; encrypted-media; gyroscope; picture-in-picture; web-share\" referrerpolicy=\"strict-origin-when-cross-origin\" allowfullscreen><\/iframe><\/div>[\/vc_column][\/vc_row]<\/p>\n<\/section>","protected":false},"excerpt":{"rendered":"<p>[vc_row][vc_column][vc_column_text] S\u00e1nchez Llibre ha resaltado que \u201clas familias y las empresas catalanas sufrimos un exceso de presi\u00f3n fiscal y pagamos muchos m\u00e1s impuestos que el resto de los ciudadanos del Estado\u201d. Con esta iniciativa Foment quiere combatir la excesiva carga fiscal que sufren empresas y particulares, elaborando medidas que contribuyan a generar m\u00e1s riqueza y a reforzar la cohesi\u00f3n social. El presidente de la patronal catalana, Josep S\u00e1nchez Llibre, ha presentado hoy los miembros del Grupo de expertos tributarios de Foment del Treball sobre la fiscalidad de Catalu\u00f1a, al que se ha referido como \u201cun G-50 que analizar\u00e1 la fiscalidad de los catalanes\u201d. La vicepresidenta de Foment, Virginia Guinda, ha explicado que la patronal decidi\u00f3 hace unos meses crear este grupo para combatir la excesiva carga fiscal que sufren empresas y particulares: \u201cQueremos ser m\u00e1s competitivos y contribuir a incrementar la generaci\u00f3n de riqueza y a reforzar la cohesi\u00f3n social\u201d. En este sentido, el consejero de la Presidencia de Foment, Manuel Silva, ha indicado que \u201cel objetivo que tenemos es hacer an\u00e1lisis y una propuesta sobre fiscalidad, sobre los impuestos propios que afectan a personas y empresas\u201d y ha avisado de que \u201cel debate fiscal no es un juego de [&hellip;]<\/p>\n","protected":false},"author":10,"featured_media":159081,"comment_status":"closed","ping_status":"closed","sticky":false,"template":"","format":"standard","meta":{"_links_to":"","_links_to_target":""},"categories":[114,69,5714],"tags":[7575,1730,7576],"acf":[],"wps_subtitle":"","_links":{"self":[{"href":"https:\/\/www.foment.com\/es\/wp-json\/wp\/v2\/posts\/159113"}],"collection":[{"href":"https:\/\/www.foment.com\/es\/wp-json\/wp\/v2\/posts"}],"about":[{"href":"https:\/\/www.foment.com\/es\/wp-json\/wp\/v2\/types\/post"}],"author":[{"embeddable":true,"href":"https:\/\/www.foment.com\/es\/wp-json\/wp\/v2\/users\/10"}],"replies":[{"embeddable":true,"href":"https:\/\/www.foment.com\/es\/wp-json\/wp\/v2\/comments?post=159113"}],"version-history":[{"count":3,"href":"https:\/\/www.foment.com\/es\/wp-json\/wp\/v2\/posts\/159113\/revisions"}],"predecessor-version":[{"id":159211,"href":"https:\/\/www.foment.com\/es\/wp-json\/wp\/v2\/posts\/159113\/revisions\/159211"}],"wp:featuredmedia":[{"embeddable":true,"href":"https:\/\/www.foment.com\/es\/wp-json\/wp\/v2\/media\/159081"}],"wp:attachment":[{"href":"https:\/\/www.foment.com\/es\/wp-json\/wp\/v2\/media?parent=159113"}],"wp:term":[{"taxonomy":"category","embeddable":true,"href":"https:\/\/www.foment.com\/es\/wp-json\/wp\/v2\/categories?post=159113"},{"taxonomy":"post_tag","embeddable":true,"href":"https:\/\/www.foment.com\/es\/wp-json\/wp\/v2\/tags?post=159113"}],"curies":[{"name":"wp","href":"https:\/\/api.w.org\/{rel}","templated":true}]}}