{"id":159582,"date":"2023-03-14T12:34:08","date_gmt":"2023-03-14T11:34:08","guid":{"rendered":"https:\/\/www.foment.com\/?p=159582"},"modified":"2023-03-14T12:34:08","modified_gmt":"2023-03-14T11:34:08","slug":"inflacion-febrero-mantiene-similar-enero","status":"publish","type":"post","link":"https:\/\/www.foment.com\/es\/inflacion-febrero-mantiene-similar-enero\/","title":{"rendered":"La inflaci\u00f3n en febrero se mantiene similar a la de enero en un escenario de incertidumbre persistente"},"content":{"rendered":"<ul>\n<li><strong>Es fundamental no alentar efectos de segunda ronda y permitir que las medidas adoptadas para la contenci\u00f3n del precio de determinadas partidas acaben de trasladarse al nivel de precios general.<\/strong><\/li>\n<\/ul>\n<p><strong>El IPC de febrero registr\u00f3 una variaci\u00f3n anual de 6,0%, en Espa\u00f1a y, en Catalu\u00f1a, de 5,6%<\/strong>, lo que implica un ligero aumento respecto al mes anterior. En este sentido, el dato final (para el conjunto de Espa\u00f1a) ha resultado inferior al avance publicado a fines de enero, del 6,1%.<\/p>\n<p>En la inflaci\u00f3n de febrero destacan, como principal influencia al alza en el IPC del conjunto de Espa\u00f1a, el <strong>aumento de los precios de vivienda, alimentos y bebidas no alcoh\u00f3licas, ocio y cultura, as\u00ed como vestido y calzado<\/strong>.<\/p>\n<p>En el contexto actual, es importante destacar que el elevado nivel de inflaci\u00f3n registrado en el verano de 2022 ha quedado atr\u00e1s, cuando se observaron incrementos de precios del 10%. <strong>Es fundamental, en estos momentos, no alentar efectos de segunda ronda y permitir que las medidas adoptadas para la contenci\u00f3n del precio de determinadas partidas, as\u00ed como la actual moderaci\u00f3n del precio de algunas materias primas y de la energ\u00eda, acaben de trasladarse al nivel de precios general. <\/strong><\/p>\n<p>Cabe recordar que el Banco Central Europeo, como tambi\u00e9n las principales autoridades monetarias internacionales, han iniciado el a\u00f1o pasado un <strong>proceso de incremento de los tipos de inter\u00e9s de referencia muy determinado para reconducir la inflaci\u00f3n a la senda el 2,0%<\/strong>, establecida como objetivo de estabilidad de la pol\u00edtica monetaria.<\/p>\n<p><strong>Como consecuencia han aumentado sensiblemente tipos de referencia como el Euribor, por ejemplo, que ha subido aproximadamente 4 puntos respecto a los valores de hace un a\u00f1o<\/strong>\u00a0\u00a0\u00a0\u00a0\u00a0\u00a0\u00a0\u00a0\u00a0\u00a0 (-0,335% en febrero de 2022 frente a +3,534% de febrero de 2023). Ello <strong>repercutir\u00e1 al contener la demanda agregada a trav\u00e9s de la moderaci\u00f3n del consumo y de la inversi\u00f3n para frenar la escalada de los precios del a\u00f1o pasado<\/strong>. As\u00ed, como se\u00f1al\u00e1ramos en el Informe de Coyuntura de marzo, ya se comienza a observar una moderaci\u00f3n del cr\u00e9dito bancario a empresas, tanto del <em>stock<\/em> como de las nuevas operaciones.<\/p>\n<p><strong>Las previsiones que hace la Comisi\u00f3n Europea para Espa\u00f1a indican una sustancial reducci\u00f3n de los niveles de inflaci\u00f3n<\/strong>: 4,4% para el ejercicio 2023 y ya muy pr\u00f3ximos al 2,0% en el 2024.<\/p>\n<p>&nbsp;<\/p>\n<p><a href=\"https:\/\/www.foment.com\/wp-content\/uploads\/2023\/03\/IPC-cast-1.png\"><img loading=\"lazy\" class=\"alignright size-full wp-image-159587\" src=\"https:\/\/www.foment.com\/wp-content\/uploads\/2023\/03\/IPC-cast-1.png\" alt=\"\" width=\"2016\" height=\"1107\" srcset=\"https:\/\/www.foment.com\/wp-content\/uploads\/2023\/03\/IPC-cast-1.png 2016w, https:\/\/www.foment.com\/wp-content\/uploads\/2023\/03\/IPC-cast-1-300x165.png 300w, https:\/\/www.foment.com\/wp-content\/uploads\/2023\/03\/IPC-cast-1-1024x562.png 1024w, https:\/\/www.foment.com\/wp-content\/uploads\/2023\/03\/IPC-cast-1-768x422.png 768w, https:\/\/www.foment.com\/wp-content\/uploads\/2023\/03\/IPC-cast-1-1536x843.png 1536w\" sizes=\"(max-width: 2016px) 100vw, 2016px\" \/><\/a><\/p>\n<p>&nbsp;<\/p>\n<p>Por otra parte, la inflaci\u00f3n subyacente (\u00edndice general sin alimentos no elaborados ni productos energ\u00e9ticos) aument\u00f3 una d\u00e9cima m\u00e1s hasta el 7,6%. Consideramos que de la misma manera que el fuerte incremento de los precios ha implicado un rezago al trasladarse a la inflaci\u00f3n subyacente, el menor ritmo de avance en la inflaci\u00f3n general eventualmente se trasladar\u00e1 a la subyacente.<\/p>\n<p>Asimismo, el indicador de inflaci\u00f3n armonizado (IPCA) \u2013que permite realizar una comparaci\u00f3n con la evoluci\u00f3n de los precios en la Eurozona\u2013 se situ\u00f3 en el 6,0%, 1,5 puntos por debajo de la inflaci\u00f3n de la Uni\u00f3n Monetaria (+8,5%).<\/p>\n<p>Desde el mes de marzo de 2021 hasta agosto de 2022, la inflaci\u00f3n en Espa\u00f1a fue superior a la de la zona euro, lo que implicaba un detrimento en t\u00e9rminos de competitividad para la econom\u00eda espa\u00f1ola, pero desde agosto esta tendencia se ha revertido.<\/p>\n<p>Adem\u00e1s, si comparamos la evoluci\u00f3n de la inflaci\u00f3n en Espa\u00f1a con la de la Eurozona, la reducci\u00f3n ha sido sustancialmente m\u00e1s importante en el caso espa\u00f1ol.<\/p>\n<p>&nbsp;<\/p>\n<p><a href=\"https:\/\/www.foment.com\/wp-content\/uploads\/2023\/03\/IPC-cast-2.png\"><img loading=\"lazy\" class=\"alignright size-full wp-image-159594\" src=\"https:\/\/www.foment.com\/wp-content\/uploads\/2023\/03\/IPC-cast-2.png\" alt=\"\" width=\"2016\" height=\"1107\" srcset=\"https:\/\/www.foment.com\/wp-content\/uploads\/2023\/03\/IPC-cast-2.png 2016w, https:\/\/www.foment.com\/wp-content\/uploads\/2023\/03\/IPC-cast-2-300x165.png 300w, https:\/\/www.foment.com\/wp-content\/uploads\/2023\/03\/IPC-cast-2-1024x562.png 1024w, https:\/\/www.foment.com\/wp-content\/uploads\/2023\/03\/IPC-cast-2-768x422.png 768w, https:\/\/www.foment.com\/wp-content\/uploads\/2023\/03\/IPC-cast-2-1536x843.png 1536w\" sizes=\"(max-width: 2016px) 100vw, 2016px\" \/><\/a><\/p>\n","protected":false},"excerpt":{"rendered":"<p>Es fundamental no alentar efectos de segunda ronda y permitir que las medidas adoptadas para la contenci\u00f3n del precio de determinadas partidas acaben de trasladarse al nivel de precios general. El IPC de febrero registr\u00f3 una variaci\u00f3n anual de 6,0%, en Espa\u00f1a y, en Catalu\u00f1a, de 5,6%, lo que implica un ligero aumento respecto al mes anterior. En este sentido, el dato final (para el conjunto de Espa\u00f1a) ha resultado inferior al avance publicado a fines de enero, del 6,1%. En la inflaci\u00f3n de febrero destacan, como principal influencia al alza en el IPC del conjunto de Espa\u00f1a, el aumento de los precios de vivienda, alimentos y bebidas no alcoh\u00f3licas, ocio y cultura, as\u00ed como vestido y calzado. En el contexto actual, es importante destacar que el elevado nivel de inflaci\u00f3n registrado en el verano de 2022 ha quedado atr\u00e1s, cuando se observaron incrementos de precios del 10%. Es fundamental, en estos momentos, no alentar efectos de segunda ronda y permitir que las medidas adoptadas para la contenci\u00f3n del precio de determinadas partidas, as\u00ed como la actual moderaci\u00f3n del precio de algunas materias primas y de la energ\u00eda, acaben de trasladarse al nivel de precios general. Cabe recordar que el [&hellip;]<\/p>\n","protected":false},"author":281,"featured_media":159576,"comment_status":"closed","ping_status":"closed","sticky":false,"template":"","format":"standard","meta":{"_links_to":"","_links_to_target":""},"categories":[114,69,5714],"tags":[1891,6135,1088],"acf":[],"wps_subtitle":"","_links":{"self":[{"href":"https:\/\/www.foment.com\/es\/wp-json\/wp\/v2\/posts\/159582"}],"collection":[{"href":"https:\/\/www.foment.com\/es\/wp-json\/wp\/v2\/posts"}],"about":[{"href":"https:\/\/www.foment.com\/es\/wp-json\/wp\/v2\/types\/post"}],"author":[{"embeddable":true,"href":"https:\/\/www.foment.com\/es\/wp-json\/wp\/v2\/users\/281"}],"replies":[{"embeddable":true,"href":"https:\/\/www.foment.com\/es\/wp-json\/wp\/v2\/comments?post=159582"}],"version-history":[{"count":6,"href":"https:\/\/www.foment.com\/es\/wp-json\/wp\/v2\/posts\/159582\/revisions"}],"predecessor-version":[{"id":159598,"href":"https:\/\/www.foment.com\/es\/wp-json\/wp\/v2\/posts\/159582\/revisions\/159598"}],"wp:featuredmedia":[{"embeddable":true,"href":"https:\/\/www.foment.com\/es\/wp-json\/wp\/v2\/media\/159576"}],"wp:attachment":[{"href":"https:\/\/www.foment.com\/es\/wp-json\/wp\/v2\/media?parent=159582"}],"wp:term":[{"taxonomy":"category","embeddable":true,"href":"https:\/\/www.foment.com\/es\/wp-json\/wp\/v2\/categories?post=159582"},{"taxonomy":"post_tag","embeddable":true,"href":"https:\/\/www.foment.com\/es\/wp-json\/wp\/v2\/tags?post=159582"}],"curies":[{"name":"wp","href":"https:\/\/api.w.org\/{rel}","templated":true}]}}