{"id":160110,"date":"2023-03-27T09:00:50","date_gmt":"2023-03-27T07:00:50","guid":{"rendered":"https:\/\/www.foment.com\/?p=160110"},"modified":"2023-03-24T14:12:54","modified_gmt":"2023-03-24T13:12:54","slug":"banco-santander-y-fomento-firman-acuerdo-promover-internacionalizacion-pymes","status":"publish","type":"post","link":"https:\/\/www.foment.com\/es\/banco-santander-y-fomento-firman-acuerdo-promover-internacionalizacion-pymes\/","title":{"rendered":"Banco Santander y Fomento firman un acuerdo para promover la internacionalizaci\u00f3n de las pymes"},"content":{"rendered":"<ul>\n<li><strong>La patronal y la entidad financiera se comprometen a organizar actividades con programas espec\u00edficos que faciliten a las empresas, en especial las pymes, el acceso a nuevos mercados.<\/strong><\/li>\n<li><strong>A\u00a0trav\u00e9s del Marketplace de Fomento se pondr\u00e1 al alcance de sus socios una oferta financiera y de servicios del Banco Santander exclusiva para ellos.<\/strong><\/li>\n<\/ul>\n<p>Banco Santander y Fomento del Trabajo han firmado hoy un <strong>convenio de colaboraci\u00f3n para promocionar la actividad exportadora de las empresas, en especial las pymes.<\/strong> El secretario general de Fomento, David Tornos, y el director de Instituciones Territorial Catalu\u00f1a de Banco Santander, <strong>Xavier Ca\u00f1ad\u00f3<\/strong>, han rubricado este acuerdo que tiene por objetivo <strong>potenciar las posibilidades de crecimiento e internacionalizaci\u00f3n del tejido empresarial catal\u00e1n.<\/strong><\/p>\n<p>Mediante este convenio, ambas organizaciones se proponen <strong>acompa\u00f1ar las empresas en su proceso de internacionalizaci\u00f3n<\/strong>, con la organizaci\u00f3n de programas de iniciaci\u00f3n para la apertura de nuevos mercados y de misiones empresariales.<\/p>\n<p>El banco reafirma as\u00ed su <strong>apuesta por la recuperaci\u00f3n de las peque\u00f1as y medianas empresas<\/strong>, y pose al alcance de estas compa\u00f1\u00edas las herramientas y los servicios necesarios para contribuir al impulso de su actividad.<\/p>\n<p>Adem\u00e1s, el acuerdo tambi\u00e9n establece que a trav\u00e9s del <a href=\"https:\/\/www.foment.com\/es\/marketplace\/\">Marketplace<\/a> de Fomento <strong>los socios podr\u00e1n consultar la oferta financiera y de servicios que el Banco Santander pondr\u00e1 a su disposici\u00f3n.<\/strong><\/p>\n<p>Santander financi\u00f3 lo negocio internacional de las empresas catalanas cono 5.600 millones \u20ac en 2022, un 26% m\u00e1s que el a\u00f1o anterior. Este apoyo se ha dirigido tanto a aquellas empresas que han desarrollado su actividad importadora\/exportadora desde Espa\u00f1a, como a las que han hecho crecer sus negocios en el exterior, mediante subsidiarias o filiales fuera de nuestras fronteras. En este sentido, la financiaci\u00f3n de las importaciones, los anticipos de exportaciones y las solucionas de factoring y el confirming internacional han sido algunos de los productos m\u00e1s demandados miedo las pymes a lo largo del a\u00f1o. 24.000 clientas empresas catalanas realizan ya su actividad de comercio exterior cono Santander.<\/p>\n","protected":false},"excerpt":{"rendered":"<p>La patronal y la entidad financiera se comprometen a organizar actividades con programas espec\u00edficos que faciliten a las empresas, en especial las pymes, el acceso a nuevos mercados. A\u00a0trav\u00e9s del Marketplace de Fomento se pondr\u00e1 al alcance de sus socios una oferta financiera y de servicios del Banco Santander exclusiva para ellos. Banco Santander y Fomento del Trabajo han firmado hoy un convenio de colaboraci\u00f3n para promocionar la actividad exportadora de las empresas, en especial las pymes. El secretario general de Fomento, David Tornos, y el director de Instituciones Territorial Catalu\u00f1a de Banco Santander, Xavier Ca\u00f1ad\u00f3, han rubricado este acuerdo que tiene por objetivo potenciar las posibilidades de crecimiento e internacionalizaci\u00f3n del tejido empresarial catal\u00e1n. Mediante este convenio, ambas organizaciones se proponen acompa\u00f1ar las empresas en su proceso de internacionalizaci\u00f3n, con la organizaci\u00f3n de programas de iniciaci\u00f3n para la apertura de nuevos mercados y de misiones empresariales. El banco reafirma as\u00ed su apuesta por la recuperaci\u00f3n de las peque\u00f1as y medianas empresas, y pose al alcance de estas compa\u00f1\u00edas las herramientas y los servicios necesarios para contribuir al impulso de su actividad. Adem\u00e1s, el acuerdo tambi\u00e9n establece que a trav\u00e9s del Marketplace de Fomento los socios podr\u00e1n consultar la oferta [&hellip;]<\/p>\n","protected":false},"author":281,"featured_media":160106,"comment_status":"closed","ping_status":"closed","sticky":false,"template":"","format":"standard","meta":{"_links_to":"","_links_to_target":""},"categories":[114,68,72,5714],"tags":[5734,570,4070,7147,7346,307,1562,1570,270,230,2337,906,4720,1254,3314],"acf":[],"wps_subtitle":"","_links":{"self":[{"href":"https:\/\/www.foment.com\/es\/wp-json\/wp\/v2\/posts\/160110"}],"collection":[{"href":"https:\/\/www.foment.com\/es\/wp-json\/wp\/v2\/posts"}],"about":[{"href":"https:\/\/www.foment.com\/es\/wp-json\/wp\/v2\/types\/post"}],"author":[{"embeddable":true,"href":"https:\/\/www.foment.com\/es\/wp-json\/wp\/v2\/users\/281"}],"replies":[{"embeddable":true,"href":"https:\/\/www.foment.com\/es\/wp-json\/wp\/v2\/comments?post=160110"}],"version-history":[{"count":5,"href":"https:\/\/www.foment.com\/es\/wp-json\/wp\/v2\/posts\/160110\/revisions"}],"predecessor-version":[{"id":160127,"href":"https:\/\/www.foment.com\/es\/wp-json\/wp\/v2\/posts\/160110\/revisions\/160127"}],"wp:featuredmedia":[{"embeddable":true,"href":"https:\/\/www.foment.com\/es\/wp-json\/wp\/v2\/media\/160106"}],"wp:attachment":[{"href":"https:\/\/www.foment.com\/es\/wp-json\/wp\/v2\/media?parent=160110"}],"wp:term":[{"taxonomy":"category","embeddable":true,"href":"https:\/\/www.foment.com\/es\/wp-json\/wp\/v2\/categories?post=160110"},{"taxonomy":"post_tag","embeddable":true,"href":"https:\/\/www.foment.com\/es\/wp-json\/wp\/v2\/tags?post=160110"}],"curies":[{"name":"wp","href":"https:\/\/api.w.org\/{rel}","templated":true}]}}