{"id":160388,"date":"2023-03-28T13:39:02","date_gmt":"2023-03-28T11:39:02","guid":{"rendered":"https:\/\/www.foment.com\/consellers-presidencia-reuneixen-valorar-situacio-economica-i-social\/"},"modified":"2023-03-28T13:41:41","modified_gmt":"2023-03-28T11:41:41","slug":"consellers-presidencia-reuneixen-valorar-situacio-economica-i-social","status":"publish","type":"post","link":"https:\/\/www.foment.com\/es\/consellers-presidencia-reuneixen-valorar-situacio-economica-i-social\/","title":{"rendered":"Los consejeros de la Presidencia se re\u00fanen para valorar la situaci\u00f3n econ\u00f3mica y social"},"content":{"rendered":"<ul>\n<li><strong>Esta reuni\u00f3n se circunscribe en la acci\u00f3n habitual de los asesores del presidente S\u00e1nchez Llibre.<\/strong><\/li>\n<\/ul>\n<p><strong>Los consejeros de la Presidencia se han reunido en la sede de Foment del Treball <\/strong>para intercambiar impresiones y valorar la situaci\u00f3n econ\u00f3mica y social actual con el presidente de la patronal catalana, Josep S\u00e1nchez Llibre.<\/p>\n<p>La funci\u00f3n de los consejeros de Presidencia es, como asesores, hacer propuestas concretas al presidente de Foment, y este encuentro obedece a esta normalidad. Se trata de una tarea que no comporta ninguna retribuci\u00f3n econ\u00f3mica. <strong>Los diversos perfiles de los consejeros y consejeras ayudan a la patronal en la defensa de los intereses empresariales<\/strong> \u2014de grandes, medianos, aut\u00f3nomos y peque\u00f1os\u2014 ante las administraciones y los reguladores.<\/p>\n<p>Los consejeros de la Presidencia son:<\/p>\n<ul>\n<li>Marta Angerri<\/li>\n<li>Elsa Artadi<\/li>\n<li>Valeriano G\u00f3mez S\u00e1nchez<\/li>\n<li>Josep Ma. Guinart i Sol\u00e0<\/li>\n<li>Toni Isac<\/li>\n<li>Enrique Lacalle<\/li>\n<li>Vicente Mart\u00ednez-Pujalte<\/li>\n<li>Carles Mund\u00f3<\/li>\n<li>Laura Pellis\u00e9<\/li>\n<li>Alex S\u00e1ez Jubero<\/li>\n<li>Manel J. Silva S\u00e1nchez<\/li>\n<li>Carles Mund\u00f3<\/li>\n<\/ul>\n","protected":false},"excerpt":{"rendered":"<p>Esta reuni\u00f3n se circunscribe en la acci\u00f3n habitual de los asesores del presidente S\u00e1nchez Llibre. Los consejeros de la Presidencia se han reunido en la sede de Foment del Treball para intercambiar impresiones y valorar la situaci\u00f3n econ\u00f3mica y social actual con el presidente de la patronal catalana, Josep S\u00e1nchez Llibre. La funci\u00f3n de los consejeros de Presidencia es, como asesores, hacer propuestas concretas al presidente de Foment, y este encuentro obedece a esta normalidad. Se trata de una tarea que no comporta ninguna retribuci\u00f3n econ\u00f3mica. Los diversos perfiles de los consejeros y consejeras ayudan a la patronal en la defensa de los intereses empresariales \u2014de grandes, medianos, aut\u00f3nomos y peque\u00f1os\u2014 ante las administraciones y los reguladores. Los consejeros de la Presidencia son: Marta Angerri Elsa Artadi Valeriano G\u00f3mez S\u00e1nchez Josep Ma. Guinart i Sol\u00e0 Toni Isac Enrique Lacalle Vicente Mart\u00ednez-Pujalte Carles Mund\u00f3 Laura Pellis\u00e9 Alex S\u00e1ez Jubero Manel J. Silva S\u00e1nchez Carles Mund\u00f3<\/p>\n","protected":false},"author":10,"featured_media":160386,"comment_status":"closed","ping_status":"closed","sticky":false,"template":"","format":"standard","meta":{"_links_to":"","_links_to_target":""},"categories":[114,68,5714],"tags":[7622,7621,1720,7619,7620,1718],"acf":[],"wps_subtitle":"","_links":{"self":[{"href":"https:\/\/www.foment.com\/es\/wp-json\/wp\/v2\/posts\/160388"}],"collection":[{"href":"https:\/\/www.foment.com\/es\/wp-json\/wp\/v2\/posts"}],"about":[{"href":"https:\/\/www.foment.com\/es\/wp-json\/wp\/v2\/types\/post"}],"author":[{"embeddable":true,"href":"https:\/\/www.foment.com\/es\/wp-json\/wp\/v2\/users\/10"}],"replies":[{"embeddable":true,"href":"https:\/\/www.foment.com\/es\/wp-json\/wp\/v2\/comments?post=160388"}],"version-history":[{"count":2,"href":"https:\/\/www.foment.com\/es\/wp-json\/wp\/v2\/posts\/160388\/revisions"}],"predecessor-version":[{"id":160390,"href":"https:\/\/www.foment.com\/es\/wp-json\/wp\/v2\/posts\/160388\/revisions\/160390"}],"wp:featuredmedia":[{"embeddable":true,"href":"https:\/\/www.foment.com\/es\/wp-json\/wp\/v2\/media\/160386"}],"wp:attachment":[{"href":"https:\/\/www.foment.com\/es\/wp-json\/wp\/v2\/media?parent=160388"}],"wp:term":[{"taxonomy":"category","embeddable":true,"href":"https:\/\/www.foment.com\/es\/wp-json\/wp\/v2\/categories?post=160388"},{"taxonomy":"post_tag","embeddable":true,"href":"https:\/\/www.foment.com\/es\/wp-json\/wp\/v2\/tags?post=160388"}],"curies":[{"name":"wp","href":"https:\/\/api.w.org\/{rel}","templated":true}]}}