{"id":16260,"date":"2011-10-07T09:00:49","date_gmt":"2011-10-07T07:00:49","guid":{"rendered":"http:\/\/foment.itartech.com\/?p=16260"},"modified":"2016-09-28T15:06:57","modified_gmt":"2016-09-28T13:06:57","slug":"foment-distingue-isidre-faine-la-medalla-honor-empresario-del-ano","status":"publish","type":"post","link":"https:\/\/www.foment.com\/es\/foment-distingue-isidre-faine-la-medalla-honor-empresario-del-ano\/","title":{"rendered":"Foment distingue a Isidre Fain\u00e9 con la Medalla de Honor como Empresario del A\u00f1o"},"content":{"rendered":"<section class=\"wpb-content-wrapper\"><p>[vc_row][vc_column width=\u00bb1\/1&#8243;][vc_column_text]Foment del Treball ha distinguido Isidre Fain\u00e9 como Empresario del A\u00f1o y le ha otorgado la Medalla d&#8217;Honor de la patronal. Con \u00e9ste distinci\u00f3n, Foment reconoce a Fain\u00e9 \u201csu papel clave en el proceso de reestructuraci\u00f3n del sector de las cajas de ahorro y por ser el art\u00edfice de la reorganizaci\u00f3n del Grupo \u201cla Caixa\u201d y el nacimiento de CaixaBank\u201d.<\/p>\n<p>Por otro lado, la patronal catalana ha distinguido tambi\u00e9n a Jos\u00e9 Ferrer con una Medalla de Honor por su trayectoria empresarial al frente del Grupo Freixenet, en el cual destaca por \u201cser el impulsor del proceso de modernizaci\u00f3n del grupo Freixenet que a partir de los a\u00f1os 60 ha llevado a la empresa a ser l\u00edder mundial en vinos espumosos de calidad\u201d. Se trata de la IV edici\u00f3n de las Medallas de Honor y Premios Carles Ferrer Salat, que Foment del Treball convoca de manera anual.<\/p>\n<p>La patronal catalana entrega ma\u00f1ana viernes 7 de octubre las Medallas de Honor y los Premios Carles Ferrer Salat con los que quiere reconocer a los empresarios, empresas y entidades que hayan sobresalido en su actividad. El acto, que se llevar\u00e1 a cabo en la sala oval del MNAC a partir de las 20 horas, contar\u00e1 con la presencia como invitados de honor del presidente de la Generalitat,Artur Mas, del secretario general de la Uni\u00f3n por el Mediterr\u00e1neo, Youssef Amrani, y del presidente de la CEOE, Juan Rosell.<\/p>\n<p>El jurado de la presente edici\u00f3n de las Medallas y Premios de Foment ha acordado distinguir mediante cuatro premios a las categor\u00edas de Internacionalizaci\u00f3n, I+D+i, Medio Ambiente y Empresario de Futuro, respectivamente a:<\/p>\n<ul>\n<li>Grifols (Internacionalizaci\u00f3n)<\/li>\n<li><span lang=\"EN-US\">Semillas Fit\u00f3<\/span><span lang=\"EN-US\"> (I+D+i)<\/span><\/li>\n<li>Industrias Titan (Medio Ambiente)<\/li>\n<li>Tom\u00e1s Diago Esteva (Empresario de Futuro)<\/li>\n<\/ul>\n<p>&nbsp;<\/p>\n<p>Han formado parte del jurado de la edici\u00f3n de este a\u00f1o: el presidente de la Cambra de Comer\u00e7 de Barcelona, Miquel Valls; el presidente del Cercle d\u2019Economia, Josep Piqu\u00e9; el presidente del RACC,Sebasti\u00e0 Salvad\u00f3; el presidente del Institut Agr\u00edcola Catal\u00e0 de Sant Isidre, Baldiri Ros; el presidente de la Societat Econ\u00f2mica Barcelonesa d\u2019Amics del Pa\u00eds, Miquel Roca; el president del Ateneu Barcelon\u00e8s, Francesc Cabana; el presidente de la Asociaci\u00f3n Espa\u00f1ola de Directivos, Pau Herrera; el presidente de Fepime, Eusebi Cima; i el presidente de Foment del Treball, Joaquim Gay de Montell\u00e0.<\/p>\n<p>&nbsp;<\/p>\n<h3><strong>Medallas de Honor<\/strong><\/h3>\n<p>Con la concesi\u00f3n de la Medalla d&#8217;Honor como Empresario del A\u00f1o a Isidre Fain\u00e9, se reconoce el empe\u00f1o decisivo del empresario catal\u00e1n para que el nuevo marco regulatorio de las cajas propicie el mantenimiento de sus se\u00f1as de identidad: la orientaci\u00f3n del negocio hacia la financiaci\u00f3n de las familias y las pymes, la lucha contra la exclusi\u00f3n financiera y, por encima de todo, la Obra Social. A lo largo de su trayectoria, Isidre Fain\u00e9 ha demostrado su capacidad de liderazgo, con criterio propio, actitud, compromiso personal, responsabilidad y liderazgo.<\/p>\n<p>De la concesi\u00f3n de la Medalla d&#8217;Honor por la Trayectoria Empresarial para Jos\u00e9 Ferrer, destaca toda una vida dedicada al crecimiento de la empresa familiar y la apuesta decidida por la responsabilidad social de la empresa al colaborar con numerosos mecenazgos sociales, culturales, medioambientales y en el fomento de la innovaci\u00f3n.<\/p>\n<p>&nbsp;<\/p>\n<h3><strong>Premios Carles Ferrer Salat<\/strong><\/h3>\n<p>El premio a la Internacionalizaci\u00f3n ha reconocido en Grifols su apuesta para consolidar su liderazgo mundial como productor de hemoderivados con la importante compra de Talecris Biotherapeutics. Grifols apuesta por fortalecer su posici\u00f3n en los mercados exteriores y contribuir, a su vez, a la internacionalizaci\u00f3n de la econom\u00eda. Grifols ha mantenido desde 1988 la implantaci\u00f3n de un sistema de producci\u00f3n global dirigido a garantizar la seguridad y la eficacia de sus productos, que actualmente comercializa en todo el mundo a trav\u00e9s de sus filiales implantadas en una veintena de pa\u00edses de Europa, Asia, Ocean\u00eda y Am\u00e9rica.<\/p>\n<p>Asimismo, al otorgar el premio de Empresario de Futuro a Tom\u00e1s Diago, se le reconoce que siendo menor de 40 a\u00f1os haya iniciado un proyecto relevante con \u00e9xito en el mercado como ha sido la empresa Softonic, que naci\u00f3 en 1997 como proyecto de fin de carrera. Hoy, Softonic, con sede en Barcelona, tiene delegaciones en Madrid, San Francisco, Shangh\u00e1i y Tokio y ofrece m\u00e1s de 160.000 programas para descarga, con una facturaci\u00f3n de 32 millones de euros al a\u00f1o y que da trabajo a 250 personas.<\/p>\n<p>El premio en Medio Ambiente para Industrias Titan reconoce el esfuerzo importante que ha hecho la compa\u00f1\u00eda en los \u00faltimos a\u00f1os para poner en el mercado la L\u00ednea Verde Ecol\u00f3gica para adaptarse a la Directiva europea que regula la emisi\u00f3n de compuestos org\u00e1nicos vol\u00e1tiles y que ha entrado en vigor recientemente. Industrias Titan, con cerca de 100 a\u00f1os de historia, mantiene una pol\u00edtica importante de cuidado del medio ambiente con un esfuerzo especial en la investigaci\u00f3n, en la selecci\u00f3n de materias primas y en la implementaci\u00f3n de procesos productivos eficientes y limpios con la minimizaci\u00f3n de residuos.<\/p>\n<p>Finalmente, el premio en I+D+i, concedido a Semillas Fit\u00f3, reconoce a una empresa con m\u00e1s de 130 a\u00f1os de historia que se mantiene a la vanguardia mundial en investigaci\u00f3n, por lo que es l\u00edder en el mercado mediterr\u00e1neo. Destaca todo su esfuerzo en la mejora varietal, con innovaciones desarrolladas en sus centros de investigaci\u00f3n y ensayadas en sus campos experimentales para constatar su adaptabilidad y su comportamiento. Desde los a\u00f1os 70, Fit\u00f3 ha destacado por su esfuerzo en la investigaci\u00f3n, al ser los pioneros en el desarrollo en Espa\u00f1a de los primeros h\u00edbridos en variedades de frutas y hortalizas y al incorporar la biotecnolog\u00eda en los procesos de mejora y control de calidad.<\/p>\n<p>&nbsp;<\/p>\n<h3><strong>Los valores de Ferrer Salat<\/strong><\/h3>\n<p>Con la instituci\u00f3n de sus premios anuales, Foment del Treball quiere reconocer y agradecer el esfuerzo y la determinaci\u00f3n de empresarios liberales, abiertos y defensores del conocimiento y del di\u00e1logo, como lo fue Carles Ferrer Salat. Brillante empresario catal\u00e1n, Ferrer Salat fue presidente de Foment en el momento del renacimiento de la patronal catalana con la llegada de la democracia: a la vez, fue tambi\u00e9n presidente fundador de la patronal espa\u00f1ola CEOE y posteriormente presidente de la grande patronal europea UNICE, hoy llamada Business Europe.<\/p>\n<p>Unos valores, los que representa Carles Ferrer Salat, que identifican plenamente a los de Foment del Treball: la patronal catalana, la organizaci\u00f3n empresarial m\u00e1s antigua de Europa con 240 a\u00f1os de historia, que ha encarnado el entusiasmo de catalanes emprendedores por el progreso de Catalunya i de Espa\u00f1a.[\/vc_column_text][\/vc_column][\/vc_row]<\/p>\n<\/section>","protected":false},"excerpt":{"rendered":"<p>[vc_row][vc_column width=\u00bb1\/1&#8243;][vc_column_text]Foment del Treball ha distinguido Isidre Fain\u00e9 como Empresario del A\u00f1o y le ha otorgado la Medalla d&#8217;Honor de la patronal. Con \u00e9ste distinci\u00f3n, Foment reconoce a Fain\u00e9 \u201csu papel clave en el proceso de reestructuraci\u00f3n del sector de las cajas de ahorro y por ser el art\u00edfice de la reorganizaci\u00f3n del Grupo \u201cla Caixa\u201d y el nacimiento de CaixaBank\u201d. Por otro lado, la patronal catalana ha distinguido tambi\u00e9n a Jos\u00e9 Ferrer con una Medalla de Honor por su trayectoria empresarial al frente del Grupo Freixenet, en el cual destaca por \u201cser el impulsor del proceso de modernizaci\u00f3n del grupo Freixenet que a partir de los a\u00f1os 60 ha llevado a la empresa a ser l\u00edder mundial en vinos espumosos de calidad\u201d. Se trata de la IV edici\u00f3n de las Medallas de Honor y Premios Carles Ferrer Salat, que Foment del Treball convoca de manera anual. La patronal catalana entrega ma\u00f1ana viernes 7 de octubre las Medallas de Honor y los Premios Carles Ferrer Salat con los que quiere reconocer a los empresarios, empresas y entidades que hayan sobresalido en su actividad. El acto, que se llevar\u00e1 a cabo en la sala oval del MNAC a partir de las [&hellip;]<\/p>\n","protected":false},"author":24,"featured_media":0,"comment_status":"closed","ping_status":"closed","sticky":false,"template":"","format":"standard","meta":{"_links_to":"","_links_to_target":""},"categories":[127],"tags":[],"acf":[],"wps_subtitle":"Los Premios Carles Ferrer Salat distinguen a Grifols en cuanto a Internacionalizaci\u00f3n; Semillas Fit\u00f3 en I+D+i; Industrias Titan en Medio Ambiente; y Tom\u00e1s Diago Esteva como Empresario de Futuro","_links":{"self":[{"href":"https:\/\/www.foment.com\/es\/wp-json\/wp\/v2\/posts\/16260"}],"collection":[{"href":"https:\/\/www.foment.com\/es\/wp-json\/wp\/v2\/posts"}],"about":[{"href":"https:\/\/www.foment.com\/es\/wp-json\/wp\/v2\/types\/post"}],"author":[{"embeddable":true,"href":"https:\/\/www.foment.com\/es\/wp-json\/wp\/v2\/users\/24"}],"replies":[{"embeddable":true,"href":"https:\/\/www.foment.com\/es\/wp-json\/wp\/v2\/comments?post=16260"}],"version-history":[{"count":0,"href":"https:\/\/www.foment.com\/es\/wp-json\/wp\/v2\/posts\/16260\/revisions"}],"wp:attachment":[{"href":"https:\/\/www.foment.com\/es\/wp-json\/wp\/v2\/media?parent=16260"}],"wp:term":[{"taxonomy":"category","embeddable":true,"href":"https:\/\/www.foment.com\/es\/wp-json\/wp\/v2\/categories?post=16260"},{"taxonomy":"post_tag","embeddable":true,"href":"https:\/\/www.foment.com\/es\/wp-json\/wp\/v2\/tags?post=16260"}],"curies":[{"name":"wp","href":"https:\/\/api.w.org\/{rel}","templated":true}]}}