{"id":16265,"date":"2012-03-16T09:00:30","date_gmt":"2012-03-16T08:00:30","guid":{"rendered":"http:\/\/foment.itartech.com\/?p=16265"},"modified":"2017-01-16T14:17:11","modified_gmt":"2017-01-16T13:17:11","slug":"director-general-empleo-defiende-la-reforma-laboral-del-gobierno-la-sede-foment-del-treball","status":"publish","type":"post","link":"https:\/\/www.foment.com\/es\/director-general-empleo-defiende-la-reforma-laboral-del-gobierno-la-sede-foment-del-treball\/","title":{"rendered":"El Director General de Empleo defiende la reforma laboral del gobierno en la sede de Foment del Treball"},"content":{"rendered":"<section class=\"wpb-content-wrapper\"><p>[vc_row][vc_column width=\u00bb1\/1&#8243;][vc_column_text]El director general d\u2019Ocupaci\u00f3 del Ministeri d\u2019Ocupaci\u00f3 Seguretat Social, Xavier Jean Braulio Thibault, ha fet una defensa del Reial Decret Llei de reforma del mercat laboral aprovat pel govern fa un mes. Thibault, que ha participat en una nova sessi\u00f3 del cicle de Debats Laborals de Foment del Treball, ha defensat que el govern ha empr\u00e8s la reforma per estimular l\u2019ocupaci\u00f3, afavorir la flexibilitat i promoure l\u2019estabilitat dels llocs de treball. La principal organitzaci\u00f3 empresarial catalana ha dedicat aquesta primera sessi\u00f3 de 2012 dels seus Debats Laborals a analitzar el text d\u2019aquesta darrera reforma del mercat de treball des del punt de vista acad\u00e8mic i empresarial. Foment del Treball organitza el cicle de Debats Laborals juntament amb Clifford Chance i Manpower.<\/p>\n<p>El secretari general de Foment, Joan Pujol, ha obert i condu\u00eft la jornada de debat que ha comen\u00e7at a les 10 del mat\u00ed i s\u2019ha perllongat fins a les 13 hores de la tarda. Pujol ha assegurat que es tracta d\u2019una reforma laboral \u201cmolt exigent amb les organitzacions empresarials i amb els sindicats\u201d ja que postula un nou escenari de negociaci\u00f3 col\u2022lectiva.<\/p>\n<p>El punt de vista de l\u2019empresariat espanyol l\u2019ha aportat la CEOE de la m\u00e0 de les intervencions del seu director de relacions laborals, Jos\u00e9 de la Cavada; i del vicesecretari d\u2019afers econ\u00f2mics, laborals i internacionals, Alberto Nadal.<\/p>\n<p>D\u2019altra banda, el catedr\u00e0tic de Dret del Treball de la UB, Jordi Garc\u00eda Vi\u00f1a, ha fet una an\u00e0lisi detallat d\u2019alguns punts de la reforma que \u201cnom\u00e9s ser\u00e0 un \u00e8xit \u2013ha dit- si les empreses l\u2019apliquen\u201d.<\/p>\n<h3><strong>Promoci\u00f3 del debat i difusi\u00f3 del coneixement<\/strong><\/h3>\n<p>Foment del Treball organitza regularment accions de promoci\u00f3 del debat empresarial ent\u00e8s com a una invitaci\u00f3 a la reflexi\u00f3 indispensable per cr\u00e9ixer com a empresa i com a societat. La principal organitzaci\u00f3 empresarial catalana cerca amb aquestes convocat\u00f2ries analitzar els elements d\u2019actualitat que m\u00e9s afecten l\u2019empresa de Catalunya, aix\u00ed com afavorir entre els seus professionals l\u2019intercanvi de coneixements i bones pr\u00e0ctiques<\/p>\n<p>El cicle de Debats Laborals \u00e9s una de les activitats que organitza Foment a fi de promoure l\u2019an\u00e0lisi de la realitat que m\u00e9s afecta l\u2019empresa. Aquests cicles va iniciar-los l\u2019any 2005, sempre amatent a les darreres novetats que interessen el m\u00f3n empresarial. Les darreres convocat\u00f2ries de Debats s\u2019han centrat en la reflexi\u00f3 al voltant d\u2019aspectes relacionats amb la reforma laboral, la flexibilitat interna de les empreses, l\u2019adequaci\u00f3 de salaris, la situaci\u00f3 dels treballadors aut\u00f2noms o la negociaci\u00f3 col\u2022lectiva.[\/vc_column_text]<div class=\"spacer\" style=\"height: 30px;\"><\/div><a href=\"\/wp-content\/uploads\/2016\/08\/2012.03.16-Debat-Laboral-Reforma-Laboral-Thibault-CAT.pdf\" target=\"_blank\" class=\"button color-2 small \" style=\"border-radius: 2px;\">Descarga la noticia en PDF<\/a>[\/vc_column][\/vc_row]<\/p>\n<\/section>","protected":false},"excerpt":{"rendered":"<p>[vc_row][vc_column width=\u00bb1\/1&#8243;][vc_column_text]El director general d\u2019Ocupaci\u00f3 del Ministeri d\u2019Ocupaci\u00f3 Seguretat Social, Xavier Jean Braulio Thibault, ha fet una defensa del Reial Decret Llei de reforma del mercat laboral aprovat pel govern fa un mes. Thibault, que ha participat en una nova sessi\u00f3 del cicle de Debats Laborals de Foment del Treball, ha defensat que el govern ha empr\u00e8s la reforma per estimular l\u2019ocupaci\u00f3, afavorir la flexibilitat i promoure l\u2019estabilitat dels llocs de treball. La principal organitzaci\u00f3 empresarial catalana ha dedicat aquesta primera sessi\u00f3 de 2012 dels seus Debats Laborals a analitzar el text d\u2019aquesta darrera reforma del mercat de treball des del punt de vista acad\u00e8mic i empresarial. Foment del Treball organitza el cicle de Debats Laborals juntament amb Clifford Chance i Manpower. El secretari general de Foment, Joan Pujol, ha obert i condu\u00eft la jornada de debat que ha comen\u00e7at a les 10 del mat\u00ed i s\u2019ha perllongat fins a les 13 hores de la tarda. Pujol ha assegurat que es tracta d\u2019una reforma laboral \u201cmolt exigent amb les organitzacions empresarials i amb els sindicats\u201d ja que postula un nou escenari de negociaci\u00f3 col\u2022lectiva. El punt de vista de l\u2019empresariat espanyol l\u2019ha aportat la CEOE de la m\u00e0 de les [&hellip;]<\/p>\n","protected":false},"author":24,"featured_media":20269,"comment_status":"closed","ping_status":"closed","sticky":false,"template":"","format":"standard","meta":{"_links_to":"","_links_to_target":""},"categories":[122,73],"tags":[229,228,242],"acf":[],"wps_subtitle":"","_links":{"self":[{"href":"https:\/\/www.foment.com\/es\/wp-json\/wp\/v2\/posts\/16265"}],"collection":[{"href":"https:\/\/www.foment.com\/es\/wp-json\/wp\/v2\/posts"}],"about":[{"href":"https:\/\/www.foment.com\/es\/wp-json\/wp\/v2\/types\/post"}],"author":[{"embeddable":true,"href":"https:\/\/www.foment.com\/es\/wp-json\/wp\/v2\/users\/24"}],"replies":[{"embeddable":true,"href":"https:\/\/www.foment.com\/es\/wp-json\/wp\/v2\/comments?post=16265"}],"version-history":[{"count":0,"href":"https:\/\/www.foment.com\/es\/wp-json\/wp\/v2\/posts\/16265\/revisions"}],"wp:featuredmedia":[{"embeddable":true,"href":"https:\/\/www.foment.com\/es\/wp-json\/wp\/v2\/media\/20269"}],"wp:attachment":[{"href":"https:\/\/www.foment.com\/es\/wp-json\/wp\/v2\/media?parent=16265"}],"wp:term":[{"taxonomy":"category","embeddable":true,"href":"https:\/\/www.foment.com\/es\/wp-json\/wp\/v2\/categories?post=16265"},{"taxonomy":"post_tag","embeddable":true,"href":"https:\/\/www.foment.com\/es\/wp-json\/wp\/v2\/tags?post=16265"}],"curies":[{"name":"wp","href":"https:\/\/api.w.org\/{rel}","templated":true}]}}