{"id":16274,"date":"2012-11-06T09:00:45","date_gmt":"2012-11-06T08:00:45","guid":{"rendered":"http:\/\/foment.itartech.com\/?p=16274"},"modified":"2016-09-28T15:07:24","modified_gmt":"2016-09-28T13:07:24","slug":"foment-distingue-jose-manuel-lara-clemence-cheng-las-medallas-honor","status":"publish","type":"post","link":"https:\/\/www.foment.com\/es\/foment-distingue-jose-manuel-lara-clemence-cheng-las-medallas-honor\/","title":{"rendered":"Foment distingue a Jos\u00e9 Manuel Lara y Clemence Cheng con las Medallas de Honor"},"content":{"rendered":"<section class=\"wpb-content-wrapper\"><p>[vc_row][vc_column width=\u00bb1\/1&#8243;][vc_column_text]Foment del Treball distingue a Jos\u00e9 Manuel Lara con la Medalla de Honor a la Trayectoria Empresarial, el galard\u00f3n con el que la patronal reconoce el recorrido vital de los empresarios que han logrado de manera relevante enriquecer la actividad econ\u00f3mica y empresarial del pa\u00eds. Con esta distinci\u00f3n, Foment premia a Lara \u201cpor su dedicaci\u00f3n ejemplar para convertir una empresa familiar catalana, como editorial Planeta, en un grupo editorial y de comunicaci\u00f3n l\u00edder, con capacidad de innovaci\u00f3n y vocaci\u00f3n de multinacional\u201d.<\/p>\n<p>Por otro lado, la patronal catalana ha distinguido tambi\u00e9n a Clemence Cheng con la Medalla de Honor al Empresario del A\u00f1o. Como director general de Hutchinson Port Holdings para Europa \u00a0su impulso y decisi\u00f3n han sido esenciales \u00a0para dotar al Puerto de Barcelona con la terminal de contenedores m\u00e1s avanzada del Mediterr\u00e1neo gracias a una inversi\u00f3n superior a los 300 millones de euros. Se trata de la V edici\u00f3n de las Medallas de Honor y Premios Carles Ferrer Salat, que Foment del Treball convoca de manera anual.<\/p>\n<p>La patronal catalana entrega ma\u00f1ana mi\u00e9rcoles 7 de noviembre las Medallas de Honor y los Premios Carles Ferrer Salat con los que quiere reconocer a los empresarios, empresas y entidades que hayan sobresalido en su actividad. El acto, que se llevar\u00e1 a cabo en la sala Magna de Foment del Treball a partir de las 20.30 horas, contar\u00e1 con la presencia como invitados de honor del Presidente de la Generalitat, Artur Mas, del Alcalde de Barcelona, Xavier Trias, y del Presidente de la CEOE, Juan Rosell.<\/p>\n<p>El jurado de la presente edici\u00f3n de las Medallas y Premios de Foment \u2013reunido el 29 de octubre- ha acordado distinguir mediante cuatro premios a las categor\u00edas de I+D+i, \u00a0Internacionalizaci\u00f3n,\u00a0Empresario de Futuro\u00a0 y Medio Ambiente a:<\/p>\n<ul>\n<li><span lang=\"EN-US\">Grup Balfeg\u00f3 (I+D+i)<\/span><\/li>\n<li>HOTUSA (Internacionalizaci\u00f3n<\/li>\n<li>Lucas Carn\u00e9 y Jos\u00e9 Manuel Villanueva [Privalia] (Empresario de Futuro)<\/li>\n<li>Agbar (Medio Ambiente)<\/li>\n<\/ul>\n<p>Han formado parte del jurado de la edici\u00f3n de este a\u00f1o: el Presidente de la Cambra de Comer\u00e7 de Barcelona, Miquel Valls; el Presidente del Cercle d\u2019Economia, Josep Piqu\u00e9; el Presidente del RACC, Sebasti\u00e0 Salvad\u00f3; el Presidente del Institut Agr\u00edcola Catal\u00e0 de Sant Isidre, Baldiri Ros; el Presidente de la Societat Econ\u00f2mica Barcelonesa d\u2019Amics del Pa\u00eds, Miquel Roca; el President del Ateneu Barcelon\u00e8s, Francesc Cabana; el Presidente de la Asociaci\u00f3n Espa\u00f1ola de Directivos, Pau Herrera; el Presidente de l\u2019 Associaci\u00f3 Catalana de l\u2019 Empresa Familiar, Jaume Grego; el presidente de Fepime, Eusebi Cima; i el presidente de Foment del Treball, Joaquim Gay de Montell\u00e0.<\/p>\n<p>&nbsp;<\/p>\n<h3><strong>Medallas de Honor<\/strong><\/h3>\n<p>Con la concesi\u00f3n de la Medalla d&#8217;Honor a la Trayectoria Empresarial a Jos\u00e9 Manuel Lara, se reconoce su total y plena dedicaci\u00f3n desde el a\u00f1o 1963 a la gesti\u00f3n de una empresa editorial que, desde que fue fundada por su padre en el a\u00f1o 1949, se ha convertido en un grupo editorial y de comunicaci\u00f3n l\u00edder, innovador y con vocaci\u00f3n multinacional. Jos\u00e9 Manuel Lara fue nombrado Consejero Delegado en el a\u00f1o 1996\u00a0 y es a partir del 2003 cuando se inicia el proceso de diversificaci\u00f3n del grupo que es hoy el l\u00edder espa\u00f1ol de comunicaci\u00f3n que opera en Espa\u00f1a, Francia y Am\u00e9rica Latina. De capital \u00edntegramente familiar, concentra su actividad en los \u00e1mbitos editorial, de la informaci\u00f3n, la formaci\u00f3n y el entretenimiento audiovisual y cuenta en la actualidad con m\u00e1s de 100 empresas, entre propias y participadas<\/p>\n<p>Con la concesi\u00f3n de la Medalla de Honor al Empresario del A\u00f1o para Clemence Cheng, se valora su apuesta personal para defender dentro de su organizaci\u00f3n, como Director General de Hutchinson Port Holdings para Europa, la construcci\u00f3n de la terminal de contenedores m\u00e1s avanzada del Mediterr\u00e1neo. Esta infraestructura confirma al Puerto de\u00a0 Barcelona como enclave estrat\u00e9gico y con su equipamiento de \u00faltima generaci\u00f3n se ganar\u00e1 eficiencia en el tratamiento de contenedores.\u00a0 El objetivo es atraer nuevos tr\u00e1ficos entre Asia -especialmente Extremo Oriente pero tambi\u00e9n de zonas emergentes como el Subcontinente Indio- y Europa y convertir la capital catalana en su principal puerta del Mediterr\u00e1neo. Se trata, en todo caso, de competir con los puertos del norte de Europa<\/p>\n<p>&nbsp;<\/p>\n<h3><strong>Premios Carles Ferrer Salat<\/strong><\/h3>\n<p>El premio a I+D+i se otorga al pesquero Grup Balfeg\u00f3 que ha invertido 10,5 millones de euros en los \u00faltimos cinco a\u00f1os en ocho l\u00edneas distintas de investigaci\u00f3n y nuevas instalaciones especiales para el tratamiento de at\u00fan rojo con el objetivo de desarrollar un nuevo modelo de \u201ccaptura sostenible\u201d. Para sus proyectos de investigaci\u00f3n y desarrollo, Balfeg\u00f3 cuenta con la colaboraci\u00f3n del Centro Superior de Investigaciones Cient\u00edficas (CSIC), el Instituto Espa\u00f1ol de Oceanograf\u00eda (IEO) la Comisi\u00f3n Internaciopnal para la Conservaci\u00f3n del At\u00fan Atl\u00e1ntico (ICCAT), el Institut de Recerca i Tecnologia Agroalimentaries (IRTA) y algunas universidades.<\/p>\n<p>Asimismo, con el premio a la Internacionalizaci\u00f3n a HOTUSA (Hoteles Tur\u00edsticos Unidos, SA) se reconoce el esfuerzo para ayudar a hoteles independientes y peque\u00f1os grupos a competir con igualdad de condiciones con las grandes cadenas hoteleras a nivel internacional. Su sede central se encuentra en Barcelona, pero cuenta tambi\u00e9n con oficinas en Roma, Par\u00eds, Londres, Viena, Lisboa y Buenos Aires. Con 35 a\u00f1os de historia, HOTUSA cuenta con m\u00e1s de 2.500 hoteles en 48 pa\u00edses de 4 continentes y se consolida como el primer consorcio hotelero de Europa y uno de los principales del mundo.<\/p>\n<p>El premio Empresario de Futuro se otorga en esta V edici\u00f3n a Lucas Carn\u00e9 y Jos\u00e9 Manuel Villanueva, fundadores de Privalia. Fue en el a\u00f1o 2006 cuando construyeron las bases de un gran proyecto: el club privado que ofrece ventas flash de moda de primeras marcas a precios excepcionales y en exclusiva para sus socios. Privalia tiene m\u00e1s de 11 millones de socios en todo el mundo y es l\u00edder en cada uno de los mercados donde opera ventas flash (Espa\u00f1a 2006, Italia 2007, Brasil 2008 y M\u00e9xico 2010), lo que la convierte en un referente internacional para el sector.<\/p>\n<p>En 2011 el Grupo compr\u00f3 Dress for Less, una de las empresas l\u00edderes en Alemania en venta online de art\u00edculos de moda, extendiendo su modelo de negocio al segmento del outlet permanente.<\/p>\n<p>Por \u00faltimo, el premio a Medio Ambiente\u00a0 reconoce a Agbar su modelo de negocio sostenible que implica integrar en todas las decisiones de la compa\u00f1\u00eda variables que van m\u00e1s all\u00e1 de las puramente econ\u00f3micas: sociales, \u00e9ticas y medioambientales. Agbar entiende su proyecci\u00f3n de futuro sobre la base de la sostenibilidad. La compa\u00f1\u00eda realiza un proceso constante de minimizaci\u00f3n de su impacto ambiental y de protecci\u00f3n y regeneraci\u00f3n del medio natural. La compa\u00f1\u00eda invierte el 1,5% de su facturaci\u00f3n en I+D+i ya que forma parte de la base de su cultura empresarial y le permite poner en valor el conocimiento acumulado y las experiencias vividas en diferentes pa\u00edses. Gracias a esta inversi\u00f3n, Agbar ha logrado, entre otras cosas, continuar minimizando el impacto ambiental de sus actividades a trav\u00e9s de una gesti\u00f3n sostenible del ciclo integral del agua, la mejora de la eficiencia energ\u00e9tica y la potenciaci\u00f3n de las energ\u00edas renovables.<\/p>\n<p>&nbsp;<\/p>\n<h3><strong>Los valores de Ferrer Salat<\/strong><\/h3>\n<p>Con la instituci\u00f3n de sus premios anuales, Foment del Treball quiere reconocer y agradecer el esfuerzo y la determinaci\u00f3n de empresarios liberales, abiertos y defensores del conocimiento y del di\u00e1logo, como lo fue Carles Ferrer Salat. Brillante empresario catal\u00e1n, Ferrer Salat fue presidente de Foment en el momento del renacimiento de la patronal catalana con la llegada de la democracia: a la vez, fue tambi\u00e9n presidente fundador de la patronal espa\u00f1ola CEOE y posteriormente presidente de la grande patronal europea UNICE, hoy llamada Business Europe.<\/p>\n<p>Unos valores, los que representa Carles Ferrer Salat, que identifican plenamente a los de Foment del Treball: la patronal catalana, la organizaci\u00f3n empresarial m\u00e1s antigua de Europa con 240 a\u00f1os de historia, que ha encarnado el entusiasmo de catalanes emprendedores por el progreso de Catalunya i de Espa\u00f1a.[\/vc_column_text][\/vc_column][\/vc_row]<\/p>\n<\/section>","protected":false},"excerpt":{"rendered":"<p>[vc_row][vc_column width=\u00bb1\/1&#8243;][vc_column_text]Foment del Treball distingue a Jos\u00e9 Manuel Lara con la Medalla de Honor a la Trayectoria Empresarial, el galard\u00f3n con el que la patronal reconoce el recorrido vital de los empresarios que han logrado de manera relevante enriquecer la actividad econ\u00f3mica y empresarial del pa\u00eds. Con esta distinci\u00f3n, Foment premia a Lara \u201cpor su dedicaci\u00f3n ejemplar para convertir una empresa familiar catalana, como editorial Planeta, en un grupo editorial y de comunicaci\u00f3n l\u00edder, con capacidad de innovaci\u00f3n y vocaci\u00f3n de multinacional\u201d. Por otro lado, la patronal catalana ha distinguido tambi\u00e9n a Clemence Cheng con la Medalla de Honor al Empresario del A\u00f1o. Como director general de Hutchinson Port Holdings para Europa \u00a0su impulso y decisi\u00f3n han sido esenciales \u00a0para dotar al Puerto de Barcelona con la terminal de contenedores m\u00e1s avanzada del Mediterr\u00e1neo gracias a una inversi\u00f3n superior a los 300 millones de euros. Se trata de la V edici\u00f3n de las Medallas de Honor y Premios Carles Ferrer Salat, que Foment del Treball convoca de manera anual. La patronal catalana entrega ma\u00f1ana mi\u00e9rcoles 7 de noviembre las Medallas de Honor y los Premios Carles Ferrer Salat con los que quiere reconocer a los empresarios, empresas y entidades que [&hellip;]<\/p>\n","protected":false},"author":24,"featured_media":0,"comment_status":"closed","ping_status":"closed","sticky":false,"template":"","format":"standard","meta":{"_links_to":"","_links_to_target":""},"categories":[127],"tags":[],"acf":[],"wps_subtitle":"Los Premios Carles Ferrer Salat distinguen a Grup Balfeg\u00f3 en I+D+i; HOTUSA (Hoteles Tur\u00edsticos Unidos, SA) en Internacionalizaci\u00f3n; Lucas Carn\u00e9 y Jos\u00e9 Manuel Villanueva (Privalia) como Empresario de Futuro; y AGBAR en Medio Ambiente","_links":{"self":[{"href":"https:\/\/www.foment.com\/es\/wp-json\/wp\/v2\/posts\/16274"}],"collection":[{"href":"https:\/\/www.foment.com\/es\/wp-json\/wp\/v2\/posts"}],"about":[{"href":"https:\/\/www.foment.com\/es\/wp-json\/wp\/v2\/types\/post"}],"author":[{"embeddable":true,"href":"https:\/\/www.foment.com\/es\/wp-json\/wp\/v2\/users\/24"}],"replies":[{"embeddable":true,"href":"https:\/\/www.foment.com\/es\/wp-json\/wp\/v2\/comments?post=16274"}],"version-history":[{"count":0,"href":"https:\/\/www.foment.com\/es\/wp-json\/wp\/v2\/posts\/16274\/revisions"}],"wp:attachment":[{"href":"https:\/\/www.foment.com\/es\/wp-json\/wp\/v2\/media?parent=16274"}],"wp:term":[{"taxonomy":"category","embeddable":true,"href":"https:\/\/www.foment.com\/es\/wp-json\/wp\/v2\/categories?post=16274"},{"taxonomy":"post_tag","embeddable":true,"href":"https:\/\/www.foment.com\/es\/wp-json\/wp\/v2\/tags?post=16274"}],"curies":[{"name":"wp","href":"https:\/\/api.w.org\/{rel}","templated":true}]}}