{"id":16377,"date":"2013-06-20T09:00:42","date_gmt":"2013-06-20T07:00:42","guid":{"rendered":"http:\/\/foment.itartech.com\/?p=16377"},"modified":"2016-09-05T12:01:14","modified_gmt":"2016-09-05T10:01:14","slug":"%e2%80%8bffcommunity-la-comunidad-foment-formacio%e2%80%8b","status":"publish","type":"post","link":"https:\/\/www.foment.com\/es\/%e2%80%8bffcommunity-la-comunidad-foment-formacio%e2%80%8b\/","title":{"rendered":"\u200b#FFCommunity, la comunidad de Foment Formaci\u00f3\u200b"},"content":{"rendered":"<section class=\"wpb-content-wrapper\"><p>[vc_row][vc_column width=\u00bb1\/1&#8243;][vc_column_text]Ideas que generan proyectos, establecen v\u00ednculos, se retroalimentan y transforman la realidad. Ideas y personas que crean comunidad, la\u00a0<span class=\"ms-rteThemeForeColor-5-0\"><a href=\"https:\/\/twitter.com\/search?q=%23FFcommunity&amp;src=typd\" target=\"_blank\">#FFCommunity<\/a><\/span>, la neuva comunidad de <a href=\"http:\/\/www.fomentformacio.com\/\">Foment Formaci\u00f3<\/a>.\u00a0Un centenar de alumnos y ex alumnos de cursos y\u00a0\u00a0<a href=\"http:\/\/www.fomentformacio.com\/formacion\/pindoles-formatives\/\" target=\"_blank\">p\u00edldoras formativas<\/a> de Foment Formaci\u00f3\u00a0relacionados con los nuevos canales de comunicaci\u00f3n digitales comparten sus experiencias y sus proyectos, muchos de los cuales han nacido y crecen con el sustrato de la oferta formativa de\u00a0Foment.[\/vc_column_text][\/vc_column][\/vc_row][vc_row][vc_column width=\u00bb1\/1&#8243;][vc_column_text]<\/p>\n<div>La\u00a0#FFCommunity\u00a0crece alrededor de la posibilidad de compartir inquietudes e iniciativas entre todos los alumnos de las diferentes ediciones de los cursos que Foment\u00a0Formaci\u00f3\u00a0imparte alrededor de la comunicaci\u00f3n 2.0. Se trata de los<b>\u00a0cursos\u00a0<\/b><a href=\"http:\/\/www.fomentformacio.com\/curs-de-community-manager\/\" target=\"_blank\">Community Manager \u2013 Una passi\u00f3 que es pot convertir en una professi\u00f3 (nivell 1)<\/a>;\u00a0<a href=\"http:\/\/www.fomentformacio.com\/curs-de-community-manager-nivell-ii-edicio-4\/\" target=\"_blank\">Community Manager \u2013 Una passi\u00f3 que es pot convertir en una professi\u00f3 (nivell 2)<\/a>;\u00a0<a href=\"http:\/\/www.fomentformacio.com\/curs-deines-de-social-media-2\/\" target=\"_blank\">Eines de Social Media<\/a>; i\u00a0<a href=\"http:\/\/www.fomentformacio.com\/curs-de-marca-personal\/\" target=\"_blank\">Marca personal<\/a>. Las <strong>p\u00edldoras formativas <\/strong>son sobre\u00a0<a href=\"http:\/\/www.fomentformacio.com\/pindola-de-facebook-edicio-1\/\" target=\"_blank\">Facebook<\/a>;\u00a0<a href=\"http:\/\/www.fomentformacio.com\/pindola-de-twitter-edicio-1\/\" target=\"_blank\">Twitter<\/a>; y\u00a0<a href=\"http:\/\/www.fomentformacio.com\/pindola-el-teu-perfil-en-linkedin-2\/\" target=\"_blank\">El teu perfil al Linkedin<\/a>.<\/div>\n<p>&nbsp;<\/p>\n<div>Adem\u00e1s, hace unas semanas, los miembros de esta comunidad abierta quisieron encontrarse de nuevo en las instalaciones de Foment\u00a0Formaci\u00f3, donde disfrutaron de la ponencia sobre Customer Service &amp; Community Management por parte de Juanita Acevedo\u00a0de\u00a0<a href=\"http:\/\/www.advantageservice.es\/\" target=\"_blank\">Advantage Service<\/a>. (Consulta el\u00a0<a href=\"http:\/\/www.advantageservice.es\/blog\/item\/81-%C2%BFlos-tr%C3%A9boles-dan-frutos.html\" target=\"_blank\">post<\/a> del encuentro que hizo\u00a0Juanita Acevedo).<\/div>\n<p>[\/vc_column_text][\/vc_column][\/vc_row][vc_row][vc_column width=\u00bb1\/1&#8243;]<div class=\"spacer\" style=\"height: 20px;\"><\/div>[vc_raw_html]JTNDaWZyYW1lJTIwd2lkdGglM0QlMjI1NjAlMjIlMjBoZWlnaHQlM0QlMjIzMTUlMjIlMjBzcmMlM0QlMjJodHRwcyUzQSUyRiUyRnd3dy55b3V0dWJlLmNvbSUyRmVtYmVkJTJGdVU4UHY5eVV4eVklMjIlMjBmcmFtZWJvcmRlciUzRCUyMjAlMjIlMjBhbGxvd2Z1bGxzY3JlZW4lM0UlM0MlMkZpZnJhbWUlM0U=[\/vc_raw_html]<div class=\"spacer\" style=\"height: 20px;\"><\/div>[\/vc_column][\/vc_row][vc_row][vc_column width=\u00bb1\/1&#8243;][vc_column_text]<\/p>\n<div>Adem\u00e1s, en el marco de este encuentro arranc\u00f3 la inicativa Protagonista del Mes de Fomento Formaci\u00f3n, para aquel alumno o exalumno que haya destacado en la puesta en marcha de una iniciativa. El primer protagonista del mes fue <strong>Alfredo Giorgi<\/strong>, con su blog\u00a0<a href=\"http:\/\/premiumsocialcustomer.blogspot.com.es\/\" target=\"_blank\"><strong>Premium Social Costumer<\/strong><\/a>.<\/div>\n<p>&nbsp;<\/p>\n<div>Algunos de los proyectos surgidos de las propuestas formativas de Foment\u00a0en materia de comunicaci\u00f3n 2.0 son:<\/div>\n<div>\n<ul>\n<li><a href=\"https:\/\/www.facebook.com\/SocialGourmets?fref=ts\" target=\"_blank\">Social Gourmets<\/a><\/li>\n<li><a href=\"http:\/\/premiumsocialcustomer.blogspot.com.es\/\" target=\"_blank\">Premium Social Costumer<\/a><\/li>\n<li><a href=\"https:\/\/www.facebook.com\/XavierPera.TecnologiaSocial\" target=\"_blank\">Tecnologia Social<\/a><\/li>\n<li><a href=\"http:\/\/blogs.bluekea.com\/davidpla\/?bklang=native\" target=\"_blank\">Blog de David Pla<\/a><\/li>\n<li><a href=\"http:\/\/www.purplenancy.com\/\" target=\"_blank\">Purple Nancy<\/a><\/li>\n<li><a href=\"https:\/\/www.facebook.com\/SpaceSocialMedia?fref=ts\" target=\"_blank\">Space Social Media<\/a><\/li>\n<li><a href=\"http:\/\/itbcnlifestyle.blogspot.com.es\/\" target=\"_blank\">It Barcelona Life Style<\/a><\/li>\n<\/ul>\n<\/div>\n<div><\/div>\n<p>[\/vc_column_text][\/vc_column][\/vc_row][vc_row][vc_column width=\u00bb1\/1&#8243;]<div class=\"spacer\" style=\"height: 20px;\"><\/div>[vc_raw_html]JTNDaWZyYW1lJTIwd2lkdGglM0QlMjI1NjAlMjIlMjBoZWlnaHQlM0QlMjIzMTUlMjIlMjBzcmMlM0QlMjJodHRwcyUzQSUyRiUyRnd3dy55b3V0dWJlLmNvbSUyRmVtYmVkJTJGRm4zX0xFeE14WWclMjIlMjBmcmFtZWJvcmRlciUzRCUyMjAlMjIlMjBhbGxvd2Z1bGxzY3JlZW4lM0UlM0MlMkZpZnJhbWUlM0U=[\/vc_raw_html]<div class=\"spacer\" style=\"height: 20px;\"><\/div>[\/vc_column][\/vc_row]<\/p>\n<\/section>","protected":false},"excerpt":{"rendered":"<p>[vc_row][vc_column width=\u00bb1\/1&#8243;][vc_column_text]Ideas que generan proyectos, establecen v\u00ednculos, se retroalimentan y transforman la realidad. Ideas y personas que crean comunidad, la\u00a0#FFCommunity, la neuva comunidad de Foment Formaci\u00f3.\u00a0Un centenar de alumnos y ex alumnos de cursos y\u00a0\u00a0p\u00edldoras formativas de Foment Formaci\u00f3\u00a0relacionados con los nuevos canales de comunicaci\u00f3n digitales comparten sus experiencias y sus proyectos, muchos de los cuales han nacido y crecen con el sustrato de la oferta formativa de\u00a0Foment.[\/vc_column_text][\/vc_column][\/vc_row][vc_row][vc_column width=\u00bb1\/1&#8243;][vc_column_text] La\u00a0#FFCommunity\u00a0crece alrededor de la posibilidad de compartir inquietudes e iniciativas entre todos los alumnos de las diferentes ediciones de los cursos que Foment\u00a0Formaci\u00f3\u00a0imparte alrededor de la comunicaci\u00f3n 2.0. Se trata de los\u00a0cursos\u00a0Community Manager \u2013 Una passi\u00f3 que es pot convertir en una professi\u00f3 (nivell 1);\u00a0Community Manager \u2013 Una passi\u00f3 que es pot convertir en una professi\u00f3 (nivell 2);\u00a0Eines de Social Media; i\u00a0Marca personal. Las p\u00edldoras formativas son sobre\u00a0Facebook;\u00a0Twitter; y\u00a0El teu perfil al Linkedin. &nbsp; Adem\u00e1s, hace unas semanas, los miembros de esta comunidad abierta quisieron encontrarse de nuevo en las instalaciones de Foment\u00a0Formaci\u00f3, donde disfrutaron de la ponencia sobre Customer Service &amp; Community Management por parte de Juanita Acevedo\u00a0de\u00a0Advantage Service. (Consulta el\u00a0post del encuentro que hizo\u00a0Juanita Acevedo). [\/vc_column_text][\/vc_column][\/vc_row][vc_row][vc_column width=\u00bb1\/1&#8243;][vc_raw_html]JTNDaWZyYW1lJTIwd2lkdGglM0QlMjI1NjAlMjIlMjBoZWlnaHQlM0QlMjIzMTUlMjIlMjBzcmMlM0QlMjJodHRwcyUzQSUyRiUyRnd3dy55b3V0dWJlLmNvbSUyRmVtYmVkJTJGdVU4UHY5eVV4eVklMjIlMjBmcmFtZWJvcmRlciUzRCUyMjAlMjIlMjBhbGxvd2Z1bGxzY3JlZW4lM0UlM0MlMkZpZnJhbWUlM0U=[\/vc_raw_html][\/vc_column][\/vc_row][vc_row][vc_column width=\u00bb1\/1&#8243;][vc_column_text] Adem\u00e1s, en el marco de este encuentro arranc\u00f3 la inicativa Protagonista [&hellip;]<\/p>\n","protected":false},"author":24,"featured_media":18044,"comment_status":"closed","ping_status":"closed","sticky":false,"template":"","format":"standard","meta":{"_links_to":"","_links_to_target":""},"categories":[113],"tags":[],"acf":[],"wps_subtitle":"","_links":{"self":[{"href":"https:\/\/www.foment.com\/es\/wp-json\/wp\/v2\/posts\/16377"}],"collection":[{"href":"https:\/\/www.foment.com\/es\/wp-json\/wp\/v2\/posts"}],"about":[{"href":"https:\/\/www.foment.com\/es\/wp-json\/wp\/v2\/types\/post"}],"author":[{"embeddable":true,"href":"https:\/\/www.foment.com\/es\/wp-json\/wp\/v2\/users\/24"}],"replies":[{"embeddable":true,"href":"https:\/\/www.foment.com\/es\/wp-json\/wp\/v2\/comments?post=16377"}],"version-history":[{"count":0,"href":"https:\/\/www.foment.com\/es\/wp-json\/wp\/v2\/posts\/16377\/revisions"}],"wp:featuredmedia":[{"embeddable":true,"href":"https:\/\/www.foment.com\/es\/wp-json\/wp\/v2\/media\/18044"}],"wp:attachment":[{"href":"https:\/\/www.foment.com\/es\/wp-json\/wp\/v2\/media?parent=16377"}],"wp:term":[{"taxonomy":"category","embeddable":true,"href":"https:\/\/www.foment.com\/es\/wp-json\/wp\/v2\/categories?post=16377"},{"taxonomy":"post_tag","embeddable":true,"href":"https:\/\/www.foment.com\/es\/wp-json\/wp\/v2\/tags?post=16377"}],"curies":[{"name":"wp","href":"https:\/\/api.w.org\/{rel}","templated":true}]}}