{"id":16396,"date":"2013-09-06T09:00:11","date_gmt":"2013-09-06T07:00:11","guid":{"rendered":"http:\/\/foment.itartech.com\/?p=16396"},"modified":"2016-09-28T15:07:52","modified_gmt":"2016-09-28T13:07:52","slug":"abierto-periodo-presentacion-candidaturas-los-premios-ferrer-salat%e2%80%8b%e2%80%8b","status":"publish","type":"post","link":"https:\/\/www.foment.com\/es\/abierto-periodo-presentacion-candidaturas-los-premios-ferrer-salat%e2%80%8b%e2%80%8b\/","title":{"rendered":"Abierto el periodo de presentaci\u00f3n de candidaturas para los Premios Ferrer Salat\u200b\u200b"},"content":{"rendered":"<section class=\"wpb-content-wrapper\"><p>[vc_row][vc_column width=\u00bb1\/4&#8243;]<div class=\"single_image wpb_content_element align-left    \" data-animation=\"none\" data-delay=\"0\"><img width=\"604\" height=\"1024\" src=\"https:\/\/www.foment.com\/wp-content\/uploads\/2013\/09\/Foment_del_Treball_Medallas_Honor_Premios_ferrer_Salat.jpg\" class=\"attachment-full\" alt=\"\" loading=\"lazy\" title=\"\" srcset=\"https:\/\/www.foment.com\/wp-content\/uploads\/2013\/09\/Foment_del_Treball_Medallas_Honor_Premios_ferrer_Salat.jpg 604w, https:\/\/www.foment.com\/wp-content\/uploads\/2013\/09\/Foment_del_Treball_Medallas_Honor_Premios_ferrer_Salat-177x300.jpg 177w\" sizes=\"(max-width: 604px) 100vw, 604px\" \/><\/div>[\/vc_column][vc_column width=\u00bb3\/4&#8243;][vc_column_text]<\/p>\n<div>Foment\u00a0del Treball entregar\u00e1 los Premios Carles Ferrer Salat y\u00a0las Medallas de Honor el pr\u00f3ximo 17 de octubre, en un acto que tendr\u00e1 lugar en su sede. Se mantiene a\u00fan\u00a0abierto el periodo de presentaci\u00f3n de candidaturas a los Premios Carles Ferrer Salat, que entrega cada a\u00f1o la principal organizaci\u00f3n catalana para reconocer a los empresarios, empresas y entidades que hayan destacado en su actividad a lo largo del \u00faltimo a\u00f1o. <strong>El periodo de presentaci\u00f3n de candidaturas permanecer\u00e1 abierto hasta el pr\u00f3ximo 17\u00a0de septiembre<\/strong>.<\/div>\n<p>&nbsp;<\/p>\n<div>Los Premios Carles Ferrer Salat, que rinden memoria al empresario que presidi\u00f3 Foment,\u00a0la CEOE y la patronal europea UNICE, reconocen la labor realizada por empresas de Catalunya en 4 modalidades:<\/div>\n<div>\n<ul>\n<li>Empresario de futuro<\/li>\n<li>Internacionalizaci\u00f3n<\/li>\n<li>I + D + i<\/li>\n<li>Medio Ambiente<\/li>\n<\/ul>\n<\/div>\n<div>Al mismo tiempo, Foment\u00a0del Treball impondr\u00e1 dos de sus Medallas de Honor\u00a0a\u00a0la Trayectoria Empresarial destacada y\u00a0al Empresario del A\u00f1o. En el a\u00f1o 2012 recibieron estas distinciones\u00a0Jos\u00e9 Manuel Lara\u00a0y Clemence Cheng, respectivamente.<\/div>\n<p>[\/vc_column_text][\/vc_column][\/vc_row][vc_row][vc_column width=\u00bb1\/1&#8243;][vc_column_text]Presentaci\u00f3n de Candidaturas. <a href=\"http:\/\/premiscarlesferrersalat.foment.com\/candidatura.h3p\" target=\"_blank\">Inscr\u00edbete<\/a>[\/vc_column_text][\/vc_column][\/vc_row]<\/p>\n<\/section>","protected":false},"excerpt":{"rendered":"<p>[vc_row][vc_column width=\u00bb1\/4&#8243;][\/vc_column][vc_column width=\u00bb3\/4&#8243;][vc_column_text] Foment\u00a0del Treball entregar\u00e1 los Premios Carles Ferrer Salat y\u00a0las Medallas de Honor el pr\u00f3ximo 17 de octubre, en un acto que tendr\u00e1 lugar en su sede. Se mantiene a\u00fan\u00a0abierto el periodo de presentaci\u00f3n de candidaturas a los Premios Carles Ferrer Salat, que entrega cada a\u00f1o la principal organizaci\u00f3n catalana para reconocer a los empresarios, empresas y entidades que hayan destacado en su actividad a lo largo del \u00faltimo a\u00f1o. El periodo de presentaci\u00f3n de candidaturas permanecer\u00e1 abierto hasta el pr\u00f3ximo 17\u00a0de septiembre. &nbsp; Los Premios Carles Ferrer Salat, que rinden memoria al empresario que presidi\u00f3 Foment,\u00a0la CEOE y la patronal europea UNICE, reconocen la labor realizada por empresas de Catalunya en 4 modalidades: Empresario de futuro Internacionalizaci\u00f3n I + D + i Medio Ambiente Al mismo tiempo, Foment\u00a0del Treball impondr\u00e1 dos de sus Medallas de Honor\u00a0a\u00a0la Trayectoria Empresarial destacada y\u00a0al Empresario del A\u00f1o. En el a\u00f1o 2012 recibieron estas distinciones\u00a0Jos\u00e9 Manuel Lara\u00a0y Clemence Cheng, respectivamente. [\/vc_column_text][\/vc_column][\/vc_row][vc_row][vc_column width=\u00bb1\/1&#8243;][vc_column_text]Presentaci\u00f3n de Candidaturas. Inscr\u00edbete[\/vc_column_text][\/vc_column][\/vc_row]<\/p>\n","protected":false},"author":24,"featured_media":0,"comment_status":"closed","ping_status":"closed","sticky":false,"template":"","format":"standard","meta":{"_links_to":"","_links_to_target":""},"categories":[127],"tags":[],"acf":[],"wps_subtitle":"\u200b\u200bFoment del Treball entregar\u00e1 las Medallas de Honor de la instituci\u00f3n, junto con los premios, el pr\u00f3ximo 17 de octubre","_links":{"self":[{"href":"https:\/\/www.foment.com\/es\/wp-json\/wp\/v2\/posts\/16396"}],"collection":[{"href":"https:\/\/www.foment.com\/es\/wp-json\/wp\/v2\/posts"}],"about":[{"href":"https:\/\/www.foment.com\/es\/wp-json\/wp\/v2\/types\/post"}],"author":[{"embeddable":true,"href":"https:\/\/www.foment.com\/es\/wp-json\/wp\/v2\/users\/24"}],"replies":[{"embeddable":true,"href":"https:\/\/www.foment.com\/es\/wp-json\/wp\/v2\/comments?post=16396"}],"version-history":[{"count":0,"href":"https:\/\/www.foment.com\/es\/wp-json\/wp\/v2\/posts\/16396\/revisions"}],"wp:attachment":[{"href":"https:\/\/www.foment.com\/es\/wp-json\/wp\/v2\/media?parent=16396"}],"wp:term":[{"taxonomy":"category","embeddable":true,"href":"https:\/\/www.foment.com\/es\/wp-json\/wp\/v2\/categories?post=16396"},{"taxonomy":"post_tag","embeddable":true,"href":"https:\/\/www.foment.com\/es\/wp-json\/wp\/v2\/tags?post=16396"}],"curies":[{"name":"wp","href":"https:\/\/api.w.org\/{rel}","templated":true}]}}