{"id":16401,"date":"2013-09-19T17:04:05","date_gmt":"2013-09-19T15:04:05","guid":{"rendered":"http:\/\/foment.itartech.com\/?p=16401"},"modified":"2016-12-04T14:07:57","modified_gmt":"2016-12-04T13:07:57","slug":"tenemos-todavia-mucho-recorrido-cuanto-eficiencia-energetica-espana%e2%80%8b%e2%80%8b%e2%80%8b","status":"publish","type":"post","link":"https:\/\/www.foment.com\/es\/tenemos-todavia-mucho-recorrido-cuanto-eficiencia-energetica-espana%e2%80%8b%e2%80%8b%e2%80%8b\/","title":{"rendered":"\u00abTenemos todav\u00eda mucho recorrido en cuanto a eficiencia energ\u00e9tica en Espa\u00f1a\u00bb\u200b\u200b\u200b"},"content":{"rendered":"<section class=\"wpb-content-wrapper\"><p>[vc_row][vc_column width=\u00bb1\/1&#8243;][vc_column_text]<\/p>\n<div>El secretario de Estado de Energ\u00eda,<strong> Alberto Nadal<\/strong>, defendi\u00f3 hoy a Foment la reforma energ\u00e9tica impulsada por el Gobierno Central porque, dijo, \u00abha procurado ser equilibrada con todos los actores si se tiene en cuenta la mala situaci\u00f3n de partida\u00bb. Nadal ha asegurado que esta reforma pretende ser \u00abdefinitiva\u00bb y debe permitir \u00abprofundizar en la eficiencia energ\u00e9tica en Espa\u00f1a, que todav\u00eda tiene mucho recorrido\u00bb. Nadal ha centrado sesi\u00f3n monogr\u00e1fica impulsada por el Foro Energ\u00eda Empresa de Foment del Treball, el \u00f3rgano directivo del que preside <strong>Carles Casanovas<\/strong>.<\/div>\n<p>&nbsp;<\/p>\n<div>El presidente de Foment del Treball, <strong>Joaquim Gay de Montell\u00e0<\/strong>, que ha abierto la jornada, ha asegurado que \u00ablos empresarios de Catalu\u00f1a y de toda Espa\u00f1a estamos muy interesados en ver el desenlace de esta reforma que afecta a tantos sectores del vector energ\u00e9tico \u00ab. En este sentido, Nadal ha defendido la necesidad de la reforma y su orientaci\u00f3n porque, asegur\u00f3, \u00abes necesario estabilizar el sistema y tomar las medidas adecuadas para asegurar su sostenibilidad; nunca debemos permitir que la deuda acumulada sea superior al 10 % de los ingresos\u00bb.<\/div>\n<p>[\/vc_column_text][\/vc_column][\/vc_row][vc_row][vc_column][vc_column_text]<\/p>\n<p>[\/vc_column_text]<div class=\"spacer\" style=\"height: 20px;\"><\/div>[\/vc_column][\/vc_row][vc_row][vc_column width=\u00bb1\/1&#8243;][vc_column_text]En cuanto a la cuesti\u00f3n de las renovables, Nadal ha asegurado que \u00abel problema no han sido las renovables, sino haberlas promovido mucho antes que nadie; hubo precipitaci\u00f3n en la instalaci\u00f3n de la energ\u00eda fotovoltaica. Es necesario hacer bien los c\u00e1lculos para establecer lo que la econom\u00eda puede sostener antes de dimensionar el sistema energ\u00e9tico\u00bb.<\/p>\n<ul>\n<li><a href=\"\/wp-content\/uploads\/2016\/08\/20130913_Reforma-El\u00e9ctrica-ejecutiva-v23.pdf\" target=\"_blank\"><strong>Consulta la presentaci\u00f3n que ha usado Alberto Nadal para ilustrar su ponencia<\/strong><\/a><\/li>\n<\/ul>\n<p>&nbsp;<\/p>\n<h3><strong><span style=\"color: #c1002b;\">Nuevo Foro para el debate<\/span><br \/>\n<\/strong><\/h3>\n<div>\n<div>El Forum Energia Empresa de Foment se ha iniciado este 2013 y se dirige especialmente a los directivos y profesionales de la gesti\u00f3n y contrataci\u00f3n energ\u00e9tica en el mundo de la empresa. Con este nuevo foro profesional, Foment abre un espacio para la difusi\u00f3n y el intercambio de experiencias sobre el factor energ\u00e9tico en la empresa, entendido como elemento de gesti\u00f3n, competitividad econ\u00f3mica y progreso social. La primera sesi\u00f3n la dedic\u00f3 a la interconexi\u00f3n energ\u00e9tica y tuvo lugar el 5 de marzo de 2013 en coincidencia con el D\u00eda Mundial de la Eficiencia Energ\u00e9tica.<\/div>\n<p>&nbsp;<\/p>\n<div>Los contenidos de las sesiones previstas en el Foro Energ\u00eda Empresa se deciden en el marco de su \u00f3rgano de gobierno o Junta Directiva. La Junta Directiva est\u00e1 formada por expertos en la materia, desde diferentes aproximaciones vinculadas al sector energ\u00e9tico, y la preside Carles Casanovas (SALES MONZ\u00d3N). Los vocales de esta Junta son Albert Alegre (ENDESA), Valent\u00edn Jes\u00fas Viejo (IBERDROLA), Narciso Berberana (AGBAR), \u00c0ngel Cerc\u00f3s (CEMENTOS MOLINS), Josep Codorniu (GAS NATURAL), Virginia Guinda (ENERGIA LOCAL), Luis Maestre (ERCROS), Juan Vila (STORA ENSO), Maite Masi\u00e0 (ICAEN) i Alba Caba\u00f1as (FOMENT DEL TREBALL).<\/div>\n<p>&nbsp;<\/p>\n<h3><strong><span style=\"color: #c1002b;\">Foros profesionales de Foment del Treball<\/span><br \/>\n<\/strong><\/h3>\n<div>\n<p>Foment del Treball cuenta en la actualidad, incluido el Forum Energia Empresa, con cuatro foros abiertos a los profesionales de los sectores de la energ\u00eda, el marketing, los recursos humanos y la prevenci\u00f3n de riesgos laborales. Lo primero que inici\u00f3 sus actividades es el Foro de Recursos Humanos, que fue creado en 2001 y que ya ha convertido en una de las principales plataformas de debate del pa\u00eds sobre cuestiones relacionadas con la gesti\u00f3n de los recursos humanos.<\/p>\n<p>Por otra parte, el Forum Marketing se cre\u00f3 en octubre de 2010 con el objetivo de impulsar el desarrollo del marketing en las empresas asociadas para aportar m\u00e1s valor. Por otro lado, en el a\u00f1o 2011, Fomento impuls\u00f3 el Foro de Prevenci\u00f3n de Riesgos Laborales (PRL) para promover una mejora de la prevenci\u00f3n de riesgos laborales en las empresas y fomentarla en el conjunto de la sociedad, a trav\u00e9s del intercambio de conocimientos, la reflexi\u00f3n y el aprendizaje continuo.<\/p>\n<\/div>\n<\/div>\n<p>[\/vc_column_text][\/vc_column][\/vc_row]<\/p>\n<\/section>","protected":false},"excerpt":{"rendered":"<p>[vc_row][vc_column width=\u00bb1\/1&#8243;][vc_column_text] El secretario de Estado de Energ\u00eda, Alberto Nadal, defendi\u00f3 hoy a Foment la reforma energ\u00e9tica impulsada por el Gobierno Central porque, dijo, \u00abha procurado ser equilibrada con todos los actores si se tiene en cuenta la mala situaci\u00f3n de partida\u00bb. Nadal ha asegurado que esta reforma pretende ser \u00abdefinitiva\u00bb y debe permitir \u00abprofundizar en la eficiencia energ\u00e9tica en Espa\u00f1a, que todav\u00eda tiene mucho recorrido\u00bb. Nadal ha centrado sesi\u00f3n monogr\u00e1fica impulsada por el Foro Energ\u00eda Empresa de Foment del Treball, el \u00f3rgano directivo del que preside Carles Casanovas. &nbsp; El presidente de Foment del Treball, Joaquim Gay de Montell\u00e0, que ha abierto la jornada, ha asegurado que \u00ablos empresarios de Catalu\u00f1a y de toda Espa\u00f1a estamos muy interesados en ver el desenlace de esta reforma que afecta a tantos sectores del vector energ\u00e9tico \u00ab. En este sentido, Nadal ha defendido la necesidad de la reforma y su orientaci\u00f3n porque, asegur\u00f3, \u00abes necesario estabilizar el sistema y tomar las medidas adecuadas para asegurar su sostenibilidad; nunca debemos permitir que la deuda acumulada sea superior al 10 % de los ingresos\u00bb. [\/vc_column_text][\/vc_column][\/vc_row][vc_row][vc_column][vc_column_text] [\/vc_column_text][\/vc_column][\/vc_row][vc_row][vc_column width=\u00bb1\/1&#8243;][vc_column_text]En cuanto a la cuesti\u00f3n de las renovables, Nadal ha asegurado que \u00abel problema no han sido las [&hellip;]<\/p>\n","protected":false},"author":24,"featured_media":18066,"comment_status":"closed","ping_status":"closed","sticky":false,"template":"","format":"standard","meta":{"_links_to":"","_links_to_target":""},"categories":[111,121],"tags":[],"acf":[],"wps_subtitle":"El secretario de Estado de Energ\u00eda, Alberto Nadal, presenta en Foment la reforma energ\u00e9tica, que pretende que sea \u201d definitiva\u201d","_links":{"self":[{"href":"https:\/\/www.foment.com\/es\/wp-json\/wp\/v2\/posts\/16401"}],"collection":[{"href":"https:\/\/www.foment.com\/es\/wp-json\/wp\/v2\/posts"}],"about":[{"href":"https:\/\/www.foment.com\/es\/wp-json\/wp\/v2\/types\/post"}],"author":[{"embeddable":true,"href":"https:\/\/www.foment.com\/es\/wp-json\/wp\/v2\/users\/24"}],"replies":[{"embeddable":true,"href":"https:\/\/www.foment.com\/es\/wp-json\/wp\/v2\/comments?post=16401"}],"version-history":[{"count":0,"href":"https:\/\/www.foment.com\/es\/wp-json\/wp\/v2\/posts\/16401\/revisions"}],"wp:featuredmedia":[{"embeddable":true,"href":"https:\/\/www.foment.com\/es\/wp-json\/wp\/v2\/media\/18066"}],"wp:attachment":[{"href":"https:\/\/www.foment.com\/es\/wp-json\/wp\/v2\/media?parent=16401"}],"wp:term":[{"taxonomy":"category","embeddable":true,"href":"https:\/\/www.foment.com\/es\/wp-json\/wp\/v2\/categories?post=16401"},{"taxonomy":"post_tag","embeddable":true,"href":"https:\/\/www.foment.com\/es\/wp-json\/wp\/v2\/tags?post=16401"}],"curies":[{"name":"wp","href":"https:\/\/api.w.org\/{rel}","templated":true}]}}