{"id":164207,"date":"2023-05-25T15:56:11","date_gmt":"2023-05-25T13:56:11","guid":{"rendered":"https:\/\/www.foment.com\/foment-presenta-estudi-impulsat-fundacio-cife-evolucio-positiva-insuficient-formacio-professional\/"},"modified":"2023-05-25T17:43:05","modified_gmt":"2023-05-25T15:43:05","slug":"foment-presenta-estudio-impulsado-fundacion-cife-evolucion-positiva-insuficiente-fp","status":"publish","type":"post","link":"https:\/\/www.foment.com\/es\/foment-presenta-estudio-impulsado-fundacion-cife-evolucion-positiva-insuficiente-fp\/","title":{"rendered":"Foment presenta un estudio impulsado por la Fundaci\u00f3n CIFE que muestra una evoluci\u00f3n positiva pero insuficiente de la formaci\u00f3n profesional a nuestro pa\u00eds"},"content":{"rendered":"<section class=\"wpb-content-wrapper\"><p>[vc_row][vc_column width=\u00bb1\/1&#8243;][vc_column_text]Fomento del Trabajo ha presentado el informe <em>\u2019<strong><a href=\"https:\/\/www.foment.com\/wp-content\/uploads\/2023\/05\/InformeFormacio\u0301nProfesionalCIFE.pdf\">Formaci\u00f3n Profesional y para lo Empleo el Espa\u00f1a<\/a>\u2019<\/strong><\/em> de la Fundaci\u00f3n para la Calidad e Innovaci\u00f3n de la Formaci\u00f3n y lo Empleo (Fundaci\u00f3n CIFE), en el cual se evidencia que<strong> el reciclaje y la formaci\u00f3n continua de las personas trabajadoras contin\u00faa siendo una asignatura pendiente en Catalu\u00f1a y Espa\u00f1a<\/strong>. El estudio constata que hay que resolver con urgencia esta situaci\u00f3n para ser capaces de afrontar las proyecciones futuras de la demanda del mercado de trabajo, sobre las cuales se estima que <strong>en los pr\u00f3ximos a\u00f1os se necesitar\u00e1 cubrir m\u00e1s de 12 millones de puestos de trabajo<\/strong>.<\/p>\n<p>El presidente de la fundaci\u00f3n, <strong>Valeriano G\u00f3mez<\/strong>, ha destacado el momento de cambio actual en el dise\u00f1o del sistema de formaci\u00f3n para la ocupaci\u00f3n, identificando una serie de <strong>objetivos en el corto plazo: estabilidad en el sistema con convocatorias recurrentes, ejecuci\u00f3n presupuestaria, impulso del funcionamiento de la FP Dual y hacer llegar la formaci\u00f3n a la peque\u00f1a empresa<\/strong>.<\/p>\n<p>El autor del informe,<strong> Juan Mar\u00eda Men\u00e9ndez-Vald\u00e9s<\/strong>, ha hecho una exposici\u00f3n global del informe, analizando en detalle los aspectos m\u00e1s destacables de la situaci\u00f3n de la formaci\u00f3n para la ocupaci\u00f3n. En este sentido, ha alertado que el Estado no est\u00e1 ejecutando la totalidad de los fondos que anualmente dispone para la formaci\u00f3n de personas, tanto trabajadores en activo como parados que buscan reengancharse en el mercado laboral.<strong> Entre el 42% y el 44% del presupuesto p\u00fablico disponible para la formaci\u00f3n de empresas y personas al paro, acaba sin ejecutarse, unos 1,04 millones de euros en el ejercicio del 2021<\/strong>. Una situaci\u00f3n preocupante teniendo en cuenta que Espa\u00f1a se encuentra a la cola europea en cuanto a tasa de abandono escolar, solo superados por Ruman\u00eda, ha manifestado Men\u00e9ndez-Vald\u00e9s.[\/vc_column_text]<div class=\"single_image wpb_content_element align-center    \" data-animation=\"none\" data-delay=\"0\"><img width=\"413\" height=\"294\" src=\"https:\/\/www.foment.com\/wp-content\/uploads\/2023\/05\/Grafico-2.png\" class=\"attachment-full\" alt=\"\" loading=\"lazy\" title=\"Gr\u00e1fico 2\" srcset=\"https:\/\/www.foment.com\/wp-content\/uploads\/2023\/05\/Grafico-2.png 413w, https:\/\/www.foment.com\/wp-content\/uploads\/2023\/05\/Grafico-2-300x214.png 300w\" sizes=\"(max-width: 413px) 100vw, 413px\" \/><\/div>[vc_column_text]En el foco de \u00e1mbito catal\u00e1n, <strong>Oriol Homs Ferret<\/strong>, experto internacional en pol\u00edticas locales, formaci\u00f3n profesional y ocupaci\u00f3n, ha remarcado que <strong>se prev\u00e9n unas 40.000 oportunidades de trabajo anuales con FP en Catalu\u00f1a<\/strong>, donde destacan comercio, industria manufacturera, salud y servicios sociales, construcci\u00f3n, hosteler\u00eda, transporte y servicios auxiliares, como gremios que m\u00e1s requerir\u00e1n refuerzos a corto plazo, seg\u00fan datos del <a href=\"https:\/\/www.observatoriofp.com\/\"><strong>Observatorio de la Formaci\u00f3n Profesional de CaixaBank Dualiza<\/strong>.<\/a><\/p>\n<p>En cuanto al colectivo de parados, Homs Ferret ha alertado que Catalu\u00f1a presenta datos peores que la media espa\u00f1ola, puesto que encontramos una <strong>menor proporci\u00f3n de parados que hacen cursos de formaci\u00f3n mientras buscan una nueva ocupaci\u00f3n. Un 4,3%, frente al 5,2% del conjunto de Espa\u00f1a.<\/strong><\/p>\n<p>El presidente de la Comisi\u00f3n de FP de Fomento, <strong>Manuel Rosillo<\/strong>, y el presidente del Consejo de Trabajo, Econ\u00f3mico y Social de Catalu\u00f1a (CTESC) <strong>Toni Mora<\/strong>, han participado en la apertura y la conclusi\u00f3n de la jornada respectivamente, y ambos han coincidido en una <strong>defensa total de la formaci\u00f3n como instrumento esencial para la mejora de la empleabilidad<\/strong>, adem\u00e1s han insistido en el <strong>momento clave de la formaci\u00f3n a nuestro pa\u00eds y en la necesidad de una reforma del sistema de FP que aporte estabilidad.<\/strong>[\/vc_column_text][\/vc_column][\/vc_row]<\/p>\n<\/section>","protected":false},"excerpt":{"rendered":"<p>[vc_row][vc_column width=\u00bb1\/1&#8243;][vc_column_text]Fomento del Trabajo ha presentado el informe \u2019Formaci\u00f3n Profesional y para lo Empleo el Espa\u00f1a\u2019 de la Fundaci\u00f3n para la Calidad e Innovaci\u00f3n de la Formaci\u00f3n y lo Empleo (Fundaci\u00f3n CIFE), en el cual se evidencia que el reciclaje y la formaci\u00f3n continua de las personas trabajadoras contin\u00faa siendo una asignatura pendiente en Catalu\u00f1a y Espa\u00f1a. El estudio constata que hay que resolver con urgencia esta situaci\u00f3n para ser capaces de afrontar las proyecciones futuras de la demanda del mercado de trabajo, sobre las cuales se estima que en los pr\u00f3ximos a\u00f1os se necesitar\u00e1 cubrir m\u00e1s de 12 millones de puestos de trabajo. El presidente de la fundaci\u00f3n, Valeriano G\u00f3mez, ha destacado el momento de cambio actual en el dise\u00f1o del sistema de formaci\u00f3n para la ocupaci\u00f3n, identificando una serie de objetivos en el corto plazo: estabilidad en el sistema con convocatorias recurrentes, ejecuci\u00f3n presupuestaria, impulso del funcionamiento de la FP Dual y hacer llegar la formaci\u00f3n a la peque\u00f1a empresa. El autor del informe, Juan Mar\u00eda Men\u00e9ndez-Vald\u00e9s, ha hecho una exposici\u00f3n global del informe, analizando en detalle los aspectos m\u00e1s destacables de la situaci\u00f3n de la formaci\u00f3n para la ocupaci\u00f3n. En este sentido, ha alertado que el Estado [&hellip;]<\/p>\n","protected":false},"author":284,"featured_media":164201,"comment_status":"closed","ping_status":"closed","sticky":false,"template":"","format":"standard","meta":{"_links_to":"","_links_to_target":""},"categories":[114,113,5714],"tags":[1239,280],"acf":[],"wps_subtitle":"","_links":{"self":[{"href":"https:\/\/www.foment.com\/es\/wp-json\/wp\/v2\/posts\/164207"}],"collection":[{"href":"https:\/\/www.foment.com\/es\/wp-json\/wp\/v2\/posts"}],"about":[{"href":"https:\/\/www.foment.com\/es\/wp-json\/wp\/v2\/types\/post"}],"author":[{"embeddable":true,"href":"https:\/\/www.foment.com\/es\/wp-json\/wp\/v2\/users\/284"}],"replies":[{"embeddable":true,"href":"https:\/\/www.foment.com\/es\/wp-json\/wp\/v2\/comments?post=164207"}],"version-history":[{"count":7,"href":"https:\/\/www.foment.com\/es\/wp-json\/wp\/v2\/posts\/164207\/revisions"}],"predecessor-version":[{"id":164241,"href":"https:\/\/www.foment.com\/es\/wp-json\/wp\/v2\/posts\/164207\/revisions\/164241"}],"wp:featuredmedia":[{"embeddable":true,"href":"https:\/\/www.foment.com\/es\/wp-json\/wp\/v2\/media\/164201"}],"wp:attachment":[{"href":"https:\/\/www.foment.com\/es\/wp-json\/wp\/v2\/media?parent=164207"}],"wp:term":[{"taxonomy":"category","embeddable":true,"href":"https:\/\/www.foment.com\/es\/wp-json\/wp\/v2\/categories?post=164207"},{"taxonomy":"post_tag","embeddable":true,"href":"https:\/\/www.foment.com\/es\/wp-json\/wp\/v2\/tags?post=164207"}],"curies":[{"name":"wp","href":"https:\/\/api.w.org\/{rel}","templated":true}]}}