{"id":16421,"date":"2013-10-15T09:00:40","date_gmt":"2013-10-15T07:00:40","guid":{"rendered":"http:\/\/foment.itartech.com\/?p=16421"},"modified":"2017-07-11T14:45:08","modified_gmt":"2017-07-11T12:45:08","slug":"randstad-renueva-compromiso-foment-del-treball-foro-recursos-humanos","status":"publish","type":"post","link":"https:\/\/www.foment.com\/es\/randstad-renueva-compromiso-foment-del-treball-foro-recursos-humanos\/","title":{"rendered":"Randstad renueva su compromiso con Foment del Treball y su Foro de Recursos Humanos"},"content":{"rendered":"<section class=\"wpb-content-wrapper\"><p>[vc_row][vc_column width=\u00bb1\/1&#8243;][vc_column_text]Randstad ha renovado su compromiso con Foment del Treball y el Foro de Recursos Humanos (RRHH) de la principal organizaci\u00f3n empresarial catalana. La empresa de soluciones de trabajo mantiene su apuesta como patrocinador preferente de todas las actividades que Foment realiza para profesionales de los servicios de recursos humanos a trav\u00e9s de este Foro RRHH. Randstad es una empresa l\u00edder en su sector, con m\u00e1s de 50 a\u00f1os de experiencia y una red de 4.600 oficinas en todo el mundo, con presencia en 40 pa\u00edses y 29.300 empleados.<\/p>\n<div>La directora general de Public Affairs de Randstad, M\u00aa \u00c1ngeles Tejada, y el secretario general de Foment, Joan Pujol, han rubricado el acuerdo de patrocinio que refuerza un a\u00f1o m\u00e1s las relaciones entre las dos instituciones para el patrocinio del conocimiento y de las buenas pr\u00e1cticas en la gesti\u00f3n de recursos humanos a trav\u00e9s del Foro RRHH. Esta plataforma que Foment pone a disposici\u00f3n de los profesionales de servicios de recursos humanos, durante el primer semestre de 2013, ha celebrado un total de 8 sesiones con 854 inscritos -equivalentes a 106 asistencias por sesi\u00f3n-, sin contabilizar el Prep\u00e1rate 2013 \u00abJornada de desarrollo profesional y personal para la b\u00fasqueda de empleo\u00bb, impulsado por el Foro RRHH de Foment y celebrado en la Fira de Barcelona, que siguieron m\u00e1s de 10.000 personas.<\/div>\n<p>[\/vc_column_text][\/vc_column][\/vc_row][vc_row][vc_column width=\u00bb1\/1&#8243;]<div class=\"spacer\" style=\"height: 20px;\"><\/div><div class=\"single_image wpb_content_element align-center    \" data-animation=\"none\" data-delay=\"0\"><img width=\"500\" height=\"333\" src=\"https:\/\/www.foment.com\/wp-content\/uploads\/2013\/10\/Foment_del_treball_Conveni_Randstad_2.png\" class=\"attachment-full\" alt=\"\" loading=\"lazy\" title=\"La directora general de Public Affairs de Randstad, M\u00aa \u00c1ngeles Tejada, y el secretario general de Foment, Joan Pujol, han rubricado el acuerdo. \u00a9 Job Vermeulen.\" srcset=\"https:\/\/www.foment.com\/wp-content\/uploads\/2013\/10\/Foment_del_treball_Conveni_Randstad_2.png 500w, https:\/\/www.foment.com\/wp-content\/uploads\/2013\/10\/Foment_del_treball_Conveni_Randstad_2-300x200.png 300w\" sizes=\"(max-width: 500px) 100vw, 500px\" \/><span class=\"single_image_caption\">La directora general de Public Affairs de Randstad, M\u00aa \u00c1ngeles Tejada, y el secretario general de Foment, Joan Pujol, han rubricado el acuerdo.\n\u00a9 Job Vermeulen.<\/span><\/div><div class=\"spacer\" style=\"height: 20px;\"><\/div>[\/vc_column][\/vc_row][vc_row][vc_column width=\u00bb1\/1&#8243;][vc_column_text]<\/p>\n<div>En cuanto al perfil de los asistentes a los actos que peri\u00f3dicamente realiza el Foro RRHH, se combina entre Directores de Recursos Humanos (30%), T\u00e9cnicos (20%), Consultores (40%) y otros (10%). El \u00faltimo a\u00f1o completo cerrado, \u00a02012, refleja que en 9 sesiones se inscribieron 1.336 personas. Adem\u00e1s, alrededor del Foro RRHH, mediante las redes sociales y las relaciones offline, se articula una comunidad de unos 6.000 profesionales.<\/div>\n<p>&nbsp;<\/p>\n<h3><strong>Foro de prestigio entre los profesionales del sector<\/strong><\/h3>\n<div>Foro de prestigio entre los profesionales del sector El Foro RRHH de Foment del Treball es una plataforma y punto de encuentro y debate entre directivos y profesionales de recursos humanos. Creado en 2001 por un grupo de prestigiosos directores de recursos humanos, permite un entorno para el intercambio de ideas y experiencias en torno a la gesti\u00f3n de equipos humanos en organizaciones. A d\u00eda de hoy, es ya una de las principales plataformas de debate del pa\u00eds sobre cuestiones relacionadas con la gesti\u00f3n de los recursos humanos, a la vez que es un escaparate de las mejores pr\u00e1cticas en aspectos de la gesti\u00f3n de los equipos humanos. Las sesiones de benchmarking son la l\u00ednea de actividad organizada por el Foro RRHH de Fomento del Trabajo que despierta m\u00e1s expectaci\u00f3n.<\/div>\n<p>&nbsp;<\/p>\n<div>La alimentaci\u00f3n de una red social de contactos profesionales es uno de los ejes clave de la actividad del Foro. As\u00ed, por ejemplo, la evoluci\u00f3n de sus sesiones y los temas de debate se siguen a trav\u00e9s de la cuenta <a href=\"https:\/\/twitter.com\/Foro_RRHH\" target=\"_blank\">@Foro_RRHH<\/a> y del hashtag <a href=\"https:\/\/twitter.com\/search?vertical=default&amp;q=%23fororrhh\" target=\"_blank\">#fororrhh<\/a>.<\/div>\n<p>[\/vc_column_text][\/vc_column][\/vc_row][vc_row][vc_column width=\u00bb1\/1&#8243;]<div class=\"spacer\" style=\"height: 20px;\"><\/div><div class=\"single_image wpb_content_element align-center    \" data-animation=\"none\" data-delay=\"0\"><img width=\"500\" height=\"333\" src=\"https:\/\/www.foment.com\/wp-content\/uploads\/2013\/10\/Foment_del_treball_Conveni_Randstad_3.png\" class=\"attachment-full\" alt=\"\" loading=\"lazy\" title=\"El presidente de Foment, Joaquim Gay de Montell\u00e0, amb la directora general de Public Affairs de Randstad, M\u00aa \u00c1ngeles Tejada, y el secretario general de Foment, Joan Pujol. \u00a9 Job Vermeulen.\" srcset=\"https:\/\/www.foment.com\/wp-content\/uploads\/2013\/10\/Foment_del_treball_Conveni_Randstad_3.png 500w, https:\/\/www.foment.com\/wp-content\/uploads\/2013\/10\/Foment_del_treball_Conveni_Randstad_3-300x200.png 300w\" sizes=\"(max-width: 500px) 100vw, 500px\" \/><span class=\"single_image_caption\">El presidente de Foment, Joaquim Gay de Montell\u00e0, amb la directora general de Public Affairs de Randstad, M\u00aa \u00c1ngeles Tejada, y el secretario general de Foment, Joan Pujol.\n\u00a9 Job Vermeulen.<\/span><\/div><div class=\"spacer\" style=\"height: 20px;\"><\/div>[\/vc_column][\/vc_row][vc_row][vc_column width=\u00bb1\/1&#8243;][vc_column_text]<\/p>\n<h3><strong>Difusi\u00f3n de conocimiento e intercambio de ideas<\/strong><\/h3>\n<div>La difusi\u00f3n de conocimiento y el intercambio de ideas consolidan Foment del Treball como punto de referencia entre los profesionales del sector de las principales empresas espa\u00f1olas y, al mismo tiempo, le permiten profundizar en el conocimiento de las necesidades y las din\u00e1micas del tejido empresarial catal\u00e1n. Foment cuenta con ciclos de seminarios tem\u00e1ticos, foros profesionales y jornadas y conferencias para promover el debate y el conocimiento en los c\u00edrculos empresariales. A trav\u00e9s de las diferentes actividades organizadas por Foment del Treball, durante el 2012 -\u00faltimo a\u00f1o cerrado- se impact\u00f3 sobre 16.954 profesionales con alrededor de un centenar de actividades realizadas.<\/div>\n<p>&nbsp;<\/p>\n<div>Espec\u00edficamente, en cuanto a foros profesionales, Foment del Treball cuenta en la actualidad con cuatro abiertos a los profesionales de los sectores del marketing, los recursos humanos, la gesti\u00f3n energ\u00e9tica y la prevenci\u00f3n de riesgos laborales.<\/div>\n<p>&nbsp;<\/p>\n<h3><strong>Foment del Treball Nacional<\/strong><\/h3>\n<div>Foment del Treball Nacional, con el origen en 1771, es la Confederaci\u00f3n de organizaciones empresariales y empresas de Catalu\u00f1a, que representa desde hace dos siglos y medio al empresariado catal\u00e1n y su potente industria. Es una organizaci\u00f3n independiente, privada , sin \u00e1nimo de lucro, acogida al derecho constitucional y legal de asociaci\u00f3n de los empresarios, y que se rige con criterios democr\u00e1ticos por representantes libremente escogidos. Es la instituci\u00f3n que representa la mayor parte del tejido empresarial y de la industria de Catalu\u00f1a, ya que forman parte de ella m\u00e1s de 300 organizaciones territoriales y sectoriales por v\u00eda de asociaci\u00f3n directa o indirecta.<\/div>\n<p>&nbsp;<\/p>\n<div>Foment del Treball tiene el aval de dos siglos y medio de historia para ser l\u00edder social y referente de opini\u00f3n p\u00fablica a favor del progreso de Catalu\u00f1a y de fortalecerla como motor econ\u00f3mico del sur-oeste de Europa y de la cuenca mediterr\u00e1nea, en defensa de un marco de libertades, de econom\u00eda de mercado y de sociedad del bienestar.<\/div>\n<p>&nbsp;<\/p>\n<div>Foment del Treball, como patronal catalana, es la \u00fanica instituci\u00f3n que representa al empresariado y la industria catalanes ante los poderes p\u00fablicos y los reguladores de Catalu\u00f1a, Espa\u00f1a y la Uni\u00f3n Europea. Es miembro fundador de la Confederaci\u00f3n Espa\u00f1ola de Organizaciones Empresariales (CEOE), donde tiene un papel de relevancia y es, de esta manera, la \u00fanica representaci\u00f3n del empresariado catal\u00e1n en el seno de las organizaciones empresariales espa\u00f1olas. Adem\u00e1s, de la mano de CEOE, Foment es la \u00fanica representaci\u00f3n del empresariado catal\u00e1n en las organizaciones empresariales europeas e internacionales.<\/div>\n<p>[\/vc_column_text][\/vc_column][\/vc_row]<\/p>\n<\/section>","protected":false},"excerpt":{"rendered":"<p>[vc_row][vc_column width=\u00bb1\/1&#8243;][vc_column_text]Randstad ha renovado su compromiso con Foment del Treball y el Foro de Recursos Humanos (RRHH) de la principal organizaci\u00f3n empresarial catalana. La empresa de soluciones de trabajo mantiene su apuesta como patrocinador preferente de todas las actividades que Foment realiza para profesionales de los servicios de recursos humanos a trav\u00e9s de este Foro RRHH. Randstad es una empresa l\u00edder en su sector, con m\u00e1s de 50 a\u00f1os de experiencia y una red de 4.600 oficinas en todo el mundo, con presencia en 40 pa\u00edses y 29.300 empleados. La directora general de Public Affairs de Randstad, M\u00aa \u00c1ngeles Tejada, y el secretario general de Foment, Joan Pujol, han rubricado el acuerdo de patrocinio que refuerza un a\u00f1o m\u00e1s las relaciones entre las dos instituciones para el patrocinio del conocimiento y de las buenas pr\u00e1cticas en la gesti\u00f3n de recursos humanos a trav\u00e9s del Foro RRHH. Esta plataforma que Foment pone a disposici\u00f3n de los profesionales de servicios de recursos humanos, durante el primer semestre de 2013, ha celebrado un total de 8 sesiones con 854 inscritos -equivalentes a 106 asistencias por sesi\u00f3n-, sin contabilizar el Prep\u00e1rate 2013 \u00abJornada de desarrollo profesional y personal para la b\u00fasqueda de empleo\u00bb, impulsado [&hellip;]<\/p>\n","protected":false},"author":24,"featured_media":18082,"comment_status":"closed","ping_status":"closed","sticky":false,"template":"","format":"standard","meta":{"_links_to":"","_links_to_target":""},"categories":[120],"tags":[692],"acf":[],"wps_subtitle":"La empresa contin\u00faa como patrocinador preferente de las diversas actividades que organiza el Foro de RRHH: sesiones de benchmarking, tendencias, Tarima de Opini\u00f3n y Fiesta de la Primavera","_links":{"self":[{"href":"https:\/\/www.foment.com\/es\/wp-json\/wp\/v2\/posts\/16421"}],"collection":[{"href":"https:\/\/www.foment.com\/es\/wp-json\/wp\/v2\/posts"}],"about":[{"href":"https:\/\/www.foment.com\/es\/wp-json\/wp\/v2\/types\/post"}],"author":[{"embeddable":true,"href":"https:\/\/www.foment.com\/es\/wp-json\/wp\/v2\/users\/24"}],"replies":[{"embeddable":true,"href":"https:\/\/www.foment.com\/es\/wp-json\/wp\/v2\/comments?post=16421"}],"version-history":[{"count":0,"href":"https:\/\/www.foment.com\/es\/wp-json\/wp\/v2\/posts\/16421\/revisions"}],"wp:featuredmedia":[{"embeddable":true,"href":"https:\/\/www.foment.com\/es\/wp-json\/wp\/v2\/media\/18082"}],"wp:attachment":[{"href":"https:\/\/www.foment.com\/es\/wp-json\/wp\/v2\/media?parent=16421"}],"wp:term":[{"taxonomy":"category","embeddable":true,"href":"https:\/\/www.foment.com\/es\/wp-json\/wp\/v2\/categories?post=16421"},{"taxonomy":"post_tag","embeddable":true,"href":"https:\/\/www.foment.com\/es\/wp-json\/wp\/v2\/tags?post=16421"}],"curies":[{"name":"wp","href":"https:\/\/api.w.org\/{rel}","templated":true}]}}