{"id":16543,"date":"2015-04-20T09:00:02","date_gmt":"2015-04-20T07:00:02","guid":{"rendered":"http:\/\/foment.itartech.com\/?p=16543"},"modified":"2016-10-31T11:16:15","modified_gmt":"2016-10-31T10:16:15","slug":"fepime-organiza-ii-congreso-pymes-encuentros-sectoriales-dos-meses-toda-cataluna","status":"publish","type":"post","link":"https:\/\/www.foment.com\/es\/fepime-organiza-ii-congreso-pymes-encuentros-sectoriales-dos-meses-toda-cataluna\/","title":{"rendered":"Fepime organiza el II Congreso de Pymes con encuentros sectoriales durante dos meses en toda Catalu\u00f1a"},"content":{"rendered":"<section class=\"wpb-content-wrapper\"><p>[vc_row][vc_column width=\u00bb1\/1&#8243;][vc_column_text]Fepime, la Federaci\u00f3n de la Peque\u00f1a y Mediana Empresa de Catalu\u00f1a, organiza el <strong>II Congreso de la Micro, Peque\u00f1a y Mediana empresa de Catalu\u00f1a<\/strong> 2015 que comenzar\u00e1 en Lleida el mi\u00e9rcoles 22 de abril y finalizar\u00e1 los primeros d\u00edas del mes de julio en Barcelona. El congreso consta de un total de 11 encuentros sectoriales en los diferentes territorios donde se tratar\u00e1n las principales cuestiones transversales desde la perspectiva de las pymes.<\/p>\n<p>La presidenta de Fepime, Mar\u00eda Helena de Felipe, tiene el objetivo de escuchar las propuestas de los empresarios y los territorios para cerrar un documento muy \u00abpr\u00e1ctico y realista que nos ayude a trabajar en la consolidaci\u00f3n de la recuperaci\u00f3n\u00bb. De hecho, el lema de los encuentros es \u00abLas pymes: clave de la recuperaci\u00f3n\u00bb y el prop\u00f3sito es conocer los ejes de trabajo para crecer y trabajar m\u00e1s intensamente en los espacios de mejora que en este momento representan un obst\u00e1culo para las peque\u00f1as y medianas empresas.<\/p>\n<p>Fepime enviar\u00e1 al gobierno catal\u00e1n el documento final de trabajo con el conjunto de propuestas que los empresarios consideren prioritarias para aprovechar este momento de incipiente recuperaci\u00f3n econ\u00f3mica. Los temas que se tratar\u00e1n son: reforma administrativa y de la regulaci\u00f3n; financiaci\u00f3n; infraestructuras; fiscalidad; investigaci\u00f3n, desarrollo e innovaci\u00f3n; internacionalizaci\u00f3n; formaci\u00f3n; esp\u00edritu empresarial; relaciones laborales; energ\u00eda; y Medio Ambiente.<\/p>\n<p>El calendario de los encuentros territoriales es el siguiente:<\/p>\n<ul>\n<li>Lleida 22 de abril<\/li>\n<li>Girona 29 de abril<\/li>\n<li>Ripoll 6 de mayo<\/li>\n<li>Vilanova i la Geltr\u00fa 7 de mayo<\/li>\n<li>L\u2019Hospitalet de Llobregat 11 de mayo<\/li>\n<li>Igualada 14 de mayo<\/li>\n<li>Matar\u00f3 19 de mayo<\/li>\n<li>Tortosa 26 de mayo<\/li>\n<li>Berga 28 de mayo<\/li>\n<li>Caldes de Montbui 4 de junio<\/li>\n<li>Tarragona 11 de junio<\/li>\n<\/ul>\n<p>[\/vc_column_text][\/vc_column][\/vc_row]<\/p>\n<\/section>","protected":false},"excerpt":{"rendered":"<p>[vc_row][vc_column width=\u00bb1\/1&#8243;][vc_column_text]Fepime, la Federaci\u00f3n de la Peque\u00f1a y Mediana Empresa de Catalu\u00f1a, organiza el II Congreso de la Micro, Peque\u00f1a y Mediana empresa de Catalu\u00f1a 2015 que comenzar\u00e1 en Lleida el mi\u00e9rcoles 22 de abril y finalizar\u00e1 los primeros d\u00edas del mes de julio en Barcelona. El congreso consta de un total de 11 encuentros sectoriales en los diferentes territorios donde se tratar\u00e1n las principales cuestiones transversales desde la perspectiva de las pymes. La presidenta de Fepime, Mar\u00eda Helena de Felipe, tiene el objetivo de escuchar las propuestas de los empresarios y los territorios para cerrar un documento muy \u00abpr\u00e1ctico y realista que nos ayude a trabajar en la consolidaci\u00f3n de la recuperaci\u00f3n\u00bb. De hecho, el lema de los encuentros es \u00abLas pymes: clave de la recuperaci\u00f3n\u00bb y el prop\u00f3sito es conocer los ejes de trabajo para crecer y trabajar m\u00e1s intensamente en los espacios de mejora que en este momento representan un obst\u00e1culo para las peque\u00f1as y medianas empresas. Fepime enviar\u00e1 al gobierno catal\u00e1n el documento final de trabajo con el conjunto de propuestas que los empresarios consideren prioritarias para aprovechar este momento de incipiente recuperaci\u00f3n econ\u00f3mica. Los temas que se tratar\u00e1n son: reforma administrativa y de la regulaci\u00f3n; [&hellip;]<\/p>\n","protected":false},"author":24,"featured_media":0,"comment_status":"closed","ping_status":"closed","sticky":false,"template":"","format":"standard","meta":{"_links_to":"","_links_to_target":""},"categories":[68],"tags":[],"acf":[],"wps_subtitle":"El congreso se organiza bajo el lema \u201cLas pymes: clave de la recuperaci\u00f3n\u201d y abordar\u00e1 cuestiones como la reforma administrativa, la financiaci\u00f3n, las infraestructuras, la fiscalidad, la formaci\u00f3n o la energ\u00eda","_links":{"self":[{"href":"https:\/\/www.foment.com\/es\/wp-json\/wp\/v2\/posts\/16543"}],"collection":[{"href":"https:\/\/www.foment.com\/es\/wp-json\/wp\/v2\/posts"}],"about":[{"href":"https:\/\/www.foment.com\/es\/wp-json\/wp\/v2\/types\/post"}],"author":[{"embeddable":true,"href":"https:\/\/www.foment.com\/es\/wp-json\/wp\/v2\/users\/24"}],"replies":[{"embeddable":true,"href":"https:\/\/www.foment.com\/es\/wp-json\/wp\/v2\/comments?post=16543"}],"version-history":[{"count":0,"href":"https:\/\/www.foment.com\/es\/wp-json\/wp\/v2\/posts\/16543\/revisions"}],"wp:attachment":[{"href":"https:\/\/www.foment.com\/es\/wp-json\/wp\/v2\/media?parent=16543"}],"wp:term":[{"taxonomy":"category","embeddable":true,"href":"https:\/\/www.foment.com\/es\/wp-json\/wp\/v2\/categories?post=16543"},{"taxonomy":"post_tag","embeddable":true,"href":"https:\/\/www.foment.com\/es\/wp-json\/wp\/v2\/tags?post=16543"}],"curies":[{"name":"wp","href":"https:\/\/api.w.org\/{rel}","templated":true}]}}