{"id":16572,"date":"2013-10-31T09:00:49","date_gmt":"2013-10-31T08:00:49","guid":{"rendered":"http:\/\/foment.itartech.com\/?p=16572"},"modified":"2016-12-04T13:58:12","modified_gmt":"2016-12-04T12:58:12","slug":"bdigital-ctecno-cluster-audiovisual-suman-esfuerzos-impulsar-los-sectores-tic-audiovisual","status":"publish","type":"post","link":"https:\/\/www.foment.com\/es\/bdigital-ctecno-cluster-audiovisual-suman-esfuerzos-impulsar-los-sectores-tic-audiovisual\/","title":{"rendered":"BDigital, CTecno y el Cl\u00faster Audiovisual suman esfuerzos para impulsar los sectores TIC y audiovisual"},"content":{"rendered":"<section class=\"wpb-content-wrapper\"><p>[vc_row][vc_column width=\u00bb1\/1&#8243;][vc_column_text]<\/p>\n<div>Barcelona Digital Centre Tecnol\u00f2gic (BDigital), el Cercle Tecnol\u00f2gic de Catalunya (CTecno) y el Cl\u00faster de la Ind\u00fastria Audiovisual de Catalunya han firmado un convenio de colaboraci\u00f3n con el objetivo de sumar esfuerzos en la promoci\u00f3n de las empresas TIC y audiovisuales de Catalu\u00f1a, y especialmente en la ideaci\u00f3n y difusi\u00f3n de aquellos proyectos de inter\u00e9s com\u00fan que puedan apoyar a estos sectores empresariales.<\/div>\n<p>[\/vc_column_text][\/vc_column][\/vc_row][vc_row][vc_column width=\u00bb1\/1&#8243;][vc_column_text]<\/p>\n<div>Las tres partes firmantes, representadas por Jordi William Carnes, presidente de CTecno, Carles Fradera, director general de BDigital y Xavier Guitart, presidente del Cl\u00faster del Audiovisual de Catalunya, quieren fomentar y animar a un esp\u00edritu de colaboraci\u00f3n y de generaci\u00f3n de relaciones personales, negocio, oportunidades, sinergias y proyectos entre todas sus empresas y administraciones colaboradoras. A tal fin, se realizar\u00e1n actos y eventos conjuntos en los \u00e1mbitos mencionados, como encuentros sectoriales, jornadas o congresos, y se participar\u00e1 en plataformas colaborativas y de intercambio sectorial.<\/div>\n<p>&nbsp;<\/p>\n<div>La firma del convenio se ha realizado en el marco del desayuno &#8211; debate \u00abLas TIC como motor de futuro del sector audiovisual\u00bb, organizado hoy por CTecno y BDigital, en colaboraci\u00f3n con Barcelona Activa en la sala Empr\u00e8n de su vivero de empresas. En el acto han intervenido, adem\u00e1s del propio Xavier Guitart, los empresarios del sector audiovisual Antoni Esteve, presidente de Lavinia, Bernat Aragon\u00e9s, director de postproducci\u00f3n de Apuntolapospo y Victoriano Mart\u00edn, director de Oracle en el \u00c1rea Mediterr\u00e1nea. Todos ellos han puesto de relieve las oportunidades que las soluciones digitales est\u00e1n generando en el sector del audiovisual.<\/div>\n<p>&nbsp;<\/p>\n<h3><strong>Sobre el Cl\u00faster Digital<\/strong><\/h3>\n<div>BDigital y Ctecno impulsan el Cl\u00faster Digital AEI \u2013TIC, inscrito en el registro especial de agrupaciones empresariales Innovadoras del Ministerio de Industria, Turismo y Comercio. En el marco del cl\u00faster se realizan diversas actividades con el objetivo de generar negocio para sus miembros y nuevos modelos de negocio innovadores para el sector TIC.<\/div>\n<p>&nbsp;<\/p>\n<h3><strong>Cl\u00faster Audiovisual: toda la cadena de valor del sector<\/strong><\/h3>\n<div>Foment del Treball forma parte de la mesa de entidades promotoras del Cl\u00faster Audiovisual de Catalunya, un ente que ha permitido a las principales empresas del sector audiovisual agruparse con el objetivo de hacer del audiovisual uno de los sectores industriales, econ\u00f3micos y culturales estrat\u00e9gicos del pa\u00eds y conseguir, de esta manera, generar riqueza. En el Cl\u00faster, y por primera vez, se han aglutinado empresas de toda la cadena de valor del audiovisual: productores, distribuidores, exhibidores, operadoras de radio y televisi\u00f3n, operadores de telecomunicaciones y empresas tecnol\u00f3gicas y de servicios.<\/div>\n<p>&nbsp;<\/p>\n<div>El cl\u00faster tiene el prop\u00f3sito de trabajar al servicio de todas las empresas y profesionales que, de una u otra manera, pueden ser beneficiarios del crecimiento de la actividad de una industria que moviliza a creativos, operadores, t\u00e9cnicos, servicios profesionales y tambi\u00e9n la investigaci\u00f3n y el desarrollo de disciplinas acad\u00e9micas del mundo universitario. Se trata de rentabilizar al m\u00e1ximo la capacidad y recursos de las instituciones colaboradoras para reducir costes, generar sinergias y trabajar con la m\u00e1xima eficiencia y unidad para el impulso industrial. El Cl\u00faster de la Ind\u00fastria Audiovisual de Catalunya ha sido impulsado un grupo de entidades econ\u00f3micas e industriales e inicialmente est\u00e1 integrado por una cincuentena de empresas promotoras.<\/div>\n<p>&nbsp;<\/p>\n<div>Seg\u00fan datos del 2010, el audiovisual factura en Catalu\u00f1a 1.700 millones de euros al a\u00f1o y ocupa a 10.200 personas, y es uno de los pocos sectores que crea mano de obra de menores de 30 a\u00f1os. El Cl\u00faster quiere fomentar la competitividad, la eficiencia y la innovaci\u00f3n para crear nuevas oportunidades y atraer nuevas inversiones. Convertir Catalu\u00f1a en referencia internacional y crear una nueva capitalidad industrial y cultural en el sur de Europa en torno al audiovisual son tambi\u00e9n prioridades del Cl\u00faster.<\/div>\n<p>[\/vc_column_text][\/vc_column][\/vc_row][vc_row][vc_column width=\u00bb1\/1&#8243;]<div class=\"spacer\" style=\"height: 20px;\"><\/div><a href=\"\/wp-content\/uploads\/2016\/08\/NdP-Convenio-CTECNO-Bdigital_CAST.pdf\" target=\"_blank\" class=\"button color-2 small \" style=\"border-radius: 2px;\">Descarga la noticia en PDF<\/a>[\/vc_column][\/vc_row]<\/p>\n<\/section>","protected":false},"excerpt":{"rendered":"<p>[vc_row][vc_column width=\u00bb1\/1&#8243;][vc_column_text] Barcelona Digital Centre Tecnol\u00f2gic (BDigital), el Cercle Tecnol\u00f2gic de Catalunya (CTecno) y el Cl\u00faster de la Ind\u00fastria Audiovisual de Catalunya han firmado un convenio de colaboraci\u00f3n con el objetivo de sumar esfuerzos en la promoci\u00f3n de las empresas TIC y audiovisuales de Catalu\u00f1a, y especialmente en la ideaci\u00f3n y difusi\u00f3n de aquellos proyectos de inter\u00e9s com\u00fan que puedan apoyar a estos sectores empresariales. [\/vc_column_text][\/vc_column][\/vc_row][vc_row][vc_column width=\u00bb1\/1&#8243;][vc_column_text] Las tres partes firmantes, representadas por Jordi William Carnes, presidente de CTecno, Carles Fradera, director general de BDigital y Xavier Guitart, presidente del Cl\u00faster del Audiovisual de Catalunya, quieren fomentar y animar a un esp\u00edritu de colaboraci\u00f3n y de generaci\u00f3n de relaciones personales, negocio, oportunidades, sinergias y proyectos entre todas sus empresas y administraciones colaboradoras. A tal fin, se realizar\u00e1n actos y eventos conjuntos en los \u00e1mbitos mencionados, como encuentros sectoriales, jornadas o congresos, y se participar\u00e1 en plataformas colaborativas y de intercambio sectorial. &nbsp; La firma del convenio se ha realizado en el marco del desayuno &#8211; debate \u00abLas TIC como motor de futuro del sector audiovisual\u00bb, organizado hoy por CTecno y BDigital, en colaboraci\u00f3n con Barcelona Activa en la sala Empr\u00e8n de su vivero de empresas. En el acto han intervenido, [&hellip;]<\/p>\n","protected":false},"author":24,"featured_media":18127,"comment_status":"closed","ping_status":"closed","sticky":false,"template":"","format":"standard","meta":{"_links_to":"","_links_to_target":""},"categories":[71],"tags":[],"acf":[],"wps_subtitle":"","_links":{"self":[{"href":"https:\/\/www.foment.com\/es\/wp-json\/wp\/v2\/posts\/16572"}],"collection":[{"href":"https:\/\/www.foment.com\/es\/wp-json\/wp\/v2\/posts"}],"about":[{"href":"https:\/\/www.foment.com\/es\/wp-json\/wp\/v2\/types\/post"}],"author":[{"embeddable":true,"href":"https:\/\/www.foment.com\/es\/wp-json\/wp\/v2\/users\/24"}],"replies":[{"embeddable":true,"href":"https:\/\/www.foment.com\/es\/wp-json\/wp\/v2\/comments?post=16572"}],"version-history":[{"count":0,"href":"https:\/\/www.foment.com\/es\/wp-json\/wp\/v2\/posts\/16572\/revisions"}],"wp:featuredmedia":[{"embeddable":true,"href":"https:\/\/www.foment.com\/es\/wp-json\/wp\/v2\/media\/18127"}],"wp:attachment":[{"href":"https:\/\/www.foment.com\/es\/wp-json\/wp\/v2\/media?parent=16572"}],"wp:term":[{"taxonomy":"category","embeddable":true,"href":"https:\/\/www.foment.com\/es\/wp-json\/wp\/v2\/categories?post=16572"},{"taxonomy":"post_tag","embeddable":true,"href":"https:\/\/www.foment.com\/es\/wp-json\/wp\/v2\/tags?post=16572"}],"curies":[{"name":"wp","href":"https:\/\/api.w.org\/{rel}","templated":true}]}}