{"id":165843,"date":"2023-06-16T14:45:31","date_gmt":"2023-06-16T12:45:31","guid":{"rendered":"https:\/\/www.foment.com\/?p=165843"},"modified":"2023-06-16T14:45:31","modified_gmt":"2023-06-16T12:45:31","slug":"las-economias-catalana-y-espanola-resisten-gracias-al-sector-exterior-en-un-contexto-recesivo-en-europa","status":"publish","type":"post","link":"https:\/\/www.foment.com\/es\/las-economias-catalana-y-espanola-resisten-gracias-al-sector-exterior-en-un-contexto-recesivo-en-europa\/","title":{"rendered":"Las econom\u00edas catalana y espa\u00f1ola resisten gracias al sector exterior en un contexto recesivo en Europa"},"content":{"rendered":"<section class=\"wpb-content-wrapper\"><p>[vc_row][vc_column][vc_column_text]<\/p>\n<ul>\n<li><strong>La zona euro en el \u00faltimo trimestre ha mostrado una recesi\u00f3n t\u00e9cnica, que se estima que pr\u00f3ximamente se revierta.<\/strong><\/li>\n<li><strong>A medida que se hacen previsiones se ajusta al alza la evoluci\u00f3n de las econom\u00edas espa\u00f1ola y catalana.<\/strong><\/li>\n<li><strong>Fuerte expansi\u00f3n del sector exterior, mientras que la demanda interior (consumo e inversi\u00f3n) se desacelera fuertemente.<\/strong><\/li>\n<li><strong>Se mantiene una senda de reducci\u00f3n de la inflaci\u00f3n en Espa\u00f1a, que pueda ya consolidarse en los pr\u00f3ximos meses en la inflaci\u00f3n subyacente y en una reducci\u00f3n de las expectativas de inflaci\u00f3n gracias al acuerdo salarial.<\/strong><\/li>\n<li><strong>La recuperaci\u00f3n de las limitaciones presupuestarias en Europa por d\u00e9ficit excesivo y los mayores costes financieros de la deuda p\u00fablica, tensionar\u00e1n el Presupuesto para 2024.<\/strong><\/li>\n<li><strong>La p\u00e9rdida de convergencia y de renta relativa con Europa de Espa\u00f1a y Catalu\u00f1a precisa de un impulso de las medidas favorecedoras de la productividad baja que sigue, con o sin crisis del Covid-19, mostrando nuestra econom\u00eda.<\/strong><\/li>\n<\/ul>\n<p>La econom\u00eda global se est\u00e1 recuperando, pero de manera d\u00e9bil. <strong>Elementos que han contribuido positivamente a la mejora de la econom\u00eda han sido la reapertura de China y el menor precio de la energ\u00eda<\/strong>, seg\u00fan indica el <a href=\"https:\/\/www.foment.com\/wp-content\/uploads\/2023\/06\/Informe-Coyuntura-Junio-2023-castellano.pdf\"><strong>Informe de Conjuntura Econ\u00f3mica<\/strong><\/a> correspondiente a junio 2023, presentado hoy por el presidente de la Comisi\u00f3n de Econom\u00eda y Fiscalidad de Foment del Treball, <strong>Valent\u00ed Pich<\/strong>, y el director de Estudios y Econom\u00eda, <strong>Salvador Guillermo<\/strong>, en la sede de la patronal catalana.<\/p>\n<p>As\u00ed, hay que destacar que <strong>Alemania entra en recesi\u00f3n t\u00e9cnica en el primer trimestre del a\u00f1o, y con ella la econom\u00eda de la eurozona<\/strong>. Una de las razones, adem\u00e1s de la mayor incertidumbre, se debe a la fuerte elevaci\u00f3n de los tipos de inter\u00e9s. Por ello, la <strong>pol\u00edtica monetaria contin\u00faa combatiendo la inflaci\u00f3n, aunque se estima que los aumentos de tipos sean m\u00e1s moderados<\/strong>.<\/p>\n<p><a href=\"https:\/\/www.foment.com\/wp-content\/uploads\/2023\/06\/Imagen1.png\"><img loading=\"lazy\" class=\"alignnone size-full wp-image-165848\" src=\"https:\/\/www.foment.com\/wp-content\/uploads\/2023\/06\/Imagen1.png\" alt=\"\" width=\"2014\" height=\"1104\" srcset=\"https:\/\/www.foment.com\/wp-content\/uploads\/2023\/06\/Imagen1.png 2014w, https:\/\/www.foment.com\/wp-content\/uploads\/2023\/06\/Imagen1-300x164.png 300w, https:\/\/www.foment.com\/wp-content\/uploads\/2023\/06\/Imagen1-1024x561.png 1024w, https:\/\/www.foment.com\/wp-content\/uploads\/2023\/06\/Imagen1-768x421.png 768w, https:\/\/www.foment.com\/wp-content\/uploads\/2023\/06\/Imagen1-1536x842.png 1536w\" sizes=\"(max-width: 2014px) 100vw, 2014px\" \/><\/a><\/p>\n<p>La Fed encaden\u00f3 diez subidas desde marzo de 2022 (\u00faltima subida de 25 puntos b\u00e1sicos en mayo hasta el rango 5,00%-5,25%, aunque sin cambios en la \u00faltima reuni\u00f3n de junio, mientras que el Banco Central Europeo ha dejado los tipos de inter\u00e9s de referencia en el 4,00% (operaciones principales de financiaci\u00f3n) y 3,50% (facilidad de dep\u00f3sito) despu\u00e9s de un ciclo de ocho subidas desde julio de 2022.<\/p>\n<p>Tambi\u00e9n debe destacarse que ante un p\u00e1nico financiero inicial con sus turbulencias asociadas al Silicon Valley Bank y el Credit Suisse no tuvieron un efecto contagio, por lo que <strong>las dudas sobre el mantenimiento de una pol\u00edtica monetaria restrictiva se fueron disipando, as\u00ed como de una crisis financiera relevante<\/strong>.<\/p>\n<p>Adem\u00e1s, la <strong>persistencia de la elevada inflaci\u00f3n subyacente contribuy\u00f3 a que las autoridades monetarias mantuvieran los tipos de inter\u00e9s elevados<\/strong> por m\u00e1s tiempo del inicialmente esperado. Se espera que la inflaci\u00f3n disminuya en la medida que los factores de oferta (normalizaci\u00f3n de los cuellos de botella, moderaci\u00f3n del precio de las materias primas, climatolog\u00eda benigna) y demanda confluyan (menor consumo e inversi\u00f3n por condiciones financieras m\u00e1s restrictivas, reducci\u00f3n del ahorro generado durante la pandemia), aunque <strong>contin\u00faa persistiendo un alto nivel de incertidumbre<\/strong>.<\/p>\n<p>En Espa\u00f1a, el crecimiento del PIB del primer trimestre 2023 fue positivo y mejor de lo previsto. Despu\u00e9s del crecimiento moderado en la \u00faltima parte de 2022, se registr\u00f3 un mejor desempe\u00f1o de la econom\u00eda espa\u00f1ola en el primer trimestre del a\u00f1o, por eso mejoran las previsiones para todo el 2023, a pesar del contexto de incertidumbre. <strong>El sector exterior ha compensado la moderaci\u00f3n de la demanda interna, en donde se constata esa fuerza de las exportaciones<\/strong>, pero tambi\u00e9n un debilitamiento de la demanda interna, tanto en consumo como en inversi\u00f3n.<\/p>\n<p>En este sentido, el Banco de Espa\u00f1a y otras instituciones modifican las proyecciones al alza. La buena marcha de la construcci\u00f3n contin\u00faa y ya <strong>en Catalu\u00f1a destaca el repunte del sector industrial<\/strong>. Eso se refleja tambi\u00e9n en la buena marcha del mercado de trabajo, el <strong>ritmo de reducci\u00f3n del paro es menor en Catalu\u00f1a que en el conjunto de Espa\u00f1a, pero la afiliaci\u00f3n crece con mayor intensidad<\/strong>. Sin lugar a duda, la ejecuci\u00f3n de los Fondos Europeos tambi\u00e9n ha contribuido a impulsar la marcha de la econom\u00eda.<\/p>\n<p><strong>En Espa\u00f1a y Catalu\u00f1a, el IPC se modera significativamente, considerando el efecto base respecto a los incrementos del a\u00f1o pasado<\/strong>. La inflaci\u00f3n subyacente comienza a ceder, el adelanto para el mes de mayo indica un menor crecimiento de los precios de los alimentos y carburantes. Tambi\u00e9n se contempla una reducci\u00f3n de las expectativas de inflaci\u00f3n y de los efectos de segunda ronda gracias al acuerdo salarial recientemente firmado entre CEOE_CEPYME y los sindicatos CC.OO. y UGT, en el que se han propuesto subidas salariales del 4%, 3% y 3% para los a\u00f1os 2023, 2024 y 2025, respectivamente.<\/p>\n<p><strong>Se reducen los niveles de endeudamiento privado, tanto de empresas como de familias<\/strong>, por lo que se comienza a visualizar el efecto del endurecimiento de las condiciones financieras en la nueva financiaci\u00f3n, con mayores costes por esa pol\u00edtica monetaria restrictiva.<\/p>\n<p>En el primer trimestre del a\u00f1o se observa una <strong>correcci\u00f3n del d\u00e9ficit p\u00fablico, especialmente por los ingresos, pero su nivel se estima que permanezca elevado en t\u00e9rminos de las reglas fiscales europeas que se activar\u00e1n en el 2024<\/strong>. En este sentido, de acuerdo con el Programa de Estabilidad del Gobierno 2023-2026, se retrasar\u00eda al a\u00f1o que viene la reducci\u00f3n del d\u00e9ficit p\u00fablico niveles inferiores al 3%. Se prev\u00e9 una senda de reducci\u00f3n del d\u00e9ficit del 4,8% en 2022 al 2,5% en 2026.<\/p>\n<p>En este sentido y dado el elevado nivel de endeudamiento p\u00fablico se puede ver dificultada la reducci\u00f3n del d\u00e9ficit. <strong>Los gobiernos deber\u00e1n hacer frente a mayores costes de financiaci\u00f3n y ello podr\u00eda poner en duda la sostenibilidad de las finanzas p\u00fablicas<\/strong>. A fines de 2022, la rentabilidad de los bonos americanos lleg\u00f3 al 4,3% y la de los alemanes al 2,4%.<\/p>\n<p><strong>\u00a0<\/strong><strong>En cuanto al comercio exterior, se ha producido una importante reducci\u00f3n del d\u00e9ficit comercial<\/strong> que el a\u00f1o pasado hab\u00eda crecido por el fuerte aumento de los precios de las importaciones (materias primas, energ\u00eda). Cabe se\u00f1alar que la desaceleraci\u00f3n de la actividad econ\u00f3mica mundial se ha sentido especialmente en el comercio internacional. En este sentido, <strong>el rol de China ser\u00e1 determinante tanto por el lado de la demanda como de la oferta<\/strong>.<\/p>\n<p>Finalmente se realiza un foco sobre la <strong>p\u00e9rdida de convergencia, expresada en paridad de poder de compra, de la renta per c\u00e1pita tanto de la econom\u00eda espa\u00f1ola como catalana, mucho m\u00e1s intensa que en el resto de grandes pa\u00edses<\/strong>, y que obedece al fuerte crecimiento que experimentaron los pa\u00edses con menores niveles relativos, a excepci\u00f3n, entre otros, de Irlanda, que ha crecido de forma espectacular, y en donde ha jugado un papel relevante el capital exterior, su menor dimensi\u00f3n y una pol\u00edtica fiscal muy atractiva para las empresas con un tipo impositivo de sociedades del 12,5%.<\/p>\n<p>En este sentido, se complementa con el <strong>an\u00e1lisis de competitividad de las regiones europeas, en donde Catalu\u00f1a va perdiendo posiciones <\/strong>(100,8, puesto 108\/234) a diferencia de Madrid (118,6, puesto 36\/234). De ah\u00ed que nuevamente tengamos que insistir, tanto a nivel espa\u00f1ol como catal\u00e1n, en la <strong>necesidad de adoptar medidas favorecedoras de la competitividad y de la productividad que muestran valores muy bajos de crecimiento<\/strong>.<\/p>\n<p>[\/vc_column_text]<div class=\"spacer\" style=\"height: 20px;\"><\/div>[\/vc_column][\/vc_row][vc_row][vc_column width=\u00bb1\/1&#8243;][vc_raw_html]JTNDaWZyYW1lJTIwd2lkdGglM0QlMjI1NjAlMjIlMjBoZWlnaHQlM0QlMjIzMTUlMjIlMjBzcmMlM0QlMjJodHRwcyUzQSUyRiUyRnd3dy55b3V0dWJlLmNvbSUyRmVtYmVkJTJGcDEzUEdhcHd3V3clMjIlMjB0aXRsZSUzRCUyMllvdVR1YmUlMjB2aWRlbyUyMHBsYXllciUyMiUyMGZyYW1lYm9yZGVyJTNEJTIyMCUyMiUyMGFsbG93JTNEJTIyYWNjZWxlcm9tZXRlciUzQiUyMGF1dG9wbGF5JTNCJTIwY2xpcGJvYXJkLXdyaXRlJTNCJTIwZW5jcnlwdGVkLW1lZGlhJTNCJTIwZ3lyb3Njb3BlJTNCJTIwcGljdHVyZS1pbi1waWN0dXJlJTNCJTIwd2ViLXNoYXJlJTIyJTIwYWxsb3dmdWxsc2NyZWVuJTNFJTNDJTJGaWZyYW1lJTNFJTBB[\/vc_raw_html]<div class=\"spacer\" style=\"height: 40px;\"><\/div>[\/vc_column][\/vc_row][vc_row][vc_column width=\u00bb1\/1&#8243;]<div class=\"flexslider wpb_content_element\"><ul class=\"slides\"><li><img src=\"https:\/\/www.foment.com\/wp-content\/uploads\/2023\/06\/DSC_1111-scaled.jpg\" alt=\"\" \/><\/li><li><img src=\"https:\/\/www.foment.com\/wp-content\/uploads\/2023\/06\/DSC_1090-scaled.jpg\" alt=\"\" \/><\/li><li><img src=\"https:\/\/www.foment.com\/wp-content\/uploads\/2023\/06\/DSC_1104-scaled.jpg\" alt=\"\" \/><\/li><li><img src=\"https:\/\/www.foment.com\/wp-content\/uploads\/2023\/06\/DSC_1106-scaled.jpg\" alt=\"\" \/><\/li><li><img src=\"https:\/\/www.foment.com\/wp-content\/uploads\/2023\/06\/DSC_1119-scaled.jpg\" alt=\"\" \/><\/li><li><img src=\"https:\/\/www.foment.com\/wp-content\/uploads\/2023\/06\/DSC_1112-scaled.jpg\" alt=\"\" \/><\/li><li><img src=\"https:\/\/www.foment.com\/wp-content\/uploads\/2023\/06\/DSC_1109-scaled.jpg\" alt=\"\" \/><\/li><li><img src=\"https:\/\/www.foment.com\/wp-content\/uploads\/2023\/06\/DSC_1084-1-scaled.jpg\" alt=\"\" \/><\/li><\/ul><\/div>[\/vc_column][\/vc_row]<\/p>\n<\/section>","protected":false},"excerpt":{"rendered":"<p>[vc_row][vc_column][vc_column_text] La zona euro en el \u00faltimo trimestre ha mostrado una recesi\u00f3n t\u00e9cnica, que se estima que pr\u00f3ximamente se revierta. A medida que se hacen previsiones se ajusta al alza la evoluci\u00f3n de las econom\u00edas espa\u00f1ola y catalana. Fuerte expansi\u00f3n del sector exterior, mientras que la demanda interior (consumo e inversi\u00f3n) se desacelera fuertemente. Se mantiene una senda de reducci\u00f3n de la inflaci\u00f3n en Espa\u00f1a, que pueda ya consolidarse en los pr\u00f3ximos meses en la inflaci\u00f3n subyacente y en una reducci\u00f3n de las expectativas de inflaci\u00f3n gracias al acuerdo salarial. La recuperaci\u00f3n de las limitaciones presupuestarias en Europa por d\u00e9ficit excesivo y los mayores costes financieros de la deuda p\u00fablica, tensionar\u00e1n el Presupuesto para 2024. La p\u00e9rdida de convergencia y de renta relativa con Europa de Espa\u00f1a y Catalu\u00f1a precisa de un impulso de las medidas favorecedoras de la productividad baja que sigue, con o sin crisis del Covid-19, mostrando nuestra econom\u00eda. La econom\u00eda global se est\u00e1 recuperando, pero de manera d\u00e9bil. Elementos que han contribuido positivamente a la mejora de la econom\u00eda han sido la reapertura de China y el menor precio de la energ\u00eda, seg\u00fan indica el Informe de Conjuntura Econ\u00f3mica correspondiente a junio 2023, presentado hoy por [&hellip;]<\/p>\n","protected":false},"author":281,"featured_media":165822,"comment_status":"closed","ping_status":"closed","sticky":false,"template":"","format":"standard","meta":{"_links_to":"","_links_to_target":""},"categories":[114,69,1655,5714],"tags":[404],"acf":[],"wps_subtitle":"","_links":{"self":[{"href":"https:\/\/www.foment.com\/es\/wp-json\/wp\/v2\/posts\/165843"}],"collection":[{"href":"https:\/\/www.foment.com\/es\/wp-json\/wp\/v2\/posts"}],"about":[{"href":"https:\/\/www.foment.com\/es\/wp-json\/wp\/v2\/types\/post"}],"author":[{"embeddable":true,"href":"https:\/\/www.foment.com\/es\/wp-json\/wp\/v2\/users\/281"}],"replies":[{"embeddable":true,"href":"https:\/\/www.foment.com\/es\/wp-json\/wp\/v2\/comments?post=165843"}],"version-history":[{"count":3,"href":"https:\/\/www.foment.com\/es\/wp-json\/wp\/v2\/posts\/165843\/revisions"}],"predecessor-version":[{"id":165853,"href":"https:\/\/www.foment.com\/es\/wp-json\/wp\/v2\/posts\/165843\/revisions\/165853"}],"wp:featuredmedia":[{"embeddable":true,"href":"https:\/\/www.foment.com\/es\/wp-json\/wp\/v2\/media\/165822"}],"wp:attachment":[{"href":"https:\/\/www.foment.com\/es\/wp-json\/wp\/v2\/media?parent=165843"}],"wp:term":[{"taxonomy":"category","embeddable":true,"href":"https:\/\/www.foment.com\/es\/wp-json\/wp\/v2\/categories?post=165843"},{"taxonomy":"post_tag","embeddable":true,"href":"https:\/\/www.foment.com\/es\/wp-json\/wp\/v2\/tags?post=165843"}],"curies":[{"name":"wp","href":"https:\/\/api.w.org\/{rel}","templated":true}]}}