{"id":16591,"date":"2015-04-22T09:00:48","date_gmt":"2015-04-22T07:00:48","guid":{"rendered":"http:\/\/foment.itartech.com\/?p=16591"},"modified":"2016-10-31T11:16:37","modified_gmt":"2016-10-31T10:16:37","slug":"santander-firma-convenio-colaboracion-impulsar-la-oferta-financiera-servicios-las-empresas-asociadas-foment-del-treball","status":"publish","type":"post","link":"https:\/\/www.foment.com\/es\/santander-firma-convenio-colaboracion-impulsar-la-oferta-financiera-servicios-las-empresas-asociadas-foment-del-treball\/","title":{"rendered":"Santander firma un convenio de colaboraci\u00f3n para impulsar la oferta financiera y de servicios a las empresas asociadas a Foment del Treball"},"content":{"rendered":"<section class=\"wpb-content-wrapper\"><p>[vc_row][vc_column width=\u00bb1\/1&#8243;][vc_column_text]El presidente de Foment del Treball Nacional, Joaquim Gay de Montell\u00e0, y el Director General y Responsable de Santander Espa\u00f1a, Enrique Garc\u00eda Candelas, han firmado hoy en Barcelona un convenio marco de colaboraci\u00f3n que facilita a las empresas asociadas a esta patronal el acceso a la oferta financiera y de servicios de Banco Santander.<\/p>\n<p>El acuerdo, que servir\u00e1 para impulsar la actividad empresarial y comercial de las empresas catalanas, incluye una l\u00ednea espec\u00edfica de financiaci\u00f3n, dotada inicialmente de 350 millones de euros, que el banco pone a disposici\u00f3n de las empresas asociadas para responder a sus necesidades de cr\u00e9dito.<\/p>\n<p>Adem\u00e1s, el convenio, con una duraci\u00f3n de dos a\u00f1os, crea un canal exclusivo de comunicaci\u00f3n entre Foment y Banco Santander para poder especializar la oferta de productos y servicios en funci\u00f3n de las necesidades de cada colectivo concreto de la asociaci\u00f3n, con lo que ser\u00e1 posible llegar a acuerdos puntuales en cada caso.<\/p>\n<p>El banco reafirma as\u00ed su apuesta por la recuperaci\u00f3n de las peque\u00f1as y medianas empresas en un mercado, como el catal\u00e1n, estrat\u00e9gico para el banco; y pone al alcance de las empresas las herramientas y los servicios necesarios para relanzar su actividad, con lo que el acuerdo permitir\u00e1 contribuir a consolidar la reactivaci\u00f3n del tejido productivo catal\u00e1n, motor de crecimiento y de empleo.<\/p>\n<p>Foment del Treball es la instituci\u00f3n que representa desde hace dos siglos y medio los intereses de las industria y del empresariado catal\u00e1n. Una organizaci\u00f3n independiente, privada, sin \u00e1nimo de lucro que contribuye al progreso econ\u00f3mico y social de Catalunya. Representa a los sectores productivos, los territorios y las empresas peque\u00f1as, medianas y grandes ante las administraciones e instituciones p\u00fablicas, organizaciones econ\u00f3micas, pol\u00edticas, sindicales y sociales de Catalu\u00f1a[\/vc_column_text][\/vc_column][\/vc_row]<\/p>\n<\/section>","protected":false},"excerpt":{"rendered":"<p>[vc_row][vc_column width=\u00bb1\/1&#8243;][vc_column_text]El presidente de Foment del Treball Nacional, Joaquim Gay de Montell\u00e0, y el Director General y Responsable de Santander Espa\u00f1a, Enrique Garc\u00eda Candelas, han firmado hoy en Barcelona un convenio marco de colaboraci\u00f3n que facilita a las empresas asociadas a esta patronal el acceso a la oferta financiera y de servicios de Banco Santander. El acuerdo, que servir\u00e1 para impulsar la actividad empresarial y comercial de las empresas catalanas, incluye una l\u00ednea espec\u00edfica de financiaci\u00f3n, dotada inicialmente de 350 millones de euros, que el banco pone a disposici\u00f3n de las empresas asociadas para responder a sus necesidades de cr\u00e9dito. Adem\u00e1s, el convenio, con una duraci\u00f3n de dos a\u00f1os, crea un canal exclusivo de comunicaci\u00f3n entre Foment y Banco Santander para poder especializar la oferta de productos y servicios en funci\u00f3n de las necesidades de cada colectivo concreto de la asociaci\u00f3n, con lo que ser\u00e1 posible llegar a acuerdos puntuales en cada caso. El banco reafirma as\u00ed su apuesta por la recuperaci\u00f3n de las peque\u00f1as y medianas empresas en un mercado, como el catal\u00e1n, estrat\u00e9gico para el banco; y pone al alcance de las empresas las herramientas y los servicios necesarios para relanzar su actividad, con lo que el acuerdo [&hellip;]<\/p>\n","protected":false},"author":24,"featured_media":16596,"comment_status":"closed","ping_status":"closed","sticky":false,"template":"","format":"standard","meta":{"_links_to":"","_links_to_target":""},"categories":[68],"tags":[],"acf":[],"wps_subtitle":"La entidad abrir\u00e1 una l\u00ednea espec\u00edfica de financiaci\u00f3n por importe de 350 millones de euros para favorecer el tejido productivo catal\u00e1n","_links":{"self":[{"href":"https:\/\/www.foment.com\/es\/wp-json\/wp\/v2\/posts\/16591"}],"collection":[{"href":"https:\/\/www.foment.com\/es\/wp-json\/wp\/v2\/posts"}],"about":[{"href":"https:\/\/www.foment.com\/es\/wp-json\/wp\/v2\/types\/post"}],"author":[{"embeddable":true,"href":"https:\/\/www.foment.com\/es\/wp-json\/wp\/v2\/users\/24"}],"replies":[{"embeddable":true,"href":"https:\/\/www.foment.com\/es\/wp-json\/wp\/v2\/comments?post=16591"}],"version-history":[{"count":0,"href":"https:\/\/www.foment.com\/es\/wp-json\/wp\/v2\/posts\/16591\/revisions"}],"wp:featuredmedia":[{"embeddable":true,"href":"https:\/\/www.foment.com\/es\/wp-json\/wp\/v2\/media\/16596"}],"wp:attachment":[{"href":"https:\/\/www.foment.com\/es\/wp-json\/wp\/v2\/media?parent=16591"}],"wp:term":[{"taxonomy":"category","embeddable":true,"href":"https:\/\/www.foment.com\/es\/wp-json\/wp\/v2\/categories?post=16591"},{"taxonomy":"post_tag","embeddable":true,"href":"https:\/\/www.foment.com\/es\/wp-json\/wp\/v2\/tags?post=16591"}],"curies":[{"name":"wp","href":"https:\/\/api.w.org\/{rel}","templated":true}]}}