{"id":166291,"date":"2023-06-27T15:21:08","date_gmt":"2023-06-27T13:21:08","guid":{"rendered":"https:\/\/www.foment.com\/foment-celebra-dia-empresa-posant-en-valor-cinc-casos-exit-empresarial-i-nous-lideratges\/"},"modified":"2023-06-27T16:04:08","modified_gmt":"2023-06-27T14:04:08","slug":"foment-celebra-dia-empresa-poniendo-en-valor-cinco-casos-exito-empresarial-y-nuevos-liderazgos","status":"publish","type":"post","link":"https:\/\/www.foment.com\/es\/foment-celebra-dia-empresa-poniendo-en-valor-cinco-casos-exito-empresarial-y-nuevos-liderazgos\/","title":{"rendered":"Foment celebra el D\u00eda de la Empresa poniendo en valor cinco casos de \u00e9xito empresarial y nuevos liderazgos"},"content":{"rendered":"<section class=\"wpb-content-wrapper\"><p>[vc_row][vc_column width=\u00bb1\/1&#8243;][vc_column_text]<\/p>\n<ul>\n<li><strong>Josep S\u00e1nchez Llibre reivindica el papel de Foment en la creaci\u00f3n del D\u00eda de la Empresa y defiende el papel del empresario en el conjunto de la sociedad.<\/strong><\/li>\n<li><strong>El encuentro Nuevos Liderazgos da voz a representantes de Celsa Group, Aig\u00fces de Barcelona, BASF, Moventia y MicroBank.<\/strong><\/li>\n<\/ul>\n<p>En el marco del encuentro Nuevos Liderazgos cinco representantes de empresas l\u00edderes han explicado c\u00f3mo afrontan los desaf\u00edos que tienen las compa\u00f1\u00edas en materias como la formaci\u00f3n, el trato con el cliente o la circularidad. La jornada ha querido destacar el prop\u00f3sito que tiene la empresa en relaci\u00f3n con la sociedad. El presidente de Foment del Treball, Josep S\u00e1nchez Llibre, ha querido subrayar que \u201choy que celebramos el D\u00eda de la Empresa es un buen momento para reivindicar la figura del empresario, del emprendedor, de la gente que arriesga, como las personas que est\u00e1n hoy aqu\u00ed\u201d. S\u00e1nchez Llibre ha querido destacar el papel principal de Foment para que Catalu\u00f1a celebre el D\u00eda de la Empresa, desde 2022, y ha a\u00f1adido que este ser\u00e1 un d\u00eda se\u00f1alado.<\/p>\n<p>Sobre porque se han escogido las empresas que han estado en el auditorio de Foment del Treball, \u201cse tiene que hablar de los temas que preocupan a la gente. Estas empresas destacan por su prop\u00f3sito social\u201d ha explicado el Chief Sustainibility Officer de Bakery Group, Carlos Sanchez-Llibre.<\/p>\n<p>La idea de circularidad ha aflorado durante toda la conversaci\u00f3n, pero tambi\u00e9n a nivel social y, por lo tanto, econ\u00f3mico. Cristina Gonz\u00e1lez Viu, directora general de MicroBank, ha manifestado que \u201cen MicroBank tenemos la vocaci\u00f3n, porque va en nuestro ADN, de apoyar a los colectivos m\u00e1s vulnerables, facilit\u00e1ndoles el acceso a la financiaci\u00f3n para que puedan llevar a cabo sus proyectos personales o profesionales, y a las iniciativas que generan impacto social positivo.<\/p>\n<p>S\u00f3lo en 2022 se pusieron en marcha casi 5.900 negocios gracias el apoyo financiero de MicroBank, que adem\u00e1s contribuy\u00f3 a la creaci\u00f3n de m\u00e1s de 17.400 puestos de trabajo directos a trav\u00e9s del apoyo a negocios y aut\u00f3nomos que han recibido un microcr\u00e9dito. A trav\u00e9s de la concesi\u00f3n de microcr\u00e9ditos contribuimos al bienestar de toda la sociedad, porque tenemos un modelo de banca muy inclusivo y cercano a las necesidades de familias y emprendedores\u201d.<\/p>\n<p>Sobre como aplicar la circularidad, Felipe Campos, consejero delegado de Aig\u00fces de Barcelona, ha apuntado que \u201cya hemos pasado de un modelo lineal a un modelo circular, hemos transformado depuradoras en eco factor\u00edas y damos valor al 97% de nuestros residuos\u201d. Con este contexto, Campos ha manifestado que \u201ctenemos que estar en este concepto circular, tenemos la obligaci\u00f3n como compa\u00f1\u00edas a dar respuestas a la sociedad\u00bb.<\/p>\n<p>En el caso del agua y en un momento de emergencia h\u00eddrica Felipe Campos, consejero delegado de Aig\u00fces de Barcelona, ha expuesto que \u201cestamos trabajando para solucionarlo y sabemos cu\u00e1l es la soluci\u00f3n: dar nueva vida al agua, regenerarla\u201d. Campos ha a\u00f1adido que estos periodos de escasez h\u00eddrica se repetir\u00e1n y que hay que gestionar el agua sin pensar en si llueve o no. En este sentido ha pedido a la Generalitat m\u00e1s diligencia con las inversiones pendientes en infraestructuras.<\/p>\n<p>Por su parte, Sandra Llunell, directora de Marketing de Moventia, ha mantenido que \u00abla movilidad del futuro tiene que ser multimodal, tecnol\u00f3gica y accesible a toda la sociedad\u201d. Para conseguirlo, seg\u00fan Llunell, hay tres retos principales: \u201cPotenciar el transporte p\u00fablico, especialmente en las \u00e1reas metropolitanas de las grandes ciudades; adaptar la oferta al transporte privado a los nuevos h\u00e1bitos de consumo, especialmente en el pago por uso; y por encima de todo lograr grandes acuerdos p\u00fablicoprivados que nos permitan abordar la descarbonizaci\u00f3n de nuestras flotas e instalar una gran infraestructura de cargadores el\u00e9ctricos en todo el pa\u00eds\u201d. Y por la representante de Moventia \u201ces imprescindible poder contar con el recurso de los fondos europeos\u201d.<\/p>\n<p>Sobre los desaf\u00edos cotidianos de la sostenibilidad en el mundo industrial, Francesc Rubiralta, presidente y CEO de CELSA Group, ha expresado que \u201cel verdadero reto colectivo es ir m\u00e1s all\u00e1 de la circularidad construyendo y desarrollando ecosistemas m\u00e1s abiertos donde todos podamos aportar nuestro granito de arena\u201d. Porque, seg\u00fan Rubiralta, \u201cel objetivo es conseguir hacer viable un proyecto de futuro sostenible para nuestro planeta y para las generaciones presentes y futuras\u201d.<\/p>\n<p>El CEO de BASF, Carles Navarro, ha querido se\u00f1alar que \u201cla qu\u00edmica es un vector estrat\u00e9gico para los retos globales existentes porque aporta infinidad de soluciones tecnol\u00f3gicas, innovadores y sostenibles\u201d y por tanto \u201cla econom\u00eda circular y descarbonizada jugar\u00e1 un papel esencial\u201d. En cuanto a la perspectiva de BASF, Navarro ha indicado que \u201cestamos comprometidos en reducir las emisiones en un 25% hasta el 2030 respecto al 2018, hasta conseguir un impacto cero el 2050\u201d y ha agregado que \u201cesto se traduce en la transformaci\u00f3n de nuestros procesos internos de fabricaci\u00f3n\u201d. Para Navarro,\u00a0 \u201cla descarbonizaci\u00f3n pasa, por ejemplo, por la electrificaci\u00f3n verde y renovable; actualmente ocho de nuestros centros de producci\u00f3n en Espa\u00f1a ya funcionan al 100% con electricidad de origen renovable\u201d. El CEO de BASF ha remachado: \u201cEl futuro ser\u00e1 sostenible o no ser\u00e1\u201d.<\/p>\n<p>En la conclusi\u00f3n del acto el director general de Industria de la Generalitat, Oriol Alcoba, ha querido dejar claro que \u201ces importante hacer lo que se ha hecho aqu\u00ed, poner en valor a las empresas catalanas que abrazan el cambio y lo lideran: tener referentes nos ense\u00f1a el camino a seguir\u201d.[\/vc_column_text]<div class=\"flexslider wpb_content_element\"><ul class=\"slides\"><li><img src=\"https:\/\/www.foment.com\/wp-content\/uploads\/2023\/06\/photo1687856683-21.jpeg\" alt=\"\" \/><\/li><li><img src=\"https:\/\/www.foment.com\/wp-content\/uploads\/2023\/06\/photo1687856683-23.jpeg\" alt=\"\" \/><\/li><li><img src=\"https:\/\/www.foment.com\/wp-content\/uploads\/2023\/06\/photo1687856667-7.jpeg\" alt=\"\" \/><\/li><li><img src=\"https:\/\/www.foment.com\/wp-content\/uploads\/2023\/06\/photo1687856663-2.jpeg\" alt=\"\" \/><\/li><li><img src=\"https:\/\/www.foment.com\/wp-content\/uploads\/2023\/06\/photo1687856661-4.jpeg\" alt=\"\" \/><\/li><li><img src=\"https:\/\/www.foment.com\/wp-content\/uploads\/2023\/06\/photo1687856661-1.jpeg\" alt=\"\" \/><\/li><li><img src=\"https:\/\/www.foment.com\/wp-content\/uploads\/2023\/06\/photo1687856683-16.jpeg\" alt=\"\" \/><\/li><li><img src=\"https:\/\/www.foment.com\/wp-content\/uploads\/2023\/06\/photo1687856667-4.jpeg\" alt=\"\" \/><\/li><li><img src=\"https:\/\/www.foment.com\/wp-content\/uploads\/2023\/06\/photo1687856683-18.jpeg\" alt=\"\" \/><\/li><li><img src=\"https:\/\/www.foment.com\/wp-content\/uploads\/2023\/06\/photo1687856659-3.jpeg\" alt=\"\" \/><\/li><li><img src=\"https:\/\/www.foment.com\/wp-content\/uploads\/2023\/06\/photo1687856683-19.jpeg\" alt=\"\" \/><\/li><li><img src=\"https:\/\/www.foment.com\/wp-content\/uploads\/2023\/06\/photo1687856667-9.jpeg\" alt=\"\" \/><\/li><li><img src=\"https:\/\/www.foment.com\/wp-content\/uploads\/2023\/06\/photo1687856683-12.jpeg\" alt=\"\" \/><\/li><li><img src=\"https:\/\/www.foment.com\/wp-content\/uploads\/2023\/06\/photo1687857536.jpeg\" alt=\"\" \/><\/li><li><img src=\"https:\/\/www.foment.com\/wp-content\/uploads\/2023\/06\/photo1687857536-3.jpeg\" alt=\"\" \/><\/li><li><img src=\"https:\/\/www.foment.com\/wp-content\/uploads\/2023\/06\/photo1687857536-1.jpeg\" alt=\"\" \/><\/li><li><img src=\"https:\/\/www.foment.com\/wp-content\/uploads\/2023\/06\/photo1687856683.jpeg\" alt=\"\" \/><\/li><li><img src=\"https:\/\/www.foment.com\/wp-content\/uploads\/2023\/06\/photo1687856683-4.jpeg\" alt=\"\" \/><\/li><li><img src=\"https:\/\/www.foment.com\/wp-content\/uploads\/2023\/06\/photo1687856659-7.jpeg\" alt=\"\" \/><\/li><li><img src=\"https:\/\/www.foment.com\/wp-content\/uploads\/2023\/06\/photo1687856659.jpeg\" alt=\"\" \/><\/li><li><img src=\"https:\/\/www.foment.com\/wp-content\/uploads\/2023\/06\/photo1687856659-2.jpeg\" alt=\"\" \/><\/li><\/ul><\/div>[vc_raw_html]JTNDaWZyYW1lJTIwd2lkdGglM0QlMjI1NjAlMjIlMjBoZWlnaHQlM0QlMjIzMTUlMjIlMjBzcmMlM0QlMjJodHRwcyUzQSUyRiUyRnd3dy55b3V0dWJlLmNvbSUyRmVtYmVkJTJGWWwxSmlBdnF2SDQlMjIlMjB0aXRsZSUzRCUyMllvdVR1YmUlMjB2aWRlbyUyMHBsYXllciUyMiUyMGZyYW1lYm9yZGVyJTNEJTIyMCUyMiUyMGFsbG93JTNEJTIyYWNjZWxlcm9tZXRlciUzQiUyMGF1dG9wbGF5JTNCJTIwY2xpcGJvYXJkLXdyaXRlJTNCJTIwZW5jcnlwdGVkLW1lZGlhJTNCJTIwZ3lyb3Njb3BlJTNCJTIwcGljdHVyZS1pbi1waWN0dXJlJTNCJTIwd2ViLXNoYXJlJTIyJTIwYWxsb3dmdWxsc2NyZWVuJTNFJTNDJTJGaWZyYW1lJTNF[\/vc_raw_html][\/vc_column][\/vc_row]<\/p>\n<\/section>","protected":false},"excerpt":{"rendered":"<p>[vc_row][vc_column width=\u00bb1\/1&#8243;][vc_column_text] Josep S\u00e1nchez Llibre reivindica el papel de Foment en la creaci\u00f3n del D\u00eda de la Empresa y defiende el papel del empresario en el conjunto de la sociedad. El encuentro Nuevos Liderazgos da voz a representantes de Celsa Group, Aig\u00fces de Barcelona, BASF, Moventia y MicroBank. En el marco del encuentro Nuevos Liderazgos cinco representantes de empresas l\u00edderes han explicado c\u00f3mo afrontan los desaf\u00edos que tienen las compa\u00f1\u00edas en materias como la formaci\u00f3n, el trato con el cliente o la circularidad. La jornada ha querido destacar el prop\u00f3sito que tiene la empresa en relaci\u00f3n con la sociedad. El presidente de Foment del Treball, Josep S\u00e1nchez Llibre, ha querido subrayar que \u201choy que celebramos el D\u00eda de la Empresa es un buen momento para reivindicar la figura del empresario, del emprendedor, de la gente que arriesga, como las personas que est\u00e1n hoy aqu\u00ed\u201d. S\u00e1nchez Llibre ha querido destacar el papel principal de Foment para que Catalu\u00f1a celebre el D\u00eda de la Empresa, desde 2022, y ha a\u00f1adido que este ser\u00e1 un d\u00eda se\u00f1alado. Sobre porque se han escogido las empresas que han estado en el auditorio de Foment del Treball, \u201cse tiene que hablar de los temas que preocupan [&hellip;]<\/p>\n","protected":false},"author":10,"featured_media":166276,"comment_status":"closed","ping_status":"closed","sticky":false,"template":"","format":"standard","meta":{"_links_to":"","_links_to_target":""},"categories":[114,68,7534,5714],"tags":[6887,6883,7848,7847,2692],"acf":[],"wps_subtitle":"","_links":{"self":[{"href":"https:\/\/www.foment.com\/es\/wp-json\/wp\/v2\/posts\/166291"}],"collection":[{"href":"https:\/\/www.foment.com\/es\/wp-json\/wp\/v2\/posts"}],"about":[{"href":"https:\/\/www.foment.com\/es\/wp-json\/wp\/v2\/types\/post"}],"author":[{"embeddable":true,"href":"https:\/\/www.foment.com\/es\/wp-json\/wp\/v2\/users\/10"}],"replies":[{"embeddable":true,"href":"https:\/\/www.foment.com\/es\/wp-json\/wp\/v2\/comments?post=166291"}],"version-history":[{"count":3,"href":"https:\/\/www.foment.com\/es\/wp-json\/wp\/v2\/posts\/166291\/revisions"}],"predecessor-version":[{"id":166295,"href":"https:\/\/www.foment.com\/es\/wp-json\/wp\/v2\/posts\/166291\/revisions\/166295"}],"wp:featuredmedia":[{"embeddable":true,"href":"https:\/\/www.foment.com\/es\/wp-json\/wp\/v2\/media\/166276"}],"wp:attachment":[{"href":"https:\/\/www.foment.com\/es\/wp-json\/wp\/v2\/media?parent=166291"}],"wp:term":[{"taxonomy":"category","embeddable":true,"href":"https:\/\/www.foment.com\/es\/wp-json\/wp\/v2\/categories?post=166291"},{"taxonomy":"post_tag","embeddable":true,"href":"https:\/\/www.foment.com\/es\/wp-json\/wp\/v2\/tags?post=166291"}],"curies":[{"name":"wp","href":"https:\/\/api.w.org\/{rel}","templated":true}]}}