{"id":167832,"date":"2023-08-02T13:33:56","date_gmt":"2023-08-02T11:33:56","guid":{"rendered":"https:\/\/www.foment.com\/valoracio-negativa-dades-ocupacio-augment-aturats-descens-contractacio-catalunya\/"},"modified":"2023-08-02T13:58:12","modified_gmt":"2023-08-02T11:58:12","slug":"valoracion-negativa-datos-empleo-aumento-parados-descenso-contractacion-cataluna","status":"publish","type":"post","link":"https:\/\/www.foment.com\/es\/valoracion-negativa-datos-empleo-aumento-parados-descenso-contractacion-cataluna\/","title":{"rendered":"Foment valora negativamente los datos de empleo ante el aumento de parados y el descenso en la contrataci\u00f3n en Catalu\u00f1a"},"content":{"rendered":"<section class=\"wpb-content-wrapper\"><p>[vc_row][vc_column][vc_column_text]<\/p>\n<ul>\n<li><strong>La patronal catalana destaca que se trata de uno de los peores datos en t\u00e9rminos de afiliaci\u00f3n y paro registrados en los \u00faltimos a\u00f1os<\/strong><\/li>\n<li><strong>Alerta del gran n\u00famero de fijos discontinuos que se encuentran en situaci\u00f3n de demandantes de empleo y que no contabilizan a efectos del paro registrado<\/strong><\/li>\n<\/ul>\n<p>El n\u00famero de desempleados en Catalu\u00f1a ha aumentado en el mes de julio en 1.612 personas (0,49%). En t\u00e9rminos interanuales, el paro registrado ha descendido en 10.035 (-2,94%). El n\u00famero de parados se sit\u00faa en 331.356.<\/p>\n<p>Respecto a la contrataci\u00f3n, se han efectuado menos contratos que el mes anterior (5.933 contratos menos), de los cuales 42,83% (104.865 contratos) lo han sido de car\u00e1cter indefinido, y el resto (57,17%, es decir, 139.985 contratos) han sido temporales.<\/p>\n<p>La valoraci\u00f3n de los datos de paro registrado correspondientes al mes de julio no puede ser positiva puesto que se trata de uno de los peores datos en t\u00e9rminos de afiliaci\u00f3n y paro registrado de los \u00faltimos a\u00f1os. La cifra del descenso en el n\u00famero de parados en julio es negativa y ello pese a no tener en consideraci\u00f3n a nivel estad\u00edstico la canalizaci\u00f3n del gran n\u00famero de Fijos Discontinuos que se encuentran en situaci\u00f3n de demandantes de empleo y que no contabilizan a efectos del paro registrado.<\/p>\n<p>Igualmente\u00a0 negativo es el significativo descenso en la contrataci\u00f3n que se ha producido este mes y en t\u00e9rminos interanuales.<\/p>\n<p>Se deber\u00e1 estar atentos a la evoluci\u00f3n de los datos de los pr\u00f3ximos meses para valorar el alcance de una posible desaceleraci\u00f3n en la creaci\u00f3n de empleo.[\/vc_column_text]<div class=\"single_image wpb_content_element align-left    \" data-animation=\"none\" data-delay=\"0\"><img width=\"1339\" height=\"631\" src=\"https:\/\/www.foment.com\/wp-content\/uploads\/2023\/08\/Grafico_1.png\" class=\"attachment-full\" alt=\"\" loading=\"lazy\" title=\"Gr\u00e1fico_1\" srcset=\"https:\/\/www.foment.com\/wp-content\/uploads\/2023\/08\/Grafico_1.png 1339w, https:\/\/www.foment.com\/wp-content\/uploads\/2023\/08\/Grafico_1-300x141.png 300w, https:\/\/www.foment.com\/wp-content\/uploads\/2023\/08\/Grafico_1-1024x483.png 1024w, https:\/\/www.foment.com\/wp-content\/uploads\/2023\/08\/Grafico_1-768x362.png 768w\" sizes=\"(max-width: 1339px) 100vw, 1339px\" \/><\/div>[vc_column_text]Fuente: Elaboraci\u00f3n propia a partir de los datos del Ministerio de Trabajo y Econom\u00eda Social<\/p>\n<p>La cifra del paro registrado en Catalu\u00f1a se sit\u00faa en 331.356 personas desempleadas.<\/p>\n<p>El descenso, <u>en t\u00e9rminos interanuales<\/u>, del paro registrado del -2,94% supone 10.035 personas menos desempleadas en relaci\u00f3n con el mismo mes del a\u00f1o anterior. En este sentido hemos pasado de variaciones interanuales en el mes de julio de 2022 de -16,39% al -2,94% este mes de julio.[\/vc_column_text]<div class=\"single_image wpb_content_element align-left    \" data-animation=\"none\" data-delay=\"0\"><img width=\"1318\" height=\"608\" src=\"https:\/\/www.foment.com\/wp-content\/uploads\/2023\/08\/Grafico_2.png\" class=\"attachment-full\" alt=\"\" loading=\"lazy\" title=\"Gr\u00e1fico_2\" srcset=\"https:\/\/www.foment.com\/wp-content\/uploads\/2023\/08\/Grafico_2.png 1318w, https:\/\/www.foment.com\/wp-content\/uploads\/2023\/08\/Grafico_2-300x138.png 300w, https:\/\/www.foment.com\/wp-content\/uploads\/2023\/08\/Grafico_2-1024x472.png 1024w, https:\/\/www.foment.com\/wp-content\/uploads\/2023\/08\/Grafico_2-768x354.png 768w\" sizes=\"(max-width: 1318px) 100vw, 1318px\" \/><\/div>[vc_column_text]Fuente: Elaboraci\u00f3n propia a partir de los datos del Ministerio de Trabajo y Econom\u00eda Social<\/p>\n<p>Respecto a la <u>variaci\u00f3n mensual<\/u>, en Catalu\u00f1a, en este mes de julio de 2023 el paro ha registrado un incremento de 1.612 personas desempleadas respecto al mes anterior (un 0,49% en t\u00e9rminos relativos).[\/vc_column_text]<div class=\"single_image wpb_content_element align-left    \" data-animation=\"none\" data-delay=\"0\"><img width=\"1294\" height=\"630\" src=\"https:\/\/www.foment.com\/wp-content\/uploads\/2023\/08\/Grafico_3.png\" class=\"attachment-full\" alt=\"\" loading=\"lazy\" title=\"Gr\u00e1fico_3\" srcset=\"https:\/\/www.foment.com\/wp-content\/uploads\/2023\/08\/Grafico_3.png 1294w, https:\/\/www.foment.com\/wp-content\/uploads\/2023\/08\/Grafico_3-300x146.png 300w, https:\/\/www.foment.com\/wp-content\/uploads\/2023\/08\/Grafico_3-1024x499.png 1024w, https:\/\/www.foment.com\/wp-content\/uploads\/2023\/08\/Grafico_3-768x374.png 768w\" sizes=\"(max-width: 1294px) 100vw, 1294px\" \/><\/div>[vc_column_text]Fuente: Elaboraci\u00f3n propia a partir de los datos del Ministerio de Trabajo y Econom\u00eda Social<\/p>\n<p>Por sectores, el paro aumenta en todos los sectores, excepto en agricultura y personas sin empleo anterior, concentr\u00e1ndose el mayor incremento del paro registrado en el sector servicios. En este sentido, en el sector de la agricultura el paro registrado se reduce en 59 personas y en 202 en personas sin empleo anterior, sin embargo, se incrementa en 159 personas en la industria, en 246 personas en la construcci\u00f3n y en 1.468 personas en el sector servicios.<\/p>\n<p>Por provincias, el paro registrado mensualmente se incrementa en Barcelona y Girona, y disminuye en Lleida y Tarragona. \u00a0En este sentido, en Barcelona ha aumentado en 1.684 y en Girona en 78 personas. En cambio, en Lleida el paro registrado este mes se ha reducido en 31 personas y en Tarragona en 119 personas. En t\u00e9rminos interanuales, el paro disminuye en un 1,67% en Barcelona, en un 6,17% en Girona, en un 9,06% en Lleida y en un 5,66% en Tarragona.<\/p>\n<p>El paro registrado en cada provincia se sit\u00faa este mes de julio en 247.597 en Barcelona, 29.098 en Girona, 16.317 en Lleida y 38.344 en Tarragona.<\/p>\n<p><u>Contrataci\u00f3n<\/u>. Respecto al n\u00famero de contratos registrados este mes se sit\u00faan en 244.850 contratos, de los cuales 42,83% (104.865 contratos) lo han sido de car\u00e1cter indefinido, y el resto (57,17%, es decir, 139.985 contratos) han sido temporales. El n\u00famero de contratos registrados en Catalu\u00f1a se reduce en un 2,37% respecto al mes anterior (5.933 contratos menos) y se reduce en un 13,32% respecto al mes de julio de 2022 (37.639 contratos menos).<\/p>\n<p><u>A <\/u><u>nivel estatal<\/u> el paro registrado se ha reducido en 10.968 personas en relaci\u00f3n al mes anterior (-0,41%). La cifra de paro a nivel estatal se sit\u00faa en el mes de julio de 2023 en 2.677.874 personas (-7,14% en t\u00e9rminos anuales).<\/p>\n<p><u>Afiliaci\u00f3n.<\/u> En Catalu\u00f1a, el n\u00famero de afiliados a la Seguridad Social se ha situado en el mes de julio de 2023 en 3.753.713 ocupados, lo que supone 10.931 ocupados m\u00e1s respecto el mes de junio (0,29%) y 103.185 ocupados m\u00e1s respecto al mismo mes del a\u00f1o anterior (2,83%).[\/vc_column_text]<div class=\"single_image wpb_content_element align-left    \" data-animation=\"none\" data-delay=\"0\"><img width=\"1363\" height=\"637\" src=\"https:\/\/www.foment.com\/wp-content\/uploads\/2023\/08\/Grafico_4.png\" class=\"attachment-full\" alt=\"\" loading=\"lazy\" title=\"Gr\u00e1fico_4\" srcset=\"https:\/\/www.foment.com\/wp-content\/uploads\/2023\/08\/Grafico_4.png 1363w, https:\/\/www.foment.com\/wp-content\/uploads\/2023\/08\/Grafico_4-300x140.png 300w, https:\/\/www.foment.com\/wp-content\/uploads\/2023\/08\/Grafico_4-1024x479.png 1024w, https:\/\/www.foment.com\/wp-content\/uploads\/2023\/08\/Grafico_4-768x359.png 768w\" sizes=\"(max-width: 1363px) 100vw, 1363px\" \/><\/div>[vc_column_text]Fuente: Elaboraci\u00f3n propia a partir de los datos del Ministerio de Trabajo y Econom\u00eda Social<\/p>\n<p><u>En \u00e1mbito estatal<\/u> el n\u00famero de afiliados a la Seguridad Social se ha situado en el mes de julio en 20.891.885, lo que supone un incremento de 21.945 ocupados (0,11%) respecto el mes de junio y de 550.920 ocupados m\u00e1s respecto al mismo mes del a\u00f1o anterior (2,71%).[\/vc_column_text][\/vc_column][\/vc_row]<\/p>\n<\/section>","protected":false},"excerpt":{"rendered":"<p>[vc_row][vc_column][vc_column_text] La patronal catalana destaca que se trata de uno de los peores datos en t\u00e9rminos de afiliaci\u00f3n y paro registrados en los \u00faltimos a\u00f1os Alerta del gran n\u00famero de fijos discontinuos que se encuentran en situaci\u00f3n de demandantes de empleo y que no contabilizan a efectos del paro registrado El n\u00famero de desempleados en Catalu\u00f1a ha aumentado en el mes de julio en 1.612 personas (0,49%). En t\u00e9rminos interanuales, el paro registrado ha descendido en 10.035 (-2,94%). El n\u00famero de parados se sit\u00faa en 331.356. Respecto a la contrataci\u00f3n, se han efectuado menos contratos que el mes anterior (5.933 contratos menos), de los cuales 42,83% (104.865 contratos) lo han sido de car\u00e1cter indefinido, y el resto (57,17%, es decir, 139.985 contratos) han sido temporales. La valoraci\u00f3n de los datos de paro registrado correspondientes al mes de julio no puede ser positiva puesto que se trata de uno de los peores datos en t\u00e9rminos de afiliaci\u00f3n y paro registrado de los \u00faltimos a\u00f1os. La cifra del descenso en el n\u00famero de parados en julio es negativa y ello pese a no tener en consideraci\u00f3n a nivel estad\u00edstico la canalizaci\u00f3n del gran n\u00famero de Fijos Discontinuos que se encuentran en situaci\u00f3n [&hellip;]<\/p>\n","protected":false},"author":10,"featured_media":167830,"comment_status":"closed","ping_status":"closed","sticky":false,"template":"","format":"standard","meta":{"_links_to":"","_links_to_target":""},"categories":[114,5714,73],"tags":[303,304,306,299,619,228],"acf":[],"wps_subtitle":"","_links":{"self":[{"href":"https:\/\/www.foment.com\/es\/wp-json\/wp\/v2\/posts\/167832"}],"collection":[{"href":"https:\/\/www.foment.com\/es\/wp-json\/wp\/v2\/posts"}],"about":[{"href":"https:\/\/www.foment.com\/es\/wp-json\/wp\/v2\/types\/post"}],"author":[{"embeddable":true,"href":"https:\/\/www.foment.com\/es\/wp-json\/wp\/v2\/users\/10"}],"replies":[{"embeddable":true,"href":"https:\/\/www.foment.com\/es\/wp-json\/wp\/v2\/comments?post=167832"}],"version-history":[{"count":4,"href":"https:\/\/www.foment.com\/es\/wp-json\/wp\/v2\/posts\/167832\/revisions"}],"predecessor-version":[{"id":167849,"href":"https:\/\/www.foment.com\/es\/wp-json\/wp\/v2\/posts\/167832\/revisions\/167849"}],"wp:featuredmedia":[{"embeddable":true,"href":"https:\/\/www.foment.com\/es\/wp-json\/wp\/v2\/media\/167830"}],"wp:attachment":[{"href":"https:\/\/www.foment.com\/es\/wp-json\/wp\/v2\/media?parent=167832"}],"wp:term":[{"taxonomy":"category","embeddable":true,"href":"https:\/\/www.foment.com\/es\/wp-json\/wp\/v2\/categories?post=167832"},{"taxonomy":"post_tag","embeddable":true,"href":"https:\/\/www.foment.com\/es\/wp-json\/wp\/v2\/tags?post=167832"}],"curies":[{"name":"wp","href":"https:\/\/api.w.org\/{rel}","templated":true}]}}