{"id":168686,"date":"2023-09-07T14:19:54","date_gmt":"2023-09-07T12:19:54","guid":{"rendered":"https:\/\/www.foment.com\/?p=168686"},"modified":"2023-09-07T14:42:12","modified_gmt":"2023-09-07T12:42:12","slug":"primera-sentencia-contra-los-ejes-verdes-del-ayuntamiento-de-barcelona","status":"publish","type":"post","link":"https:\/\/www.foment.com\/es\/primera-sentencia-contra-los-ejes-verdes-del-ayuntamiento-de-barcelona\/","title":{"rendered":"Primera sentencia contra los Ejes Verdes del Ayuntamiento de Barcelona"},"content":{"rendered":"<ul>\n<li><strong>Barcelona Oberta i Foment del Treball reclaman que se paralice los proyectos de las \u00abSuperilles\u00bb<\/strong><\/li>\n<li><strong>El proyecto de reurbanizaci\u00f3n de la calle Consell de Cent impulsado por el anterior gobierno municipal no cumpli\u00f3 los mecanismos legales necesarios<\/strong><\/li>\n<\/ul>\n<p>El <a href=\"https:\/\/www.foment.com\/wp-content\/uploads\/2023\/09\/Sentencia-Jutjat-Contencios-Administratiu-num-05-Barcelona.pdf\">Juzgado Contenci\u00f3n Administrativo n\u00famero 5 de Barcelona<\/a> ha emitido una sentencia que <strong>da la raz\u00f3n a la asociaci\u00f3n Barcelona Oberta en sus alegaciones contra la reurbanizaci\u00f3n de los Ejes Verdes del Eixample de Barcelona<\/strong>, en el entorno de la calle Consell de Cent de la capital catalana. <strong>Barcelona Oberta<\/strong> -que agrupa uni\u00f3n de ejes comerciales y tur\u00edsticos de Barcelona- y <strong>Foment del Treball<\/strong> subrayan que e<strong>l Ayuntamiento de Barcelona ha actuado mal, y que desde la sociedad civil se pidi\u00f3 prudencia con estas actuaciones<\/strong>. La sentencia indica que la planificaci\u00f3n de las \u00abSuperilles\u00bb de Barcelona <strong>se efect\u00faa con total independencia del planeamiento urban\u00edstico y no se respeta el Plan General Metropolitano<\/strong>.<\/p>\n<p>Barcelona Oberta y Foment del Treball reclamaron al anterior gobierno municipal <strong>que actuara con di\u00e1logo y se reclamaron medidas cautelares que no se entendieron<\/strong>. Entendemos que en este episodio de gesti\u00f3n p\u00fablica <strong>ha pesado m\u00e1s la ideolog\u00eda que la legalidad<\/strong>, y lamentamos que la forma de hacer <strong>haya sido fruto del autoritarismo y no del entendimiento o la voluntad de sumar<\/strong>.<\/p>\n<p>La sentencia subraya que el proyecto de reurbanizaci\u00f3n de la calle Consell de Cent <strong>no cumpli\u00f3 los mecanismos legales necesarios ni sigui\u00f3 los mecanismos adecuados<\/strong>. Los elementos de la sentencia constatan que <strong>la acci\u00f3n pol\u00edtica eventual no puede retorcer al Estado de Derecho<\/strong>.<\/p>\n<p>Entendemos que esta sentencia y las motivaciones pueden tener elementos comunes de consideraci\u00f3n a otras reurbanizaciones que se est\u00e1n llevando a cabo en la ciudad como el caso de la reforma de Via Laietana, con efectos conocidos en la movilidad.<\/p>\n","protected":false},"excerpt":{"rendered":"<p>Barcelona Oberta i Foment del Treball reclaman que se paralice los proyectos de las \u00abSuperilles\u00bb El proyecto de reurbanizaci\u00f3n de la calle Consell de Cent impulsado por el anterior gobierno municipal no cumpli\u00f3 los mecanismos legales necesarios El Juzgado Contenci\u00f3n Administrativo n\u00famero 5 de Barcelona ha emitido una sentencia que da la raz\u00f3n a la asociaci\u00f3n Barcelona Oberta en sus alegaciones contra la reurbanizaci\u00f3n de los Ejes Verdes del Eixample de Barcelona, en el entorno de la calle Consell de Cent de la capital catalana. Barcelona Oberta -que agrupa uni\u00f3n de ejes comerciales y tur\u00edsticos de Barcelona- y Foment del Treball subrayan que el Ayuntamiento de Barcelona ha actuado mal, y que desde la sociedad civil se pidi\u00f3 prudencia con estas actuaciones. La sentencia indica que la planificaci\u00f3n de las \u00abSuperilles\u00bb de Barcelona se efect\u00faa con total independencia del planeamiento urban\u00edstico y no se respeta el Plan General Metropolitano. Barcelona Oberta y Foment del Treball reclamaron al anterior gobierno municipal que actuara con di\u00e1logo y se reclamaron medidas cautelares que no se entendieron. Entendemos que en este episodio de gesti\u00f3n p\u00fablica ha pesado m\u00e1s la ideolog\u00eda que la legalidad, y lamentamos que la forma de hacer haya sido fruto del [&hellip;]<\/p>\n","protected":false},"author":281,"featured_media":168685,"comment_status":"closed","ping_status":"closed","sticky":false,"template":"","format":"standard","meta":{"_links_to":"","_links_to_target":""},"categories":[114,1659,5714],"tags":[2045],"acf":[],"wps_subtitle":"","_links":{"self":[{"href":"https:\/\/www.foment.com\/es\/wp-json\/wp\/v2\/posts\/168686"}],"collection":[{"href":"https:\/\/www.foment.com\/es\/wp-json\/wp\/v2\/posts"}],"about":[{"href":"https:\/\/www.foment.com\/es\/wp-json\/wp\/v2\/types\/post"}],"author":[{"embeddable":true,"href":"https:\/\/www.foment.com\/es\/wp-json\/wp\/v2\/users\/281"}],"replies":[{"embeddable":true,"href":"https:\/\/www.foment.com\/es\/wp-json\/wp\/v2\/comments?post=168686"}],"version-history":[{"count":5,"href":"https:\/\/www.foment.com\/es\/wp-json\/wp\/v2\/posts\/168686\/revisions"}],"predecessor-version":[{"id":168697,"href":"https:\/\/www.foment.com\/es\/wp-json\/wp\/v2\/posts\/168686\/revisions\/168697"}],"wp:featuredmedia":[{"embeddable":true,"href":"https:\/\/www.foment.com\/es\/wp-json\/wp\/v2\/media\/168685"}],"wp:attachment":[{"href":"https:\/\/www.foment.com\/es\/wp-json\/wp\/v2\/media?parent=168686"}],"wp:term":[{"taxonomy":"category","embeddable":true,"href":"https:\/\/www.foment.com\/es\/wp-json\/wp\/v2\/categories?post=168686"},{"taxonomy":"post_tag","embeddable":true,"href":"https:\/\/www.foment.com\/es\/wp-json\/wp\/v2\/tags?post=168686"}],"curies":[{"name":"wp","href":"https:\/\/api.w.org\/{rel}","templated":true}]}}