{"id":168779,"date":"2023-09-08T14:44:11","date_gmt":"2023-09-08T12:44:11","guid":{"rendered":"https:\/\/www.foment.com\/foment-barcelona-oberta-demanen-ajuntament-nova-etapa-dialeg-transformacions-urbanistiques-barcelona\/"},"modified":"2023-09-12T12:38:52","modified_gmt":"2023-09-12T10:38:52","slug":"foment-barcelona-oberta-piden-ayuntamiento-nueva-etapa-dialogo-transformaciones-urbanisticas-barcelona","status":"publish","type":"post","link":"https:\/\/www.foment.com\/es\/foment-barcelona-oberta-piden-ayuntamiento-nueva-etapa-dialogo-transformaciones-urbanisticas-barcelona\/","title":{"rendered":"Foment del Treball y Barcelona Oberta piden al Ayuntamiento una nueva etapa de di\u00e1logo en las transformaciones urban\u00edsticas de Barcelona"},"content":{"rendered":"<section class=\"wpb-content-wrapper\"><p>[vc_row][vc_column width=\u00bb1\/1&#8243;][vc_column_text]<\/p>\n<ul>\n<li>Reclaman consenso y explorar todas las alternativas posibles al nuevo equipo de gobierno municipal<\/li>\n<li>La sentencia que paraliza el Eje Verd de Consell de Cent es una oportunidad para aligerar la situaci\u00f3n del tr\u00e1fico en Via Laietana<\/li>\n<\/ul>\n<p>Foment del Treball y la asociaci\u00f3n Barcelona Oberta, que representa a 21 ejes comerciales de la capital catalana, han comparecido en rueda de prensa para valorar la sentencia que emiti\u00f3 ayer la magistrada del juzgado de lo contencioso-administrativo n\u00famero 5 de Barcelona. En esta sentencia se estim\u00f3 el recurso interpuesto por la entidad contra la pacificaci\u00f3n de la calle Consell de Cent y se orden\u00f3 volver al estado anterior a las obras, fruto de una \u201cacci\u00f3n conjunta entre Foment y Barcelona Oberta\u201d, como ha dicho el secretario general de Foment, David Tornos. La intenci\u00f3n de Barcelona Oberta y de Foment es la poder abrir una nueva etapa de di\u00e1logo con el actual gobierno municipal, una condici\u00f3n que consideran que no se dio en la etapa de la alcaldesa Ada Colau y que ha llevado a la judicializaci\u00f3n de este y otros proyectos municipales. Seg\u00fan el presidente de Barcelona Abierta, Gabriel Jen\u00e9, el objetivo es poder trasladar las demandas al Ayuntamiento para que los ejes verdes no supongan \u201cun problema\u201d.<\/p>\n<p>En este sentido, el secretario general de Foment, ha celebrado las palabras de la primera teniente de alcalde del Ayuntamiento de Barcelona, Laia Bonet, este viernes en que ha defendido hacer un urbanismo transformador \u00abdesde el di\u00e1logo y el consenso\u00bb. Para Tornos, hay que buscar mecanismos para \u00abaligerar la situaci\u00f3n del tr\u00e1fico\u00bb actual y evitar que el colapso se haga permanente.<\/p>\n<p>Gabriel Jen\u00e9, acompa\u00f1ado del abogado Jos\u00e9 Soria, ha insistido en la carencia de di\u00e1logo como causa de la demanda de comerciantes y vecinos que no se sent\u00edan escuchados ni representados. El presidente de Barcelona Abierta ha subrayado que no se quiere la reversi\u00f3n de las obras realizadas, pero s\u00ed se reclama hacer las modificaciones que sean pertinentes para asegurar que el comercio del centro de la ciudad pueda recibir los \u00abvisitantes\u00bb del \u00e1rea metropolitana. Y lo que se pide ahora es \u201cuna mesa de di\u00e1logo\u201d con el alcalde Jaume Collboni para analizar todos los caminos posibles. \u201cNo lo tienen que arreglar unas paletas esto, se tiene que tener di\u00e1logo entre todos\u201d, ha insistido Jen\u00e9.<\/p>\n<p>Adem\u00e1s el magistrado tambi\u00e9n ha dado la raz\u00f3n a Barcelona Oberta en el sentido de que no consta ning\u00fan informe o memoria sobre posibles alternativas de movilidad ni otros estudios econ\u00f3micos, sociales o ambientales realizados. Tambi\u00e9n ha sentenciado que las obras no se pod\u00edan adjudicar de forma fragmentada sin un informe que lo fundamentara, puesto que el Ayuntamiento dividi\u00f3 el proyecto en cuatro expedientes, que se subdividieron en varios tramos hasta dar lugar a 20 proyectos ejecutivos de obras. En este sentido, la ley impide de forma gen\u00e9rica fragmentar las obras excepto cuando haya un informe independiente previo que lo justifique. Habr\u00e1 que ver si este planteamiento es v\u00e1lido en otros contenciosos abiertos sobre otros proyectos.[\/vc_column_text]<div class=\"flexslider wpb_content_element\"><ul class=\"slides\"><li><img src=\"https:\/\/www.foment.com\/wp-content\/uploads\/2023\/09\/DSC_1011-scaled.jpg\" alt=\"\" \/><\/li><li><img src=\"https:\/\/www.foment.com\/wp-content\/uploads\/2023\/09\/DSC_0976-scaled.jpg\" alt=\"\" \/><\/li><li><img src=\"https:\/\/www.foment.com\/wp-content\/uploads\/2023\/09\/DSC_0957-scaled.jpg\" alt=\"\" \/><\/li><li><img src=\"https:\/\/www.foment.com\/wp-content\/uploads\/2023\/09\/DSC_1000-scaled.jpg\" alt=\"\" \/><\/li><li><img src=\"https:\/\/www.foment.com\/wp-content\/uploads\/2023\/09\/DSC_0986-scaled.jpg\" alt=\"\" \/><\/li><li><img src=\"https:\/\/www.foment.com\/wp-content\/uploads\/2023\/09\/DSC_1023-1-scaled.jpg\" alt=\"\" \/><\/li><\/ul><\/div>[\/vc_column][\/vc_row]<\/p>\n<\/section>","protected":false},"excerpt":{"rendered":"<p>[vc_row][vc_column width=\u00bb1\/1&#8243;][vc_column_text] Reclaman consenso y explorar todas las alternativas posibles al nuevo equipo de gobierno municipal La sentencia que paraliza el Eje Verd de Consell de Cent es una oportunidad para aligerar la situaci\u00f3n del tr\u00e1fico en Via Laietana Foment del Treball y la asociaci\u00f3n Barcelona Oberta, que representa a 21 ejes comerciales de la capital catalana, han comparecido en rueda de prensa para valorar la sentencia que emiti\u00f3 ayer la magistrada del juzgado de lo contencioso-administrativo n\u00famero 5 de Barcelona. En esta sentencia se estim\u00f3 el recurso interpuesto por la entidad contra la pacificaci\u00f3n de la calle Consell de Cent y se orden\u00f3 volver al estado anterior a las obras, fruto de una \u201cacci\u00f3n conjunta entre Foment y Barcelona Oberta\u201d, como ha dicho el secretario general de Foment, David Tornos. La intenci\u00f3n de Barcelona Oberta y de Foment es la poder abrir una nueva etapa de di\u00e1logo con el actual gobierno municipal, una condici\u00f3n que consideran que no se dio en la etapa de la alcaldesa Ada Colau y que ha llevado a la judicializaci\u00f3n de este y otros proyectos municipales. Seg\u00fan el presidente de Barcelona Abierta, Gabriel Jen\u00e9, el objetivo es poder trasladar las demandas al Ayuntamiento para [&hellip;]<\/p>\n","protected":false},"author":10,"featured_media":168752,"comment_status":"closed","ping_status":"closed","sticky":false,"template":"","format":"standard","meta":{"_links_to":"","_links_to_target":""},"categories":[1649,114,5714,1663],"tags":[2431,3925,7949,7950,7954,6353,6102,7951,7953,7952],"acf":[],"wps_subtitle":"","_links":{"self":[{"href":"https:\/\/www.foment.com\/es\/wp-json\/wp\/v2\/posts\/168779"}],"collection":[{"href":"https:\/\/www.foment.com\/es\/wp-json\/wp\/v2\/posts"}],"about":[{"href":"https:\/\/www.foment.com\/es\/wp-json\/wp\/v2\/types\/post"}],"author":[{"embeddable":true,"href":"https:\/\/www.foment.com\/es\/wp-json\/wp\/v2\/users\/10"}],"replies":[{"embeddable":true,"href":"https:\/\/www.foment.com\/es\/wp-json\/wp\/v2\/comments?post=168779"}],"version-history":[{"count":4,"href":"https:\/\/www.foment.com\/es\/wp-json\/wp\/v2\/posts\/168779\/revisions"}],"predecessor-version":[{"id":168831,"href":"https:\/\/www.foment.com\/es\/wp-json\/wp\/v2\/posts\/168779\/revisions\/168831"}],"wp:featuredmedia":[{"embeddable":true,"href":"https:\/\/www.foment.com\/es\/wp-json\/wp\/v2\/media\/168752"}],"wp:attachment":[{"href":"https:\/\/www.foment.com\/es\/wp-json\/wp\/v2\/media?parent=168779"}],"wp:term":[{"taxonomy":"category","embeddable":true,"href":"https:\/\/www.foment.com\/es\/wp-json\/wp\/v2\/categories?post=168779"},{"taxonomy":"post_tag","embeddable":true,"href":"https:\/\/www.foment.com\/es\/wp-json\/wp\/v2\/tags?post=168779"}],"curies":[{"name":"wp","href":"https:\/\/api.w.org\/{rel}","templated":true}]}}