{"id":16883,"date":"2013-12-12T09:00:49","date_gmt":"2013-12-12T08:00:49","guid":{"rendered":"http:\/\/foment.itartech.com\/?p=16883"},"modified":"2017-03-07T16:13:55","modified_gmt":"2017-03-07T15:13:55","slug":"gay-montella-merece-la-pena-intentar-negociar-nuevo-sistema-financiacion-cataluna","status":"publish","type":"post","link":"https:\/\/www.foment.com\/es\/gay-montella-merece-la-pena-intentar-negociar-nuevo-sistema-financiacion-cataluna\/","title":{"rendered":"Gay de Montell\u00e0: \u201cMerece la pena intentar negociar un nuevo sistema de financiaci\u00f3n para Catalu\u00f1a\u201d"},"content":{"rendered":"<section class=\"wpb-content-wrapper\"><p>[vc_row][vc_column width=\u00bb1\/1&#8243;][vc_column_text]El presidente de Foment del Treball, Joaquim Gay de Montell\u00e0, ha reiterado hoy en Madrid su defensa de un nuevo modelo de financiaci\u00f3n para Catalu\u00f1a basado en los trabajos del Parlament de Catalu\u00f1a bajo el nombre de &#8216;Pacto Fiscal&#8217;. Gay de Montell\u00e0 ha sido invitado por el Club Siglo XXI para hablar sobre la situaci\u00f3n socioecon\u00f3mica de Catalu\u00f1a y de Espa\u00f1a y las posibilidades de recuperaci\u00f3n econ\u00f3mica en un contexto de cambios y reformas. Gay de Montell\u00e0 ha defendido, de nuevo, el Pacto Fiscal para <strong>\u00abresolver una distorsi\u00f3n sobre la manera actual de entender la solidaridad interregional, en la que Catalu\u00f1a ha contribuido leal y responsable durante m\u00e1s de 30 a\u00f1os\u00bb<\/strong>. El presidente de Foment ha subrayado que todav\u00eda <strong>\u00abvale la pena intentar negociar un nuevo sistema de financiaci\u00f3n para Catalu\u00f1a\u00bb<\/strong>.[\/vc_column_text][\/vc_column][\/vc_row][vc_row][vc_column width=\u00bb1\/1&#8243;]<div class=\"spacer\" style=\"height: 10px;\"><\/div>[vc_column_text]<\/p>\n<div><a class=\"ms-rteFontSize-2\" href=\"\/wp-content\/uploads\/2016\/08\/Foment_del_Treball_2013.12.12_Club_SigloXXI.pdf\" target=\"_blank\"><strong>Consulta la ponencia \u00edntegra de Joaquim Gay de Montell\u00e0 en el\u00a0Club Siglo XXI<\/strong><\/a><\/div>\n<p>&nbsp;<\/p>\n<div>En el marco de un almuerzo-coloquio, Joaquim Gay de Montell\u00e0 ha valorado la mejora de los indicadores econ\u00f3micos que, una vez abandonada la recesi\u00f3n t\u00e9cnica, permiten aventurar que<strong>\u00abestamos ante un cambio de fase del ciclo econ\u00f3mico\u00bb<\/strong>. En este sentido, Gay de Montell\u00e0 ha repasado brevemente las reformas pol\u00edticas y administrativas que Foment entiende que se necesitan.<\/div>\n<p>&nbsp;<\/p>\n<div>Por otra parte, Gay de Montell\u00e0 ha aprovechado para hacer un repaso r\u00e1pido de la historia de Foment y del compromiso de la instituci\u00f3n con el progreso econ\u00f3mico y social de Catalu\u00f1a y de Espa\u00f1a a lo largo de sus cerca de 250 a\u00f1os de existencia. En este sentido, Gay de Montell\u00e0 ha considerado que<strong> \u00abdesde Catalu\u00f1a ha prevalecido siempre la actitud y la voluntad de avanzar en un proyecto com\u00fan en Espa\u00f1a\u00bb<\/strong>. A tenor de este relato, Gay de Montell\u00e0 ha remachado que<strong>\u00abtodos compartimos el mismo prop\u00f3sito: evitar frustraciones que perjudicar\u00e1n a Catalu\u00f1a y a Espa\u00f1a\u00bb<\/strong>.<\/div>\n<p>[\/vc_column_text][\/vc_column][\/vc_row][vc_row][vc_column width=\u00bb1\/1&#8243;]<div class=\"spacer\" style=\"height: 20px;\"><\/div><a href=\"\/wp-content\/uploads\/2016\/08\/Foment_del_Treball_2013.12.12_GaydeMontella_sigloXXI_CAST.pdf\" target=\"_blank\" class=\"button color-2 small \" style=\"border-radius: 2px;\">Descarga la noticia en PDF<\/a>[\/vc_column][\/vc_row]<\/p>\n<\/section>","protected":false},"excerpt":{"rendered":"<p>[vc_row][vc_column width=\u00bb1\/1&#8243;][vc_column_text]El presidente de Foment del Treball, Joaquim Gay de Montell\u00e0, ha reiterado hoy en Madrid su defensa de un nuevo modelo de financiaci\u00f3n para Catalu\u00f1a basado en los trabajos del Parlament de Catalu\u00f1a bajo el nombre de &#8216;Pacto Fiscal&#8217;. Gay de Montell\u00e0 ha sido invitado por el Club Siglo XXI para hablar sobre la situaci\u00f3n socioecon\u00f3mica de Catalu\u00f1a y de Espa\u00f1a y las posibilidades de recuperaci\u00f3n econ\u00f3mica en un contexto de cambios y reformas. Gay de Montell\u00e0 ha defendido, de nuevo, el Pacto Fiscal para \u00abresolver una distorsi\u00f3n sobre la manera actual de entender la solidaridad interregional, en la que Catalu\u00f1a ha contribuido leal y responsable durante m\u00e1s de 30 a\u00f1os\u00bb. El presidente de Foment ha subrayado que todav\u00eda \u00abvale la pena intentar negociar un nuevo sistema de financiaci\u00f3n para Catalu\u00f1a\u00bb.[\/vc_column_text][\/vc_column][\/vc_row][vc_row][vc_column width=\u00bb1\/1&#8243;][vc_column_text] Consulta la ponencia \u00edntegra de Joaquim Gay de Montell\u00e0 en el\u00a0Club Siglo XXI &nbsp; En el marco de un almuerzo-coloquio, Joaquim Gay de Montell\u00e0 ha valorado la mejora de los indicadores econ\u00f3micos que, una vez abandonada la recesi\u00f3n t\u00e9cnica, permiten aventurar que\u00abestamos ante un cambio de fase del ciclo econ\u00f3mico\u00bb. En este sentido, Gay de Montell\u00e0 ha repasado brevemente las reformas pol\u00edticas y administrativas que Foment entiende [&hellip;]<\/p>\n","protected":false},"author":24,"featured_media":18265,"comment_status":"closed","ping_status":"closed","sticky":false,"template":"","format":"standard","meta":{"_links_to":"","_links_to_target":""},"categories":[69],"tags":[388],"acf":[],"wps_subtitle":"Ponencia del presidente de Foment al Club Siglo XXI a Madrid","_links":{"self":[{"href":"https:\/\/www.foment.com\/es\/wp-json\/wp\/v2\/posts\/16883"}],"collection":[{"href":"https:\/\/www.foment.com\/es\/wp-json\/wp\/v2\/posts"}],"about":[{"href":"https:\/\/www.foment.com\/es\/wp-json\/wp\/v2\/types\/post"}],"author":[{"embeddable":true,"href":"https:\/\/www.foment.com\/es\/wp-json\/wp\/v2\/users\/24"}],"replies":[{"embeddable":true,"href":"https:\/\/www.foment.com\/es\/wp-json\/wp\/v2\/comments?post=16883"}],"version-history":[{"count":0,"href":"https:\/\/www.foment.com\/es\/wp-json\/wp\/v2\/posts\/16883\/revisions"}],"wp:featuredmedia":[{"embeddable":true,"href":"https:\/\/www.foment.com\/es\/wp-json\/wp\/v2\/media\/18265"}],"wp:attachment":[{"href":"https:\/\/www.foment.com\/es\/wp-json\/wp\/v2\/media?parent=16883"}],"wp:term":[{"taxonomy":"category","embeddable":true,"href":"https:\/\/www.foment.com\/es\/wp-json\/wp\/v2\/categories?post=16883"},{"taxonomy":"post_tag","embeddable":true,"href":"https:\/\/www.foment.com\/es\/wp-json\/wp\/v2\/tags?post=16883"}],"curies":[{"name":"wp","href":"https:\/\/api.w.org\/{rel}","templated":true}]}}