{"id":169217,"date":"2023-09-21T12:19:43","date_gmt":"2023-09-21T10:19:43","guid":{"rendered":"https:\/\/www.foment.com\/?p=169217"},"modified":"2023-09-21T12:19:43","modified_gmt":"2023-09-21T10:19:43","slug":"jornada-de-prl-gestion-del-retorno-al-trabajo-tras-una-incapacidad-temporal-de-larga-duracion-causada-por-un-trastorno-musculoesqueletico","status":"publish","type":"post","link":"https:\/\/www.foment.com\/es\/jornada-de-prl-gestion-del-retorno-al-trabajo-tras-una-incapacidad-temporal-de-larga-duracion-causada-por-un-trastorno-musculoesqueletico\/","title":{"rendered":"Jornada de PRL. Gesti\u00f3n del retorno al trabajo tras una incapacidad temporal de larga duraci\u00f3n causada por un trastorno musculoesquel\u00e9tico"},"content":{"rendered":"<section class=\"wpb-content-wrapper\"><p>[vc_row][vc_column][vc_single_image image=\u00bb153796&#8243; img_size=\u00bbfull\u00bb alignment=\u00bbcenter\u00bb][vc_column_text]<\/p>\n<p style=\"text-align: justify;\">Los trastornos musculoesquel\u00e9ticos (TME) relacionados con el trabajo son el problema de salud m\u00e1s com\u00fan en Espa\u00f1a y en Europa, afectando a 3 de cada 5 trabajadores. Adem\u00e1s, los TME son la primera causa de incapacidad temporal de larga duraci\u00f3n, siendo un problema de gran magnitud tanto para las empresas como para los trabajadores afectados.<\/p>\n<p style=\"text-align: justify;\">Una gesti\u00f3n eficiente del retorno al trabajo tras una ausencia prolongada por motivos de salud es clave para: garantizar una reincorporaci\u00f3n saludable y segura; evitar reca\u00eddas y contribuir en el proceso de rehabilitaci\u00f3n; mejorar la eficacia del trabajador que ha sufrido un TME; disminuir la tasa de absentismo.<\/p>\n<p style=\"text-align: justify;\">Esta jornada tiene por objetivo sensibilizar de la importancia de gestionar adecuadamente el retorno al trabajo en beneficio de las organizaciones y de los trabajadores. Tambi\u00e9n se dar\u00e1n a conocer las pautas generales para implantar un programa de reincorporaci\u00f3n laboral tras incapacidad temporal por trastornos musculoesquel\u00e9ticos.<\/p>\n<p>[\/vc_column_text][\/vc_column][\/vc_row][vc_row top_padding=\u00bb20&#8243;][vc_column width=\u00bb1\/1&#8243;][vc_column_text]<\/p>\n<h1><span style=\"color: #d2112d;\">V\u00eddeo de la jornada<\/span><\/h1>\n<p>[\/vc_column_text][vc_video link=\u00bbhttps:\/\/youtu.be\/3AjTQYZwlYI\u00bb align=\u00bbcenter\u00bb][\/vc_column][\/vc_row][vc_row top_padding=\u00bb40&#8243;][vc_column width=\u00bb1\/1&#8243;][vc_column_text]<\/p>\n<h1><span style=\"color: #d2112d;\">Documentaci\u00f3n de la jornada<\/span><\/h1>\n<p>[\/vc_column_text][\/vc_column][\/vc_row][vc_row top_padding=\u00bb20&#8243;][vc_column width=\u00bb1\/2&#8243;][vc_column_text]<\/p>\n<h3>Programa<\/h3>\n<p>Programa de la jornada.<br \/>\nGesti\u00f3n del retorno al trabajo tras una incapacidad temporal de larga duraci\u00f3n causada por un trastorno musculoesquel\u00e9tico.[\/vc_column_text]<a href=\"https:\/\/fomentdeltreball.sharepoint.com\/:b:\/g\/EcXqPJumTUBBnGqyvEN2U1YByoLwT9ylOZ46e8-1S5g8mQ?e=4mpbCj\" target=\"_self\" class=\"button color-2 medium \" style=\"border-radius: 2px;\">Descargar<\/a>[\/vc_column][vc_column width=\u00bb1\/2&#8243;][vc_column_text]<\/p>\n<h3>Ponencia<\/h3>\n<p>Sra. Vanessa Puig.<br \/>\nFisioterapeuta y T\u00e9cnica Superior de PRL. Divisi\u00f3n servicios prevenci\u00f3n. MC Mutual[\/vc_column_text]<a href=\"https:\/\/www.foment.com\/wp-content\/uploads\/2023\/09\/Ponencia_retorno-IT_PRL_web.pdf\" target=\"_self\" class=\"button color-2 medium \" style=\"border-radius: 2px;\">Descargar<\/a>[\/vc_column][\/vc_row]<\/p>\n<\/section>","protected":false},"excerpt":{"rendered":"<p>[vc_row][vc_column][vc_single_image image=\u00bb153796&#8243; img_size=\u00bbfull\u00bb alignment=\u00bbcenter\u00bb][vc_column_text] Los trastornos musculoesquel\u00e9ticos (TME) relacionados con el trabajo son el problema de salud m\u00e1s com\u00fan en Espa\u00f1a y en Europa, afectando a 3 de cada 5 trabajadores. Adem\u00e1s, los TME son la primera causa de incapacidad temporal de larga duraci\u00f3n, siendo un problema de gran magnitud tanto para las empresas como para los trabajadores afectados. Una gesti\u00f3n eficiente del retorno al trabajo tras una ausencia prolongada por motivos de salud es clave para: garantizar una reincorporaci\u00f3n saludable y segura; evitar reca\u00eddas y contribuir en el proceso de rehabilitaci\u00f3n; mejorar la eficacia del trabajador que ha sufrido un TME; disminuir la tasa de absentismo. Esta jornada tiene por objetivo sensibilizar de la importancia de gestionar adecuadamente el retorno al trabajo en beneficio de las organizaciones y de los trabajadores. Tambi\u00e9n se dar\u00e1n a conocer las pautas generales para implantar un programa de reincorporaci\u00f3n laboral tras incapacidad temporal por trastornos musculoesquel\u00e9ticos. [\/vc_column_text][\/vc_column][\/vc_row][vc_row top_padding=\u00bb20&#8243;][vc_column width=\u00bb1\/1&#8243;][vc_column_text] V\u00eddeo de la jornada [\/vc_column_text][vc_video link=\u00bbhttps:\/\/youtu.be\/3AjTQYZwlYI\u00bb align=\u00bbcenter\u00bb][\/vc_column][\/vc_row][vc_row top_padding=\u00bb40&#8243;][vc_column width=\u00bb1\/1&#8243;][vc_column_text] Documentaci\u00f3n de la jornada [\/vc_column_text][\/vc_column][\/vc_row][vc_row top_padding=\u00bb20&#8243;][vc_column width=\u00bb1\/2&#8243;][vc_column_text] Programa Programa de la jornada. Gesti\u00f3n del retorno al trabajo tras una incapacidad temporal de larga duraci\u00f3n causada por un trastorno musculoesquel\u00e9tico.[\/vc_column_text][\/vc_column][vc_column width=\u00bb1\/2&#8243;][vc_column_text] Ponencia Sra. Vanessa Puig. Fisioterapeuta [&hellip;]<\/p>\n","protected":false},"author":15,"featured_media":169227,"comment_status":"closed","ping_status":"closed","sticky":false,"template":"","format":"standard","meta":{"_links_to":"","_links_to_target":""},"categories":[6578,216],"tags":[985,417,1497],"acf":[],"wps_subtitle":"<strong>Actividad realizada en el marco del proyecto de incentivo y promoci\u00f3n de la seguridad y salud laboral como estrategia de competitividad de las empresas catalanas<\/strong>","_links":{"self":[{"href":"https:\/\/www.foment.com\/es\/wp-json\/wp\/v2\/posts\/169217"}],"collection":[{"href":"https:\/\/www.foment.com\/es\/wp-json\/wp\/v2\/posts"}],"about":[{"href":"https:\/\/www.foment.com\/es\/wp-json\/wp\/v2\/types\/post"}],"author":[{"embeddable":true,"href":"https:\/\/www.foment.com\/es\/wp-json\/wp\/v2\/users\/15"}],"replies":[{"embeddable":true,"href":"https:\/\/www.foment.com\/es\/wp-json\/wp\/v2\/comments?post=169217"}],"version-history":[{"count":3,"href":"https:\/\/www.foment.com\/es\/wp-json\/wp\/v2\/posts\/169217\/revisions"}],"predecessor-version":[{"id":169241,"href":"https:\/\/www.foment.com\/es\/wp-json\/wp\/v2\/posts\/169217\/revisions\/169241"}],"wp:featuredmedia":[{"embeddable":true,"href":"https:\/\/www.foment.com\/es\/wp-json\/wp\/v2\/media\/169227"}],"wp:attachment":[{"href":"https:\/\/www.foment.com\/es\/wp-json\/wp\/v2\/media?parent=169217"}],"wp:term":[{"taxonomy":"category","embeddable":true,"href":"https:\/\/www.foment.com\/es\/wp-json\/wp\/v2\/categories?post=169217"},{"taxonomy":"post_tag","embeddable":true,"href":"https:\/\/www.foment.com\/es\/wp-json\/wp\/v2\/tags?post=169217"}],"curies":[{"name":"wp","href":"https:\/\/api.w.org\/{rel}","templated":true}]}}